{"id":61063,"date":"2025-11-29T05:36:07","date_gmt":"2025-11-29T05:36:07","guid":{"rendered":"https:\/\/www.europesays.com\/lv\/61063\/"},"modified":"2025-11-29T05:36:07","modified_gmt":"2025-11-29T05:36:07","slug":"likums-par-ilgtspejigu-ekonomiku-pienemts-pec-karstam-debatem-lente-lv-2","status":"publish","type":"post","link":"https:\/\/www.europesays.com\/lv\/61063\/","title":{"rendered":"likums par ilgtsp\u0113j\u012bgu ekonomiku pie\u0146emts p\u0113c karst\u0101m debat\u0113m\u00a0\u2014\u00a0Lente.lv"},"content":{"rendered":"<p>Parlamenta l\u0113mums: Klimata p\u0101rmai\u0146u apkaro\u0161ana vai ekonomisk\u0101 izaugsme?<\/p>\n<p>Saeima, aizvadot spraigas debates, ceturtdien, 27. novembr\u012b, pie\u0146\u0113ma Ekonomisk\u0101s ilgtsp\u0113jas likumu, kas nosaka Latvijas ap\u0146em\u0161anos samazin\u0101t siltumn\u012bcefekta g\u0101zu emisijas. \u0160is l\u0113mums izrais\u012bjis polariz\u0113tas diskusijas sabiedr\u012bb\u0101 un politiskaj\u0101s aprind\u0101s, radot jaut\u0101jumu \u2013 vai valsts ce\u013c\u0161 ir v\u0113rsts uz c\u012b\u0146u ar glob\u0101lo sasil\u0161anu, vai tom\u0113r uz investoru piesaisti un ekonomikas stimul\u0113\u0161anu?<\/p>\n<p>Pretrun\u012bgie viedok\u013ci par emisiju samazin\u0101\u0161anu<\/p>\n<p>Opoz\u012bcijas deput\u0101ti, uzst\u0101joties Saeimas trib\u012bn\u0113, pauda skeptisku nost\u0101ju, nod\u0113v\u0113jot izme\u0161u mazin\u0101\u0161anas m\u0113r\u0137us par praktiski neiesp\u0113jamiem sasniegt. Vi\u0146u argumenti bie\u017ei vien fokus\u0113j\u0101s uz iesp\u0113jamaj\u0101m negat\u012bvaj\u0101m sek\u0101m tautsaimniec\u012bbai, \u012bpa\u0161i ener\u0123\u0113tikas un r\u016bpniec\u012bbas sektoros. Tika izteiktas ba\u017eas, ka stingr\u0101ki vides aizsardz\u012bbas pas\u0101kumi var\u0113tu palielin\u0101t ra\u017eo\u0161anas izmaksas, padarot Latvijas preces maz\u0101k konkur\u0113tsp\u0113j\u012bgas starptautiskaj\u0101 tirg\u016b, k\u0101 ar\u012b samazin\u0101t \u0101rvalstu invest\u012bciju piesaisti.<\/p>\n<p>Savuk\u0101rt koal\u012bcijas deput\u0101ti aizst\u0101v\u0113ja likumu, uzsverot t\u0101 potenci\u0101lu stimul\u0113t ekonomisko izaugsmi un rad\u012bt jaunas, ilgtsp\u0113j\u012bgas darba vietas. Vi\u0146i argument\u0113ja, ka invest\u012bcijas za\u013caj\u0101s tehnolo\u0123ij\u0101s un atjaunojamajos energoresursos ne tikai pal\u012bdz\u0113s c\u012bn\u012bties ar klimata p\u0101rmai\u0146\u0101m, bet ar\u012b moderniz\u0113s tautsaimniec\u012bbu un dos Latvijai priek\u0161roc\u012bbas n\u0101kotn\u0113. Tika min\u0113ts, ka Eiropas Savien\u012bbas atbalsta fondi un citas starptautisk\u0101s iniciat\u012bvas var\u0113tu sniegt finansi\u0101lu atbalstu \u0161o m\u0113r\u0137u sasnieg\u0161anai.<\/p>\n<p>Likuma b\u016bt\u012bba un m\u0113r\u0137i<\/p>\n<p>Ekonomisk\u0101s ilgtsp\u0113jas likums paredz konkr\u0113tus so\u013cus siltumn\u012bcefekta g\u0101zu emisiju samazin\u0101\u0161anai, tai skait\u0101 nosakot jaunus standartus energoefektivit\u0101tei, atbalstu atjaunojamo energoresursu izmanto\u0161anai un veicinot p\u0101reju uz za\u013c\u0101ku transportu. Likuma m\u0113r\u0137is ir ne tikai pild\u012bt starptautisk\u0101s saist\u012bbas, bet ar\u012b veicin\u0101t sabiedr\u012bbas inform\u0113t\u012bbu par klimata p\u0101rmai\u0146u probl\u0113m\u0101m un ilgtsp\u0113j\u012bga dz\u012bvesveida noz\u012bmi.<\/p>\n<p>\u0160is likumdo\u0161anas akts tiek skat\u012bts k\u0101 noz\u012bm\u012bgs solis ce\u013c\u0101 uz za\u013c\u0101ku un ilgtsp\u0113j\u012bg\u0101ku Latviju. T\u0101 pie\u0146em\u0161ana ir sign\u0101ls gan iek\u0161\u0113jiem, gan \u0101r\u0113jiem partneriem, ka valsts ir gatava invest\u0113t n\u0101kotn\u0113 un mekl\u0113t risin\u0101jumus vides izaicin\u0101jumiem. Tom\u0113r tas nenoz\u012bm\u0113, ka diskusijas par l\u012bdzsvaru starp vides aizsardz\u012bbu un ekonomiskaj\u0101m interes\u0113m ir beigu\u0161\u0101s. Dr\u012bz\u0101k otr\u0101di \u2013 t\u0101s tikai s\u0101kas, jo likuma veiksm\u012bga piem\u0113ro\u0161ana praks\u0113 pras\u012bs gan politisko gribu, gan sabiedr\u012bbas iesaisti.<\/p>\n<p>N\u0101kotnes perspekt\u012bvas un izaicin\u0101jumi<\/p>\n<p>Eksperti nor\u0101da, ka likuma pie\u0146em\u0161ana ir tikai pirmais solis. Lai sasniegtu izvirz\u012btos m\u0113r\u0137us, nepiecie\u0161ams izstr\u0101d\u0101t detaliz\u0113tus pl\u0101nus un meh\u0101nismus to \u012bsteno\u0161anai, k\u0101 ar\u012b nodro\u0161in\u0101t pietiekamu finans\u0113jumu un valsts atbalstu gan uz\u0146\u0113mumiem, gan iedz\u012bvot\u0101jiem p\u0101rej\u0101 uz za\u013c\u0101k\u0101m alternat\u012bv\u0101m. Svar\u012bgi b\u016bs ar\u012b turpm\u0101k sekot l\u012bdzi starptautiskajiem procesiem un piel\u0101got nacion\u0101lo politiku glob\u0101laj\u0101m tendenc\u0113m.<\/p>\n<p>Sabiedr\u012bbas iesaiste un izpratne par klimata p\u0101rmai\u0146u nopietn\u012bbu ir b\u016btiska. Ir j\u0101saprot, ka r\u012bc\u012bba \u0161odien veidos m\u016bsu n\u0101kotni. Invest\u012bcijas ilgtsp\u0113j\u012bg\u0101 att\u012bst\u012bb\u0101 nav tikai izdevumi, bet gan ilgtermi\u0146a ieguvums visai sabiedr\u012bbai \u2013 t\u012br\u0101ka vide, vesel\u012bg\u0101ka n\u0101kotne un stipr\u0101ka ekonomika, kas sp\u0113j piel\u0101goties jaunajiem pasaules izaicin\u0101jumiem.<\/p>\n","protected":false},"excerpt":{"rendered":"Parlamenta l\u0113mums: Klimata p\u0101rmai\u0146u apkaro\u0161ana vai ekonomisk\u0101 izaugsme? Saeima, aizvadot spraigas debates, ceturtdien, 27. novembr\u012b, pie\u0146\u0113ma Ekonomisk\u0101s ilgtsp\u0113jas&hellip;\n","protected":false},"author":2,"featured_media":61064,"comment_status":"","ping_status":"","sticky":false,"template":"","format":"standard","meta":{"footnotes":""},"categories":[12],"tags":[23,28,29,16111,32,33,22,3761,30,31,35,39,38,36,37,34,16112,40,20,26,27,16110,24,25,16113,21],"class_list":{"0":"post-61063","1":"post","2":"type-post","3":"status-publish","4":"format-standard","5":"has-post-thumbnail","7":"category-latvija","8":"tag-aktualitates","9":"tag-breaking-news","10":"tag-breakingnews","11":"tag-ekonomiskas-ilgtspejas-likums","12":"tag-featured-news","13":"tag-featurednews","14":"tag-headlines","15":"tag-klimata-parmainas","16":"tag-latest-news","17":"tag-latestnews","18":"tag-latvia","19":"tag-latvian","20":"tag-latviesu","21":"tag-latviesu-valoda","22":"tag-latviesuvaloda","23":"tag-latvija","24":"tag-latvijas-saeima","25":"tag-lv","26":"tag-news","27":"tag-popularakas-zinas","28":"tag-popularakaszinas","29":"tag-siltumnicefekta-gazu-emisijas","30":"tag-top-stories","31":"tag-topstories","32":"tag-zala-ekonomika","33":"tag-zinas"},"share_on_mastodon":{"url":"https:\/\/pubeurope.com\/@lv\/115631370036133080","error":""},"_links":{"self":[{"href":"https:\/\/www.europesays.com\/lv\/wp-json\/wp\/v2\/posts\/61063","targetHints":{"allow":["GET"]}}],"collection":[{"href":"https:\/\/www.europesays.com\/lv\/wp-json\/wp\/v2\/posts"}],"about":[{"href":"https:\/\/www.europesays.com\/lv\/wp-json\/wp\/v2\/types\/post"}],"author":[{"embeddable":true,"href":"https:\/\/www.europesays.com\/lv\/wp-json\/wp\/v2\/users\/2"}],"replies":[{"embeddable":true,"href":"https:\/\/www.europesays.com\/lv\/wp-json\/wp\/v2\/comments?post=61063"}],"version-history":[{"count":0,"href":"https:\/\/www.europesays.com\/lv\/wp-json\/wp\/v2\/posts\/61063\/revisions"}],"wp:featuredmedia":[{"embeddable":true,"href":"https:\/\/www.europesays.com\/lv\/wp-json\/wp\/v2\/media\/61064"}],"wp:attachment":[{"href":"https:\/\/www.europesays.com\/lv\/wp-json\/wp\/v2\/media?parent=61063"}],"wp:term":[{"taxonomy":"category","embeddable":true,"href":"https:\/\/www.europesays.com\/lv\/wp-json\/wp\/v2\/categories?post=61063"},{"taxonomy":"post_tag","embeddable":true,"href":"https:\/\/www.europesays.com\/lv\/wp-json\/wp\/v2\/tags?post=61063"}],"curies":[{"name":"wp","href":"https:\/\/api.w.org\/{rel}","templated":true}]}}