{"id":61065,"date":"2025-11-29T05:37:11","date_gmt":"2025-11-29T05:37:11","guid":{"rendered":"https:\/\/www.europesays.com\/lv\/61065\/"},"modified":"2025-11-29T05:37:11","modified_gmt":"2025-11-29T05:37:11","slug":"ukrainas-miera-planam-jaatspogulo-es-centrala-loma-un-jagarante-stabilitate-lente-lv-2","status":"publish","type":"post","link":"https:\/\/www.europesays.com\/lv\/61065\/","title":{"rendered":"Ukrainas miera pl\u0101nam j\u0101atspogu\u013co ES centr\u0101l\u0101 loma un j\u0101garant\u0113 stabilit\u0101te\u00a0\u2014\u00a0Lente.lv"},"content":{"rendered":"<p>ES uzsver savu centr\u0101lo lomu Ukrainas miera pl\u0101n\u0101<\/p>\n<p>Eiropas Komisijas (EK) prezidente Urzula fon der Leiena ir stingri nor\u0101d\u012bjusi, ka Eiropas Savien\u012bbas (ES) centr\u0101lajai lomai ir j\u0101b\u016bt &#8220;piln\u012bb\u0101 atspogu\u013cotai&#8221; jebkur\u0101 Ukrainas miera pl\u0101n\u0101, kas tiecas uz taisn\u012bgu un ilgtsp\u0113j\u012bgu mieru. Vi\u0146a uzsv\u0113ra, ka jebkuram uzticamam miera risin\u0101jumam vispirms ir j\u0101izbeidz karadarb\u012bba un slepkav\u012bbas, nevis j\u0101s\u0113j n\u0101kamie konflikti. \u0160is pazi\u0146ojums izskan\u0113ja laik\u0101, kad notiek intens\u012bvas diskusijas par da\u017e\u0101diem miera iniciat\u012bv\u0101m, tostarp ASV prezidenta Donalda Trampa priek\u0161likumu.<\/p>\n<p>Fon der Leiena uzsv\u0113ra, ka Ukraina ir peln\u012bjusi br\u012bv\u012bbu un suver\u0113nas ties\u012bbas pa\u0161ai noteikt savu likteni, un ka valsts ir izv\u0113l\u0113jusies eiropeisku ce\u013cu. T\u0101p\u0113c jebkuram miera pl\u0101nam ir j\u0101paredz ne tikai karadarb\u012bbas izbeig\u0161ana, bet ar\u012b Ukrainas atjauno\u0161ana, t\u0101s integr\u0101cija ES kop\u0113j\u0101 tirg\u016b un, galu gal\u0101, pilnv\u0113rt\u012bga dal\u012bba Eiropas Savien\u012bb\u0101. \u0160is princips \u2013 &#8220;nekas par Ukrainu bez Ukrainas, nekas par Eiropu bez Eiropas&#8221; \u2013 ir k\u013cuvis par ES nost\u0101jas st\u016brakmeni.<\/p>\n<p>ES nost\u0101jas un priorit\u0101tes miera proces\u0101<\/p>\n<p>Eiropas Savien\u012bba cen\u0161as akt\u012bvi piedal\u012bties sarun\u0101s par Ukrainas miera jaut\u0101jumu, lai nenon\u0101ktu perif\u0113rij\u0101. Lai gan ASV prezidenta Donalda Trampa pied\u0101v\u0101tais pl\u0101ns ir s\u0101cis diskusijas, ES ir izvirz\u012bjusi savas, stingr\u0101kas vadl\u012bnijas. K\u0101 nor\u0101d\u012bjis EK prezidentes kancelejas vad\u012bt\u0101js Bjerns Zeiberts, Eiropa piedal\u0101s sarun\u0101s \u017den\u0113v\u0101 ar ASV un Ukrainas p\u0101rst\u0101vjiem. Viens no galvenajiem ES m\u0113r\u0137iem ir nodro\u0161in\u0101t, lai Ukrainas suverenit\u0101te un teritori\u0101l\u0101 integrit\u0101te tiktu piln\u012bb\u0101 respekt\u0113tas. Tas ietver ar\u012b Ukrainas ties\u012bbas br\u012bvi izv\u0113l\u0113ties savu \u0101rpolitikas virzienu un att\u012bst\u012bbas ce\u013cu, tostarp integr\u0101ciju Eiropas strukt\u016br\u0101s.<\/p>\n<p>Fon der Leiena ir nosaukusi piecas galven\u0101s priorit\u0101tes, kas veido ES nost\u0101ju miera proces\u0101: 1) taisn\u012bgs un ilgtsp\u0113j\u012bgs miers ar re\u0101lu dro\u0161\u012bbu gan Ukrainai, gan Eiropai; 2) Ukrainas suverenit\u0101te, nepie\u013caujot ierobe\u017eojumus t\u0101s bru\u0146otajiem sp\u0113kiem, kas var\u0113tu padar\u012bt valsti neaizsarg\u0101tu; 3) ES centr\u0101l\u0101s lomas nodro\u0161in\u0101\u0161ana miera proces\u0101; 4) Ukrainas atjauno\u0161ana un integr\u0101cija ES; un 5) visu Krievijas nolaup\u012bto b\u0113rnu atgrie\u0161ana Ukrain\u0101. \u0160\u012b p\u0113d\u0113j\u0101 priorit\u0101te, b\u0113rnu atgrie\u0161ana, ir \u012bpa\u0161i emocion\u0101li uzsv\u0113rta k\u0101 viena no kara visatkl\u0101t\u0101kaj\u0101m zv\u0113r\u012bb\u0101m.<\/p>\n<p>Dro\u0161\u012bba, atjauno\u0161ana un starptautisk\u0101 sadarb\u012bba<\/p>\n<p>Eiropa apzin\u0101s, ka miers Ukrain\u0101 nav iesp\u0113jams bez stabil\u0101m dro\u0161\u012bbas garantij\u0101m. T\u0101p\u0113c viena no galvenaj\u0101m pras\u012bb\u0101m ir, ka jebkur\u0161 miera l\u012bgums nedr\u012bkst ierobe\u017eot Ukrainas bru\u0146oto sp\u0113ku sp\u0113jas, kas ir b\u016btiska valsts aizsardz\u012bbai un Eiropas dro\u0161\u012bbai kopum\u0101. Ukraina, b\u016bdama suver\u0113na valsts, ir ties\u012bga pati noteikt savas dro\u0161\u012bbas politikas virzienus. Eiropas Komisija pl\u0101no ar\u012b juridiski noform\u0113t priek\u0161likumu par iesald\u0113to Krievijas l\u012bdzek\u013cu izmanto\u0161anu Ukrainas atbalstam, lai gan \u0161is jaut\u0101jums ir pretrun\u012bgs, jo da\u017ei politi\u0137i pau\u017e neapmierin\u0101t\u012bbu par ASV priek\u0161likumu l\u012bdzek\u013cu sadal\u0113.<\/p>\n<p>Latvijas \u0101rlietu ministre Baiba Bra\u017ee, piedaloties ES \u0100rlietu padomes san\u0101ksm\u0113 Kijiv\u0101, uzsv\u0113ra, ka galven\u0101 priorit\u0101te ir nodro\u0161in\u0101t Ukrainas sp\u0113jas pa\u0161aizsardz\u012bbai. \u0160is skat\u012bjums sakr\u012bt ar EK nost\u0101ju, ka Ukrainai ir j\u0101b\u016bt kl\u0101teso\u0161ai vis\u0101s sarun\u0101s un l\u0113mumos, kas attiecas uz t\u0101s n\u0101kotni. Tikm\u0113r V\u0101cijas kanclers Fr\u012bdrihs Mercs nor\u0101d\u012bjis, ka ilgsto\u0161s miers nav iesp\u0113jams bez Ukrainas un Eiropas piekri\u0161anas, un ka ASV ir svar\u012bga loma pamieru un miera l\u012bgumu garant\u0113\u0161an\u0101. Situ\u0101cija Ukrain\u0101 tiek rakteteriz\u0113ta k\u0101 &#8220;nestabila&#8221; un &#8220;b\u012bstama&#8221;, ta\u010du Eiropas l\u012bderi pau\u017e tic\u012bbu, ka ir iesp\u0113jams pan\u0101kt re\u0101lu progresu.<\/p>\n","protected":false},"excerpt":{"rendered":"ES uzsver savu centr\u0101lo lomu Ukrainas miera pl\u0101n\u0101 Eiropas Komisijas (EK) prezidente Urzula fon der Leiena ir stingri&hellip;\n","protected":false},"author":2,"featured_media":61066,"comment_status":"","ping_status":"","sticky":false,"template":"","format":"standard","meta":{"footnotes":""},"categories":[5],"tags":[23,28,29,512,514,32,33,22,30,31,35,39,38,36,37,34,40,20,26,27,16039,24,25,16038,5507,21],"class_list":{"0":"post-61065","1":"post","2":"type-post","3":"status-publish","4":"format-standard","5":"has-post-thumbnail","7":"category-aktualitates","8":"tag-aktualitates","9":"tag-breaking-news","10":"tag-breakingnews","11":"tag-eiropas-komisija","12":"tag-eiropas-savieniba","13":"tag-featured-news","14":"tag-featurednews","15":"tag-headlines","16":"tag-latest-news","17":"tag-latestnews","18":"tag-latvia","19":"tag-latvian","20":"tag-latviesu","21":"tag-latviesu-valoda","22":"tag-latviesuvaloda","23":"tag-latvija","24":"tag-lv","25":"tag-news","26":"tag-popularakas-zinas","27":"tag-popularakaszinas","28":"tag-starptautiska-drosiba","29":"tag-top-stories","30":"tag-topstories","31":"tag-ukrainas-miera-plans","32":"tag-urzula-fon-der-leiena","33":"tag-zinas"},"share_on_mastodon":{"url":"https:\/\/pubeurope.com\/@lv\/115631373883225463","error":""},"_links":{"self":[{"href":"https:\/\/www.europesays.com\/lv\/wp-json\/wp\/v2\/posts\/61065","targetHints":{"allow":["GET"]}}],"collection":[{"href":"https:\/\/www.europesays.com\/lv\/wp-json\/wp\/v2\/posts"}],"about":[{"href":"https:\/\/www.europesays.com\/lv\/wp-json\/wp\/v2\/types\/post"}],"author":[{"embeddable":true,"href":"https:\/\/www.europesays.com\/lv\/wp-json\/wp\/v2\/users\/2"}],"replies":[{"embeddable":true,"href":"https:\/\/www.europesays.com\/lv\/wp-json\/wp\/v2\/comments?post=61065"}],"version-history":[{"count":0,"href":"https:\/\/www.europesays.com\/lv\/wp-json\/wp\/v2\/posts\/61065\/revisions"}],"wp:featuredmedia":[{"embeddable":true,"href":"https:\/\/www.europesays.com\/lv\/wp-json\/wp\/v2\/media\/61066"}],"wp:attachment":[{"href":"https:\/\/www.europesays.com\/lv\/wp-json\/wp\/v2\/media?parent=61065"}],"wp:term":[{"taxonomy":"category","embeddable":true,"href":"https:\/\/www.europesays.com\/lv\/wp-json\/wp\/v2\/categories?post=61065"},{"taxonomy":"post_tag","embeddable":true,"href":"https:\/\/www.europesays.com\/lv\/wp-json\/wp\/v2\/tags?post=61065"}],"curies":[{"name":"wp","href":"https:\/\/api.w.org\/{rel}","templated":true}]}}