{"id":61069,"date":"2025-11-29T05:43:13","date_gmt":"2025-11-29T05:43:13","guid":{"rendered":"https:\/\/www.europesays.com\/lv\/61069\/"},"modified":"2025-11-29T05:43:13","modified_gmt":"2025-11-29T05:43:13","slug":"budzetu-var-taisit-ari-bez-deficita-dienas-bizness","status":"publish","type":"post","link":"https:\/\/www.europesays.com\/lv\/61069\/","title":{"rendered":"Bud\u017eetu var tais\u012bt ar\u012b bez defic\u012bta :: Dienas Bizness"},"content":{"rendered":"<p class=\"text-font font-size--text-xlarge margin-3--bottom font-weight--bold padding-1--top\">Tikai \u012bstena saimnieka pieeja \u013caus izskaust nevajadz\u012bgus bud\u017eeta t\u0113ri\u0146us.<\/p>\n<p class=\"text-font font-size--text-xlarge margin-3--bottom\">Vis\u0101s valsts ministrij\u0101s un Valsts kancelej\u0101 kopum\u0101 ir 10% vakan\u010du, kas par\u0101da vid\u0113jo \u00abtemperat\u016bru\u00bb valsts p\u0101rvald\u0113 un, iesp\u0113jams, ar\u012b pa\u0161vald\u012bb\u0101s, jo sist\u0113ma sevi kop\u0113 no virsotnes. 10% samazin\u0101jums no 18 miljardus v\u0113rt\u0101s 2026. gada bud\u017eeta izdevumu da\u013cas veido tie\u0161i 1,8 miljardus eiro. Saprotams, ka ne visus izdevumus var attiecin\u0101t uz alg\u0101m, tom\u0113r lielu da\u013cu no defic\u012bta var\u0113tu likvid\u0113t tie\u0161i \u0161\u0101di, likvid\u0113jot vakances.<\/p>\n<p class=\"text-font font-size--text-xlarge margin-3--bottom\">Ministrijas k\u0101 paraugs<\/p>\n<p class=\"text-font font-size--text-xlarge margin-3--bottom\">Ministrijas un Valsts kanceleja ir valsts p\u0101rvaldes centr\u0101lais apar\u0101ts, un jau sen ir zin\u0101ms, ka nepilno 4000 ier\u0113d\u0146u kopu nav v\u0113rts samazin\u0101t tie\u0161i, jo funkciju pietiek. Taj\u0101 pa\u0161\u0101 laik\u0101 eso\u0161\u0101s vakances par\u0101da, ka ministrijas t\u012bri labi tiek gal\u0101 ar eso\u0161o darbinieku skaitu. Proti, b\u016btu iesp\u0113jams minimiz\u0113t izdevumus \u00abatlai\u017eot\u00bb tuk\u0161os kr\u0113slus. Tie, kuri dara darbu, lai paliek un str\u0101d\u0101, bet tie kr\u0113sli, kas st\u0101v tuk\u0161i, vienk\u0101r\u0161i tiek iz\u0146emti no bud\u017eeta. Zin\u0101ms ta\u010du \u2013 ja nauda tiek iedota, tad to paman\u0101s izt\u0113r\u0113t un atpaka\u013c bud\u017eet\u0101 \u0161ie l\u012bdzek\u013ci nenon\u0101k. Paties\u012bb\u0101 sist\u0113ma ir saglab\u0101jusies no m\u016bsu valsts br\u012bv\u012bbas atg\u016b\u0161anas br\u012b\u017ea, un iest\u0101des vai instit\u016bcijas bud\u017eeta veido\u0161ana kop\u0161 1991. gada vienm\u0113r ir veidota p\u0113c amata vietu principa. \u0145emsim kaut visvienk\u0101r\u0161\u0101ko veidojumu \u2013 muzejs.<\/p>\n<p class=\"text-font font-size--text-xlarge margin-3--bottom\">Bud\u017eeta mugurkaulu veido p\u0113c amata vietu skaita, nevis p\u0113c kr\u0101jumu uzglab\u0101\u0161anas vajadz\u012bb\u0101m vai cit\u0101m \u012bpatn\u012bb\u0101m. Noteico\u0161ais ir amata vietas, un, ja to skaits samazin\u0101s, samazin\u0101s ar\u012b muzeja bud\u017eets, turkl\u0101t proporcion\u0101li. Saprotams, ka \u0161is pie\u0146\u0113mums ir balst\u012bts nost\u0101stos un priv\u0101t\u0101s liec\u012bb\u0101s un var b\u016bt neprec\u012bzs, tom\u0113r nav d\u016bmu bez uguns, jo sevi\u0161\u0137i, ja algu sarakst\u0101 vienm\u0113r ir pr\u0101v\u0101k\u0101 izdevumu da\u013ca. Lai demonstr\u0113tu sist\u0113mas iesp\u0113jas, atliek paraudz\u012bties uz sist\u0113mas paraugu, t\u0101s virsotni \u2013 ministrij\u0101m. \u0160\u012b sh\u0113ma, kad padotie kop\u0113 virsotni, tika ieviesta v\u0113l t\u0101lajos PSRS laikos, Komunistisk\u0101s partijas \u0123ener\u0101lsekret\u0101ra Leon\u012bda Bre\u017e\u0146eva vad\u012bb\u0101. Tie\u0161i \u0161aj\u0101 laik\u0101 visa komunistu ier\u0113dniec\u012bba p\u0101r\u0146\u0113ma praksi \u2013 kop\u0113t augst\u0101k st\u0101vo\u0161o k\u0101rt\u012bbu. To veiksm\u012bgi p\u0101r\u0146\u0113ma Latvijas ier\u0113dniec\u012bba, un t\u0101 darbojas, jo p\u0113c b\u016bt\u012bbas jau priek\u0161niec\u012bba nevar p\u0101rmest to, ko dara pati.<\/p>\n<p class=\"text-font font-size--text-xlarge margin-3--bottom\">T\u0101tad Latvijas valsts ministrij\u0101s un Valsts kancelej\u0101 \u0161obr\u012bd no 3912 amata slodz\u0113m aiz\u0146emtas ir 3518 un vakances veido 10%. Protams, no ministrijas uz ministriju ir izmai\u0146as. Vien\u0101 vakan\u010du ir vien da\u017ei procenti, cit\u0101 vair\u0101k par 10%, bet kopum\u0101 un lielos skait\u013cos \u2013 modelis ir redzams. 10% no bud\u017eeta ministrija var t\u0113r\u0113t kam citam. Saprotams, atbilsto\u0161i likumam, bet t\u0113r\u0113t dr\u012bkst. T\u0101d\u0113\u013c ar\u012b pirms finan\u0161u gada beig\u0101m ministrijas cen\u0161as visu godpr\u0101t\u012bgi izt\u0113r\u0113t, un visi to zina. Tam ir divi iemesli. Pirmais \u2013 cit\u0101di nauda b\u016bs j\u0101atgrie\u017e bud\u017eet\u0101, bet otrais ir t\u0101lredz\u012bg\u0101ks. Proti, ja naudu dod atpaka\u013c, tad ta\u010du to nevajag, un, ja nevajag, tad var likvid\u0113t c\u0113loni \u2013 vakances. \u012as\u0101k, tas ir apburtais aplis, un, s\u0101kot no pa\u0161as ier\u0113dniec\u012bbas virsotnes, notiek c\u012b\u0146a tikai par jaun\u0101m amata viet\u0101m. T\u0101s vajag! Mums ir jaunas funkcijas! Eiropa nesaprat\u012bs. Paties\u012bba noteikti ir kaut kur pa vidu, bet \u0161obr\u012bd ir situ\u0101cija, kad to mekl\u0113t nav j\u0113gas. Ir nepiecie\u0161ama t\u016bl\u012bt\u0113ja optimiz\u0101cija, un nav \u0161aubu, ka birokr\u0101ti savu armiju papildin\u0101s lab\u0101kos laikos bez p\u016bl\u0113m. \u012as\u0101k \u2013 10% ir tas, kas vajadz\u012bgs, lai tiektos uz bezdefic\u012bta bud\u017eetu.<\/p>\n<p class=\"text-font font-size--text-xlarge margin-3--bottom\">VID paraugs \u2013 desmitniek\u0101<\/p>\n<p class=\"text-font font-size--text-xlarge margin-3--bottom\">Valsts ie\u0146\u0113mumu dienesta (VID) bud\u017eets n\u0101kamajam gadam tiks samazin\u0101ts par 10%, bet darbinieku skaits \u2013 par 13,2%, oktobr\u012b medijiem pazi\u0146oja VID \u0123ener\u0101ldirektore Baiba \u0160mite-Ro\u0137e. Turkl\u0101t VID pamatbud\u017eets jau \u0161im gadam tika samazin\u0101ts par 4% \u2013 l\u012bdz 156,8 miljoniem eiro sal\u012bdzin\u0101jum\u0101 ar 163,6 miljoniem eiro pirms gada. 10% samazin\u0101jums n\u0101kamaj\u0101 gad\u0101 noz\u012bm\u0113, ka VID bud\u017eets b\u016bs par 15,7 miljoniem maz\u0101ks nek\u0101 \u0161ogad un veidos 121,2 miljonus eiro. Te j\u0101piebilst, ka absol\u016btajos skait\u013cos samazin\u0101jumu veido ar\u012b nodok\u013cu un muitas policijas nodal\u012b\u0161ana, kuras bud\u017eets k\u0101 atsevi\u0161\u0137ai iest\u0101dei b\u016bs 19,7 miljoni eiro. Ja \u0161o summu ieskait\u012btu samazin\u0101juma procentos, san\u0101ktu krietni vair\u0101k.<\/p>\n<p class=\"text-font font-size--text-xlarge margin-3--bottom\">Atl\u012bdz\u012bbas VID samazin\u0101s par 9%, inform\u0101cijas tehnolo\u0123iju (IT) izdevumus \u2013 par 8%, bet citus izdevumus \u2013 par 11%. Proti, ac\u012bmredzams ir princips. R\u016bk atl\u012bdz\u012bbas, un r\u016bk ar\u012b citi izdevumi, kas seko amata vietu samazin\u0101jumam. Praktisk\u0101 izdevumu mazin\u0101\u0161anas meh\u0101nika VID faktiski ir v\u0113rt\u0113jama k\u0101 paraugs visai sist\u0113mai, un te es nedom\u0101ju tikai valsts centr\u0101lo apar\u0101tu, bet ar\u012b visas pak\u013caut\u012bbas iest\u0101des, kas l\u012bdzin\u0101s VID, k\u0101 ar\u012b valsts kapit\u0101la uz\u0146\u0113mumus, pa\u0161vald\u012bbu apar\u0101tu, tostarp izgl\u012bt\u012bbas sist\u0113mu, iek\u0161lietu sist\u0113mu, vesel\u012bbas apr\u016bpes sist\u0113mu. Gara aus\u012bm jau dzirdu hist\u0113riskus kliedzienus par to, ka ir v\u0113lme atlaist skolot\u0101jus, vienk\u0101r\u0161us policistus un medm\u0101sas. Visu \u0161o t\u0113r\u0113jo\u0161o sist\u0113mu amata vietas var viegli sadal\u012bt div\u0101s da\u013c\u0101s \u2013 amatos, kas kaut ko dara, un amatos, kuru uzdevums ir p\u0101rvald\u012bt un vad\u012bt.<\/p>\n<p class=\"text-font font-size--text-xlarge margin-3--bottom\">Pie\u0146emu, ka vakances, kuras attiecin\u0101mas uz otro sada\u013cu, var dro\u0161i samazin\u0101t. Proti, runa nav par darba dar\u012bt\u0101ju mazin\u0101\u0161anu, bet vakan\u010du mazin\u0101\u0161anu sada\u013c\u0101, kas attiecin\u0101ma uz sist\u0113mas p\u0101rvaldi. Piem\u0113ram, mums ir Izgl\u012bt\u012bbas un zin\u0101tnes ministrija ar vis\u0101m iest\u0101d\u0113m un v\u0113l katr\u0101 pa\u0161vald\u012bb\u0101 ir Izgl\u012bt\u012bbas p\u0101rvalde, kas dubl\u0113 visu dokument\u0101ciju un uzrauga direktorus, kuri t\u0101pat ir tie\u0161i atbild\u012bgi valsts priek\u0161\u0101. Ir viens jaut\u0101jums, k\u0101d\u0113\u013c ir nepiecie\u0161ams \u0161is starpnieks, kas ac\u012bmredzami ir PSRS laiku atavisms. Iesp\u0113jams, ka tie\u0161\u0101m ir vajadz\u012bgi pieci cilv\u0113ki katr\u0101 pa\u0161vald\u012bb\u0101, kas str\u0101d\u0101 \u0161\u0101d\u0101 organiz\u0101cij\u0101, bet vi\u0146u tur ir par k\u0101rtu vair\u0101k. Ar\u012b vakances tur ir. \u012asi sakot, ja visi draudz\u012bgi piem\u0113rotu VID paraugu un samazin\u0101tu izdevumus, likvid\u0113jot vakances un proporcion\u0101li mazinot izdevumus cit\u0101s poz\u012bcij\u0101s, viss var\u0113tu izdoties.<\/p>\n<p class=\"text-font font-size--text-xlarge margin-3--bottom\">Nenosl\u012bkt politiskos apvainojumos<\/p>\n<p class=\"text-font font-size--text-xlarge margin-3--bottom\">Glu\u017ei t\u0101ds nov\u0113l\u0113jums man \u0161obr\u012bd ir valdo\u0161ajai koal\u012bcijai, kura neizskat\u0101s \u012bpa\u0161i draudz\u012bga p\u0113d\u0113j\u0101 laik\u0101, tom\u0113r ir valdo\u0161\u0101 un lems par bud\u017eetu. \u0136eza, ka ned\u0113\u013cu pirms bud\u017eeta projekta apstiprin\u0101\u0161anas pirmaj\u0101 las\u012bjum\u0101 nenotika koal\u012bcijas padomes s\u0113de. Proti, tr\u012bs partijas izl\u0113ma sav\u0101 starp\u0101 nerun\u0101t, bet bud\u017eet\u0101 turpat 2 miljardi m\u012bnusos. ZZS, kura sac\u0113la jezgu ap Stambulas konvencijas denons\u0113\u0161anu, teju izraisot koal\u012bcijas partneru reibo\u0146us, ir iesniegusi bud\u017eeta groz\u012bjumu priek\u0161likumu par vakan\u010du mazin\u0101\u0161anu. Saprotams, ka m\u0113r\u0137i tur ir mazliet pietic\u012bg\u0101ki nek\u0101 \u0161aj\u0101 apcer\u0113, tom\u0113r pieteikts tas ir un debates var\u0113tu notikt vismaz Saeimas telp\u0101s, ja reiz koal\u012bcijas padom\u0113 tas neizdodas. \u0160obr\u012bd mans satraukums ir par to, ka sam\u0113r\u0101 j\u0113dz\u012bga birokr\u0101tijas mazin\u0101\u0161anas akcija, kura var\u0113tu notikt jau \u0161\u012b bud\u017eeta apstiprin\u0101\u0161anas laik\u0101, var\u0113tu non\u0101kt gru\u017eu kast\u0113, jo koal\u012bcijas dal\u012bbnieki ir aizvainoti uz kol\u0113\u0123iem.<\/p>\n<p class=\"text-font font-size--text-xlarge margin-3--bottom\">T\u0101 k\u0101 priek\u0161likums n\u0101k no koal\u012bcijas partijas, ar\u012b opoz\u012bcija var\u0113tu b\u016bt aizvainota, ka t\u0101, un nosl\u0113gum\u0101 balt\u0101 zvirbu\u013ca pied\u0101v\u0101jums t\u0101 ar\u012b paliks neiev\u0113rots. Jo vair\u0101k pamats t\u0101 dom\u0101t ir p\u0113c nupat realiz\u0113t\u0101s Cancel kult\u016bras akcijas, kas nov\u0113rojama pla\u0161\u0101 spektr\u0101 un ne tikai pret ZZS, bet ar\u012b citiem deput\u0101tiem un figurantiem uz politisk\u0101s skatuves. Pie\u0146emu, ir s\u0101ktas raganu med\u012bbas un bud\u017eeta izdevumu sada\u013ca ir pagaisusi no Jaun\u0101s Vienot\u012bbas un Progres\u012bvo galv\u0101m pavisam. Paties\u012bb\u0101 no bud\u017eeta viedok\u013ca ir piln\u012bgi vienalga, kuri politi\u0137i tiek blo\u0137\u0113ti soci\u0101lajos t\u012bklos vai kurus uz ielas vairs citi nesveicina, jo nolemts, ka ar \u0161iem ir j\u0101dara gals. \u0136eza, ka \u0161aj\u0101 uzp\u016bstaj\u0101 aizvainot\u012bb\u0101, kas, p\u0113c visa sprie\u017eot, var\u0113tu iet pla\u0161um\u0101, \u013caudis s\u0101k aizmirst par naudu. Par nodok\u013cu maks\u0101t\u0101ju naudu, kuras ir par maz, bet var\u0113tu ar\u012b pietikt, ja par to k\u0101ds dom\u0101tu. Kuram tas r\u016bp?<\/p>\n","protected":false},"excerpt":{"rendered":"Tikai \u012bstena saimnieka pieeja \u013caus izskaust nevajadz\u012bgus bud\u017eeta t\u0113ri\u0146us. Vis\u0101s valsts ministrij\u0101s un Valsts kancelej\u0101 kopum\u0101 ir 10%&hellip;\n","protected":false},"author":2,"featured_media":61070,"comment_status":"","ping_status":"","sticky":false,"template":"","format":"standard","meta":{"footnotes":""},"categories":[5],"tags":[23,869,77,870,28,29,867,32,33,22,30,31,35,39,38,36,37,34,871,868,40,20,26,27,24,25,21],"class_list":{"0":"post-61069","1":"post","2":"type-post","3":"status-publish","4":"format-standard","5":"has-post-thumbnail","7":"category-aktualitates","8":"tag-aktualitates","9":"tag-biznesa-zinas","10":"tag-bizness","11":"tag-bizness-latvija","12":"tag-breaking-news","13":"tag-breakingnews","14":"tag-dienas-zinas","15":"tag-featured-news","16":"tag-featurednews","17":"tag-headlines","18":"tag-latest-news","19":"tag-latestnews","20":"tag-latvia","21":"tag-latvian","22":"tag-latviesu","23":"tag-latviesu-valoda","24":"tag-latviesuvaloda","25":"tag-latvija","26":"tag-latvijas-biznesa-zinas","27":"tag-latvijas-zinas","28":"tag-lv","29":"tag-news","30":"tag-popularakas-zinas","31":"tag-popularakaszinas","32":"tag-top-stories","33":"tag-topstories","34":"tag-zinas"},"share_on_mastodon":{"url":"https:\/\/pubeurope.com\/@lv\/115631397468579032","error":""},"_links":{"self":[{"href":"https:\/\/www.europesays.com\/lv\/wp-json\/wp\/v2\/posts\/61069","targetHints":{"allow":["GET"]}}],"collection":[{"href":"https:\/\/www.europesays.com\/lv\/wp-json\/wp\/v2\/posts"}],"about":[{"href":"https:\/\/www.europesays.com\/lv\/wp-json\/wp\/v2\/types\/post"}],"author":[{"embeddable":true,"href":"https:\/\/www.europesays.com\/lv\/wp-json\/wp\/v2\/users\/2"}],"replies":[{"embeddable":true,"href":"https:\/\/www.europesays.com\/lv\/wp-json\/wp\/v2\/comments?post=61069"}],"version-history":[{"count":0,"href":"https:\/\/www.europesays.com\/lv\/wp-json\/wp\/v2\/posts\/61069\/revisions"}],"wp:featuredmedia":[{"embeddable":true,"href":"https:\/\/www.europesays.com\/lv\/wp-json\/wp\/v2\/media\/61070"}],"wp:attachment":[{"href":"https:\/\/www.europesays.com\/lv\/wp-json\/wp\/v2\/media?parent=61069"}],"wp:term":[{"taxonomy":"category","embeddable":true,"href":"https:\/\/www.europesays.com\/lv\/wp-json\/wp\/v2\/categories?post=61069"},{"taxonomy":"post_tag","embeddable":true,"href":"https:\/\/www.europesays.com\/lv\/wp-json\/wp\/v2\/tags?post=61069"}],"curies":[{"name":"wp","href":"https:\/\/api.w.org\/{rel}","templated":true}]}}