{"id":61071,"date":"2025-11-29T05:46:15","date_gmt":"2025-11-29T05:46:15","guid":{"rendered":"https:\/\/www.europesays.com\/lv\/61071\/"},"modified":"2025-11-29T05:46:15","modified_gmt":"2025-11-29T05:46:15","slug":"jaudu-balansesanas-tirgus-piesaista-29-uznemumus-lente-lv","status":"publish","type":"post","link":"https:\/\/www.europesays.com\/lv\/61071\/","title":{"rendered":"Jaudu balans\u0113\u0161anas tirgus piesaista 29 uz\u0146\u0113mumus\u00a0\u2014\u00a0Lente.lv"},"content":{"rendered":"<p>Baltijas valstu atvieno\u0161an\u0101s no BRELL t\u012bkla: Rolands Irklis skaidro izmai\u0146as energodienest\u0101<\/p>\n<p>\u0160\u012b gada s\u0101kum\u0101 Baltijas valstu elektr\u012bbas sist\u0113mas veiksm\u012bgi atvienoj\u0101s no Krievijas un Baltkrievijas kop\u0113j\u0101 energot\u012bkla BRELL, t\u0101d\u0113j\u0101di stiprinot valstu neatkar\u012bbu un ener\u0123\u0113tisko dro\u0161\u012bbu. \u0160is v\u0113sturiskais solis ir main\u012bjis elektroener\u0123ijas tirgus dinamiku, radot jaunas iesp\u0113jas un izaicin\u0101jumus. Rolands Irklis, AS &#8220;Augstsprieguma t\u012bkls&#8221; (AST) valdes priek\u0161s\u0113d\u0113t\u0101js, intervij\u0101 skaidro b\u016btisk\u0101k\u0101s izmai\u0146as, kas notiku\u0161as p\u0113c atsl\u0113g\u0161an\u0101s, \u012bpa\u0161i uzsverot nepiecie\u0161am\u012bbu p\u0113c jaudu balans\u0113\u0161anas.<\/p>\n<p>Jaunu tirgus dal\u012bbnieku un iesp\u0113ju par\u0101d\u012b\u0161an\u0101s<\/p>\n<p>P\u0113c atsl\u0113g\u0161an\u0101s no BRELL t\u012bkla, kas savienoja Baltijas valstu elektroapg\u0101des sist\u0113mas ar Krieviju un Baltkrieviju, ir radusies daudz liel\u0101ka nepiecie\u0161am\u012bba p\u0113c jaudu balans\u0113\u0161anas \u2013 l\u012bdzsvara nodro\u0161in\u0101\u0161anas starp elektroener\u0123ijas ra\u017eo\u0161anu un pat\u0113ri\u0146u. Irklis nor\u0101da, ka \u0161obr\u012bd Baltijas valstu kop\u0113j\u0101 balans\u0113\u0161anas jaudu tirg\u016b piedal\u0101s 29 uz\u0146\u0113mumi, ta\u010du Latvij\u0101 pagaid\u0101m akt\u012bvi darbojas vien se\u0161i. Tas liecina par iev\u0113rojamu potenci\u0101lu jaunu dal\u012bbnieku piesaistei. \u0160is jaunais tirgus sniedz elektrostacij\u0101m iesp\u0113ju g\u016bt papildu ien\u0101kumus, ne tikai p\u0101rdodot sara\u017eoto elektroener\u0123iju, bet ar\u012b pied\u0101v\u0101jot sist\u0113mas pal\u012bgpakalpojumus. Jo \u012bpa\u0161i v\u0113ja un saules parku operatori, k\u0101 ar\u012b elektroener\u0123ijas bateriju operatori, var g\u016bt b\u016btisku labumu no dal\u012bbas balans\u0113\u0161anas tirg\u016b, jo vi\u0146u ra\u017eo\u0161anas vien\u012bbas ir elast\u012bgi regul\u0113jamas. Nesens piem\u0113rs ir SIA &#8220;TCK&#8221;, kas ir pirmais Latvijas v\u0113ja parks un elektroener\u0123ijas baterija, kas veiksm\u012bgi integr\u0113jusies \u0161aj\u0101 tirg\u016b, nodro\u0161inot l\u012bdz pat 50 MW jaudu manu\u0101l\u0101s frekvences atjauno\u0161anas rezerv\u0113m. Tas ir iedro\u0161ino\u0161s sign\u0101ls citiem tirgus dal\u012bbniekiem izmantot \u0161\u012bs jaun\u0101s iesp\u0113jas.<\/p>\n<p>Stabilit\u0101te un dro\u0161\u012bba jaunaj\u0101 energosist\u0113m\u0101<\/p>\n<p>Atsl\u0113g\u0161an\u0101s no BRELL t\u012bkla un pievieno\u0161an\u0101s Eiropas vienotajam energot\u012bklam ir noz\u012bm\u012bgs solis Baltijas valstu ener\u0123\u0113tisk\u0101s neatkar\u012bbas un dro\u0161\u012bbas stiprin\u0101\u0161an\u0101. \u0160is process, kas ilga vair\u0101kus gadus un tika veikts ar Eiropas Savien\u012bbas atbalstu, nodro\u0161ina piln\u012bgu Baltijas valstu elektroener\u0123ijas tirgu integr\u0101ciju Eiropas vienotaj\u0101 elektroener\u0123ijas tirg\u016b. Rolands Irklis uzsver, ka, neskatoties uz da\u017eiem neparedz\u0113tiem incidentiem testa laik\u0101, piem\u0113ram, Lietuv\u0101 atsl\u0113dzies viens no \u0123eneratoriem, kopum\u0101 atsl\u0113g\u0161an\u0101s process gandr\u012bz piln\u012bb\u0101 atbilda pl\u0101notajam. Baltijas valstu energosist\u0113ma veiksm\u012bgi str\u0101d\u0101ja izol\u0113t\u0101 re\u017e\u012bm\u0101 pirms piesl\u0113g\u0161an\u0101s Eiropas t\u012bkliem, apliecinot savu gatav\u012bbu ar\u012b negaid\u012btiem incidentiem un sp\u0113ju nodro\u0161in\u0101t nep\u0101rtrauktu pakalpojumu. Lai gan atsl\u0113g\u0161an\u0101s no BRELL t\u012bkla pras\u012bja zin\u0101mu sadarb\u012bbu ar Krieviju, netika nov\u0113roti nek\u0101di \u0161\u0137\u0113r\u0161\u013ci no t\u0101s puses. Lietuva gan pazi\u0146ojusi, ka p\u0101rtrauks elektroener\u0123ijas tranz\u012btu no Baltkrievijas uz Ka\u013ci\u0146ingradu, kas ir v\u0113l viens solis ener\u0123\u0113tisk\u0101s neatkar\u012bbas nostiprin\u0101\u0161an\u0101.<\/p>\n<p>Finansi\u0101lais aspekts un n\u0101kotnes perspekt\u012bvas<\/p>\n<p>Lai gan pat\u0113r\u0113t\u0101ji sinhroniz\u0101cijas procesu nepaman\u012bja un elektroener\u0123ijas tarifi 2025. gad\u0101 nepalika nemain\u012bgi, ir sagaid\u0101ms neliels cenu pieaugums p\u0101rvades pakalpojumu tarif\u0101 no 2026. gada. Tas saist\u012bts ar invest\u012bcij\u0101m, kas nepiecie\u0161amas jaun\u0101s sist\u0113mas uztur\u0113\u0161anai un att\u012bst\u012bbai. S\u0101kotn\u0113ji prognoz\u0113t\u0101s kop\u0113j\u0101s balans\u0113\u0161anas jaudas izmaksas Latvij\u0101 2025. gad\u0101 bija ap 40,74 miljoniem eiro, ta\u010du t\u0101s tiks segtas no p\u0101rvades sist\u0113mas operatora l\u012bdzek\u013ciem l\u012bdz pat j\u016blija beig\u0101m. No 1. j\u016blija balans\u0113\u0161anas jaudas uztur\u0113\u0161anas izmaksu seg\u0161ana k\u013c\u016bs par balans\u0113\u0161anas pakalpojuma sa\u0146\u0113m\u0113ju pien\u0101kumu. Ir svar\u012bgi atz\u012bm\u0113t, ka \u0161\u012bs izmaksas galvenok\u0101rt segs elektroener\u0123ijas lietot\u0101ji un ra\u017eot\u0101ji. Tiek prognoz\u0113ts, ka tuv\u0101ko se\u0161u gadu laik\u0101 Baltijas re\u0123ion\u0101 nepiecie\u0161amo jaudas rezervju apjoms pieaugs par aptuveni 50%. Tas noz\u012bm\u0113, ka tirgus dal\u012bbniekiem b\u016bs arvien vair\u0101k iesp\u0113ju un pien\u0101kumu piedal\u012bties sist\u0113mas stabiliz\u0113\u0161an\u0101, gan izmantojot ra\u017eo\u0161anas iek\u0101rtas, gan pat\u0113ri\u0146a ier\u012bces, kuras iesp\u0113jams elast\u012bgi piel\u0101got. AST pl\u0101no, ka n\u0101kam\u0101 gada oktobr\u012b piln\u012bb\u0101 tiks iedarbin\u0101ta elektroener\u0123ijas uzkr\u0101\u0161anas bateriju sist\u0113ma, kas v\u0113l vair\u0101k stiprin\u0101s energosist\u0113mas notur\u012bbu.<\/p>\n","protected":false},"excerpt":{"rendered":"Baltijas valstu atvieno\u0161an\u0101s no BRELL t\u012bkla: Rolands Irklis skaidro izmai\u0146as energodienest\u0101 \u0160\u012b gada s\u0101kum\u0101 Baltijas valstu elektr\u012bbas sist\u0113mas&hellip;\n","protected":false},"author":2,"featured_media":61072,"comment_status":"","ping_status":"","sticky":false,"template":"","format":"standard","meta":{"footnotes":""},"categories":[16],"tags":[9203,77,16119,76,16120,16121,35,39,38,36,37,34,40,9008],"class_list":{"0":"post-61071","1":"post","2":"type-post","3":"status-publish","4":"format-standard","5":"has-post-thumbnail","7":"category-bizness","8":"tag-augstsprieguma-tikls","9":"tag-bizness","10":"tag-brell","11":"tag-business","12":"tag-elektrotikls","13":"tag-jaudu-balansesana","14":"tag-latvia","15":"tag-latvian","16":"tag-latviesu","17":"tag-latviesu-valoda","18":"tag-latviesuvaloda","19":"tag-latvija","20":"tag-lv","21":"tag-rolands-irklis"},"share_on_mastodon":{"url":"https:\/\/pubeurope.com\/@lv\/115631409320968829","error":""},"_links":{"self":[{"href":"https:\/\/www.europesays.com\/lv\/wp-json\/wp\/v2\/posts\/61071","targetHints":{"allow":["GET"]}}],"collection":[{"href":"https:\/\/www.europesays.com\/lv\/wp-json\/wp\/v2\/posts"}],"about":[{"href":"https:\/\/www.europesays.com\/lv\/wp-json\/wp\/v2\/types\/post"}],"author":[{"embeddable":true,"href":"https:\/\/www.europesays.com\/lv\/wp-json\/wp\/v2\/users\/2"}],"replies":[{"embeddable":true,"href":"https:\/\/www.europesays.com\/lv\/wp-json\/wp\/v2\/comments?post=61071"}],"version-history":[{"count":0,"href":"https:\/\/www.europesays.com\/lv\/wp-json\/wp\/v2\/posts\/61071\/revisions"}],"wp:featuredmedia":[{"embeddable":true,"href":"https:\/\/www.europesays.com\/lv\/wp-json\/wp\/v2\/media\/61072"}],"wp:attachment":[{"href":"https:\/\/www.europesays.com\/lv\/wp-json\/wp\/v2\/media?parent=61071"}],"wp:term":[{"taxonomy":"category","embeddable":true,"href":"https:\/\/www.europesays.com\/lv\/wp-json\/wp\/v2\/categories?post=61071"},{"taxonomy":"post_tag","embeddable":true,"href":"https:\/\/www.europesays.com\/lv\/wp-json\/wp\/v2\/tags?post=61071"}],"curies":[{"name":"wp","href":"https:\/\/api.w.org\/{rel}","templated":true}]}}