{"id":61112,"date":"2025-11-29T07:23:08","date_gmt":"2025-11-29T07:23:08","guid":{"rendered":"https:\/\/www.europesays.com\/lv\/61112\/"},"modified":"2025-11-29T07:23:08","modified_gmt":"2025-11-29T07:23:08","slug":"melnaja-jura-aizdegusies-divi-krievijas-enu-flotes-tankkugi","status":"publish","type":"post","link":"https:\/\/www.europesays.com\/lv\/61112\/","title":{"rendered":"Melnaj\u0101 j\u016br\u0101 aizdegu\u0161ies divi Krievijas &#8220;\u0113nu flotes&#8221; tankku\u0123i"},"content":{"rendered":"<p>Turcijas J\u016bras lietu \u0123ener\u0101ldirekcija pazi\u0146oja platform\u0101 &#8220;X&#8221;, ka tankku\u0123is &#8220;Kairos&#8221;, kas ar Gambijas karogu bez kravas brauca uz Novorosijskas ostu, aizdeg\u0101s ap plkst. 18 (plkst. 17 p\u0113c Latvijas laika) 52 kilometrus no Turcijas piekrastes &#8220;\u0101r\u0113ju c\u0113lo\u0146u d\u0113\u013c&#8221;.<\/p>\n<p>T\u0101 piebilda, ka &#8220;visi 25 apkalpes locek\u013ci ir sveiki un veseli&#8221;.<\/p>\n<p>Ku\u0123a priek\u0161gal\u0101 bija redzamas liesmas un biezi melni d\u016bmi, bet v\u0113l nebija zi\u0146ots par j\u016bras pies\u0101r\u0146ojumu.<\/p>\n<p>Otrs tankku\u0123is &#8220;Virat&#8221;, kas ar\u012b brauca ar Gambijas karogu, zi\u0146oja par tr\u0101p\u012bjumu tam.<\/p>\n<p>&#8220;Gl\u0101b\u0113ju komandas un kravas ku\u0123is tika nos\u016bt\u012bti uz notikuma vietu. 20 apkalpes locek\u013ci ir sveiki un veseli, un dzin\u0113ju telp\u0101 tika konstat\u0113ti biezi d\u016bmi,&#8221; piebilda Turcijas J\u016bras lietu \u0123ener\u0101ldirekcija.<\/p>\n<p>&#8220;\u0100r\u0113js c\u0113lonis noz\u012bm\u0113, ka ku\u0123im tr\u0101p\u012bjusi m\u012bna, ra\u0137ete vai l\u012bdz\u012bgs \u0161\u0101vi\u0146\u0161, vai drons, vai bezpilota zem\u016bdens drons,&#8221; raidsabiedr\u012bbai NTV pav\u0113st\u012bja Turcijas transporta ministrs Abdulkadirs Uraloglu.<\/p>\n<p>Abi tankku\u0123i ir pak\u013cauti Rietumvalstu sankcij\u0101m par naftas transport\u0113\u0161anu no Krievijas ost\u0101m par sp\u012bti embargo, kas noteikts p\u0113c Krievijas jaun\u0101 iebrukuma Ukrain\u0101 2022. gada febru\u0101r\u012b. \u0160\u0101di tankku\u0123i tiek d\u0113v\u0113ti par Krievijas &#8220;\u0113nu floti&#8221;.<\/p>\n<p>Kop\u0161 Krievijas iebrukuma Ukrain\u0101 s\u0101kuma Melnaj\u0101 j\u016br\u0101 ir atrastas un izn\u012bcin\u0101tas vair\u0101kas j\u016bras m\u012bnas.<\/p>\n","protected":false},"excerpt":{"rendered":"Turcijas J\u016bras lietu \u0123ener\u0101ldirekcija pazi\u0146oja platform\u0101 &#8220;X&#8221;, ka tankku\u0123is &#8220;Kairos&#8221;, kas ar Gambijas karogu bez kravas brauca uz&hellip;\n","protected":false},"author":2,"featured_media":61113,"comment_status":"","ping_status":"","sticky":false,"template":"","format":"standard","meta":{"footnotes":""},"categories":[14],"tags":[23,57,28,29,32,33,22,234,30,31,35,39,38,36,37,34,40,16127,20,26,27,24,25,54,55,56,21,58],"class_list":{"0":"post-61112","1":"post","2":"type-post","3":"status-publish","4":"format-standard","5":"has-post-thumbnail","7":"category-zinas-no-arvalstim","8":"tag-aktualitates","9":"tag-arvalstim","10":"tag-breaking-news","11":"tag-breakingnews","12":"tag-featured-news","13":"tag-featurednews","14":"tag-headlines","15":"tag-krievija","16":"tag-latest-news","17":"tag-latestnews","18":"tag-latvia","19":"tag-latvian","20":"tag-latviesu","21":"tag-latviesu-valoda","22":"tag-latviesuvaloda","23":"tag-latvija","24":"tag-lv","25":"tag-melna-jura","26":"tag-news","27":"tag-popularakas-zinas","28":"tag-popularakaszinas","29":"tag-top-stories","30":"tag-topstories","31":"tag-world","32":"tag-world-news","33":"tag-worldnews","34":"tag-zinas","35":"tag-zinas-no-arvalstim"},"share_on_mastodon":{"url":"https:\/\/pubeurope.com\/@lv\/115631790777265238","error":""},"_links":{"self":[{"href":"https:\/\/www.europesays.com\/lv\/wp-json\/wp\/v2\/posts\/61112","targetHints":{"allow":["GET"]}}],"collection":[{"href":"https:\/\/www.europesays.com\/lv\/wp-json\/wp\/v2\/posts"}],"about":[{"href":"https:\/\/www.europesays.com\/lv\/wp-json\/wp\/v2\/types\/post"}],"author":[{"embeddable":true,"href":"https:\/\/www.europesays.com\/lv\/wp-json\/wp\/v2\/users\/2"}],"replies":[{"embeddable":true,"href":"https:\/\/www.europesays.com\/lv\/wp-json\/wp\/v2\/comments?post=61112"}],"version-history":[{"count":0,"href":"https:\/\/www.europesays.com\/lv\/wp-json\/wp\/v2\/posts\/61112\/revisions"}],"wp:featuredmedia":[{"embeddable":true,"href":"https:\/\/www.europesays.com\/lv\/wp-json\/wp\/v2\/media\/61113"}],"wp:attachment":[{"href":"https:\/\/www.europesays.com\/lv\/wp-json\/wp\/v2\/media?parent=61112"}],"wp:term":[{"taxonomy":"category","embeddable":true,"href":"https:\/\/www.europesays.com\/lv\/wp-json\/wp\/v2\/categories?post=61112"},{"taxonomy":"post_tag","embeddable":true,"href":"https:\/\/www.europesays.com\/lv\/wp-json\/wp\/v2\/tags?post=61112"}],"curies":[{"name":"wp","href":"https:\/\/api.w.org\/{rel}","templated":true}]}}