{"id":61120,"date":"2025-11-29T07:29:08","date_gmt":"2025-11-29T07:29:08","guid":{"rendered":"https:\/\/www.europesays.com\/lv\/61120\/"},"modified":"2025-11-29T07:29:08","modified_gmt":"2025-11-29T07:29:08","slug":"honkonga-sero-par-128-ugunsgreka-bojagajusajiem-to-skaits-visticamak-pieaugs","status":"publish","type":"post","link":"https:\/\/www.europesays.com\/lv\/61120\/","title":{"rendered":"Honkong\u0101 s\u0113ro par 128 ugunsgr\u0113k\u0101 boj\u0101g\u0101ju\u0161ajiem; to skaits, visticam\u0101k, pieaugs"},"content":{"rendered":"<p>Honkong\u0101 sestdien s\u0113ro par 128 cilv\u0113kiem, kuri boj\u0101 pla\u0161\u0101 ugunsgr\u0113k\u0101 daudzst\u0101vu dz\u012bvok\u013cu kompleks\u0101, raksta &#8220;Reuters&#8221;.<\/p>\n<p>Ministrs piektdien nor\u0101d\u012bja, ka ugunsgr\u0113ka c\u0113lonis v\u0113l nav noskaidrots, un sagaid\u0101ms, ka policijas izmekl\u0113\u0161ana par to, k\u0101p\u0113c liesmas izplat\u012bj\u0101s, ilg\u0161ot tr\u012bs l\u012bdz \u010detras ned\u0113\u013cas. Ceturtdien aizdom\u0101s par slepkav\u012bb\u0101m aiztur\u0113ti tr\u012bs v\u012brie\u0161i \u2013 b\u016bvfirmas direktori un in\u017eenierijas konsultants.<\/p>\n<p class=\"m-0\">Seko &#8220;Delfi&#8221; ar\u012b  <a target=\"_blank\" href=\"https:\/\/www.instagram.com\/delfi.lv\/\" rel=\"nofollow noopener\">Instagram<\/a>  un <a target=\"_blank\" href=\"https:\/\/www.youtube.com\/channel\/UCw5foWtcJvAbUm64rv7jwUQ\" rel=\"nofollow noopener\">YouTube<\/a>  profil\u0101 \u2013 pievienojies, lai uzzin\u0101tu svar\u012bg\u0101ko un interesant\u0101ko pirmais!<\/p>\n<p>Publik\u0101cijas saturs vai t\u0101s jebk\u0101da apjoma da\u013ca ir aizsarg\u0101ts autorties\u012bbu objekts Autorties\u012bbu likuma izpratn\u0113, un t\u0101 izmanto\u0161ana bez izdev\u0113ja at\u013caujas ir aizliegta. Vair\u0101k lasi  <a target=\"_blank\" href=\"https:\/\/www.delfi.lv\/noteikumi#autortiesibas\" rel=\"nofollow noopener\">\u0161eit<\/a><script async src=\"\/\/www.instagram.com\/embed.js\"><\/script><\/p>\n","protected":false},"excerpt":{"rendered":"Honkong\u0101 sestdien s\u0113ro par 128 cilv\u0113kiem, kuri boj\u0101 pla\u0161\u0101 ugunsgr\u0113k\u0101 daudzst\u0101vu dz\u012bvok\u013cu kompleks\u0101, raksta &#8220;Reuters&#8221;. Ministrs piektdien nor\u0101d\u012bja,&hellip;\n","protected":false},"author":2,"featured_media":61121,"comment_status":"","ping_status":"","sticky":false,"template":"","format":"standard","meta":{"footnotes":""},"categories":[14],"tags":[23,57,28,29,32,33,22,8114,30,31,35,39,38,36,37,34,40,20,26,27,24,25,54,55,56,21,58],"class_list":{"0":"post-61120","1":"post","2":"type-post","3":"status-publish","4":"format-standard","5":"has-post-thumbnail","7":"category-zinas-no-arvalstim","8":"tag-aktualitates","9":"tag-arvalstim","10":"tag-breaking-news","11":"tag-breakingnews","12":"tag-featured-news","13":"tag-featurednews","14":"tag-headlines","15":"tag-honkonga","16":"tag-latest-news","17":"tag-latestnews","18":"tag-latvia","19":"tag-latvian","20":"tag-latviesu","21":"tag-latviesu-valoda","22":"tag-latviesuvaloda","23":"tag-latvija","24":"tag-lv","25":"tag-news","26":"tag-popularakas-zinas","27":"tag-popularakaszinas","28":"tag-top-stories","29":"tag-topstories","30":"tag-world","31":"tag-world-news","32":"tag-worldnews","33":"tag-zinas","34":"tag-zinas-no-arvalstim"},"share_on_mastodon":{"url":"https:\/\/pubeurope.com\/@lv\/115631814299323176","error":""},"_links":{"self":[{"href":"https:\/\/www.europesays.com\/lv\/wp-json\/wp\/v2\/posts\/61120","targetHints":{"allow":["GET"]}}],"collection":[{"href":"https:\/\/www.europesays.com\/lv\/wp-json\/wp\/v2\/posts"}],"about":[{"href":"https:\/\/www.europesays.com\/lv\/wp-json\/wp\/v2\/types\/post"}],"author":[{"embeddable":true,"href":"https:\/\/www.europesays.com\/lv\/wp-json\/wp\/v2\/users\/2"}],"replies":[{"embeddable":true,"href":"https:\/\/www.europesays.com\/lv\/wp-json\/wp\/v2\/comments?post=61120"}],"version-history":[{"count":0,"href":"https:\/\/www.europesays.com\/lv\/wp-json\/wp\/v2\/posts\/61120\/revisions"}],"wp:featuredmedia":[{"embeddable":true,"href":"https:\/\/www.europesays.com\/lv\/wp-json\/wp\/v2\/media\/61121"}],"wp:attachment":[{"href":"https:\/\/www.europesays.com\/lv\/wp-json\/wp\/v2\/media?parent=61120"}],"wp:term":[{"taxonomy":"category","embeddable":true,"href":"https:\/\/www.europesays.com\/lv\/wp-json\/wp\/v2\/categories?post=61120"},{"taxonomy":"post_tag","embeddable":true,"href":"https:\/\/www.europesays.com\/lv\/wp-json\/wp\/v2\/tags?post=61120"}],"curies":[{"name":"wp","href":"https:\/\/api.w.org\/{rel}","templated":true}]}}