{"id":61135,"date":"2025-11-29T07:47:09","date_gmt":"2025-11-29T07:47:09","guid":{"rendered":"https:\/\/www.europesays.com\/lv\/61135\/"},"modified":"2025-11-29T07:47:09","modified_gmt":"2025-11-29T07:47:09","slug":"tramps-pazino-par-drizam-sauszemes-operacijam-pret-venecuelas-narkotiku-kontrabandistiem","status":"publish","type":"post","link":"https:\/\/www.europesays.com\/lv\/61135\/","title":{"rendered":"Tramps pazi\u0146o par dr\u012bz\u0101m sauszemes oper\u0101cij\u0101m pret Venecu\u0113las narkotiku kontrabandistiem"},"content":{"rendered":"<p>Tramps konferences zvan\u0101 ar ASV karav\u012briem sac\u012bja, ka &#8220;vairs nav p\u0101r\u0101k daudz [Venecu\u0113las narkotiku kontrabandistu], kas ierastos pa j\u016bru&#8221;. Tramps piebilda, ka vi\u0146a administr\u0101cija ir &#8220;gandr\u012bz aptur\u0113jusi&#8221; narkotiku ieve\u0161anu ASV pa j\u016bru.<\/p>\n<p>&#8220;[Ieve\u0161ana] pa j\u016bru ir aptur\u0113ta par aptuveni 85%. J\u016bs laikam esat paman\u012bju\u0161i, ka cilv\u0113ki negrib pieg\u0101di pa j\u016bru. Un m\u0113s s\u0101ksim aptur\u0113t vi\u0146u pieg\u0101des pa sauszemi.<\/p>\n<blockquote class=\"quote ck-widget\" contenteditable=\"false\">\n<p>Sauszeme ir viegl\u0101ka [pieg\u0101d\u0113m], bet tas s\u0101ksies \u013coti dr\u012bz. M\u0113s vi\u0146us br\u012bdin\u0101m aptur\u0113t indes s\u016bt\u012b\u0161anu uz m\u016bsu valsti,&#8221; sac\u012bja ASV prezidents.<\/p>\n<\/blockquote>\n<p>Tramps iepriek\u0161 bija sac\u012bjis, ka vi\u0146a administr\u0101cija apsver uzbrukumus narkotiku kontrabandistu sauszemes oper\u0101cij\u0101m, kas notiktu papildus ASV armijas jau veiktajiem uzbrukumiem ku\u0123iem, kas tika tur\u0113ti aizdom\u0101s par narkotiku p\u0101rvad\u0101\u0161anu Kar\u012bbu j\u016br\u0101.<\/p>\n<p>ASV armija p\u0113d\u0113j\u0101s ned\u0113\u013c\u0101s ir ap\u0161aud\u012bjusi narkotiku kontrabandistu ku\u0123us Kar\u012bbu j\u016br\u0101, nogalinot vair\u0101k nek\u0101 80 cilv\u0113ku. \u0160\u012bs darb\u012bbas ir pla\u0161i kritiz\u0113tas, jo Va\u0161ingtona s\u0101kotn\u0113ji nesniedza juridisku pamatojumu \u0161iem triecieniem.<\/p>\n<p>Trampa administr\u0101cija ir pasludin\u0101jusi narkotiku karte\u013cus par teroristu organiz\u0101cij\u0101m.<\/p>\n<blockquote class=\"quote ck-widget\" contenteditable=\"false\">\n<p><a href=\"https:\/\/www.tvnet.lv\/term\/555645\/venecuela\" class=\"topicLink\" target=\"_blank\" rel=\"nofollow noopener\">Venecu\u0113la<\/a> uzskata, ka Va\u0161ingtona ar \u0161\u012bm oper\u0101cij\u0101m grib pan\u0101kt re\u017e\u012bma mai\u0146u \u0161aj\u0101 valst\u012b.<\/p>\n<\/blockquote>\n","protected":false},"excerpt":{"rendered":"Tramps konferences zvan\u0101 ar ASV karav\u012briem sac\u012bja, ka &#8220;vairs nav p\u0101r\u0101k daudz [Venecu\u0113las narkotiku kontrabandistu], kas ierastos pa&hellip;\n","protected":false},"author":2,"featured_media":61136,"comment_status":"","ping_status":"","sticky":false,"template":"","format":"standard","meta":{"footnotes":""},"categories":[14],"tags":[23,57,28,29,542,32,33,22,30,31,35,39,38,36,37,34,40,359,20,26,27,24,25,358,54,55,56,21,58],"class_list":{"0":"post-61135","1":"post","2":"type-post","3":"status-publish","4":"format-standard","5":"has-post-thumbnail","7":"category-zinas-no-arvalstim","8":"tag-aktualitates","9":"tag-arvalstim","10":"tag-breaking-news","11":"tag-breakingnews","12":"tag-donalds-tramps","13":"tag-featured-news","14":"tag-featurednews","15":"tag-headlines","16":"tag-latest-news","17":"tag-latestnews","18":"tag-latvia","19":"tag-latvian","20":"tag-latviesu","21":"tag-latviesu-valoda","22":"tag-latviesuvaloda","23":"tag-latvija","24":"tag-lv","25":"tag-narkotikas","26":"tag-news","27":"tag-popularakas-zinas","28":"tag-popularakaszinas","29":"tag-top-stories","30":"tag-topstories","31":"tag-venecuela","32":"tag-world","33":"tag-world-news","34":"tag-worldnews","35":"tag-zinas","36":"tag-zinas-no-arvalstim"},"share_on_mastodon":{"url":"https:\/\/pubeurope.com\/@lv\/115631885090581071","error":""},"_links":{"self":[{"href":"https:\/\/www.europesays.com\/lv\/wp-json\/wp\/v2\/posts\/61135","targetHints":{"allow":["GET"]}}],"collection":[{"href":"https:\/\/www.europesays.com\/lv\/wp-json\/wp\/v2\/posts"}],"about":[{"href":"https:\/\/www.europesays.com\/lv\/wp-json\/wp\/v2\/types\/post"}],"author":[{"embeddable":true,"href":"https:\/\/www.europesays.com\/lv\/wp-json\/wp\/v2\/users\/2"}],"replies":[{"embeddable":true,"href":"https:\/\/www.europesays.com\/lv\/wp-json\/wp\/v2\/comments?post=61135"}],"version-history":[{"count":0,"href":"https:\/\/www.europesays.com\/lv\/wp-json\/wp\/v2\/posts\/61135\/revisions"}],"wp:featuredmedia":[{"embeddable":true,"href":"https:\/\/www.europesays.com\/lv\/wp-json\/wp\/v2\/media\/61136"}],"wp:attachment":[{"href":"https:\/\/www.europesays.com\/lv\/wp-json\/wp\/v2\/media?parent=61135"}],"wp:term":[{"taxonomy":"category","embeddable":true,"href":"https:\/\/www.europesays.com\/lv\/wp-json\/wp\/v2\/categories?post=61135"},{"taxonomy":"post_tag","embeddable":true,"href":"https:\/\/www.europesays.com\/lv\/wp-json\/wp\/v2\/tags?post=61135"}],"curies":[{"name":"wp","href":"https:\/\/api.w.org\/{rel}","templated":true}]}}