{"id":61150,"date":"2025-11-29T08:05:09","date_gmt":"2025-11-29T08:05:09","guid":{"rendered":"https:\/\/www.europesays.com\/lv\/61150\/"},"modified":"2025-11-29T08:05:09","modified_gmt":"2025-11-29T08:05:09","slug":"gaisa-satiksme-iespejami-traucejumi-programmaturas-nomainas-del","status":"publish","type":"post","link":"https:\/\/www.europesays.com\/lv\/61150\/","title":{"rendered":"Gaisa satiksm\u0113 iesp\u0113jami trauc\u0113jumi programmat\u016bras nomai\u0146as d\u0113\u013c"},"content":{"rendered":"<p>Eiropas lidma\u0161\u012bnu b\u016bvnieks &#8220;Airbus&#8221; instru\u0113ja savus klientus veikt &#8220;t\u016bl\u012bt\u0113jus piesardz\u012bbas pas\u0101kumus&#8221; p\u0113c tehniskas k\u013c\u016bmes izv\u0113rt\u0113\u0161anas &#8220;JetBlue&#8221; reis\u0101 oktobr\u012b.<\/p>\n<p>&#8220;Intens\u012bvs saules starojums var saboj\u0101t datus, kas ir kritiski svar\u012bgi lidojuma kontroles funkcion\u0113\u0161anai,&#8221; pazi\u0146oja &#8220;Airbus&#8221;, piebilstot, ka tas var skart &#8220;iev\u0113rojamu skaitu lidma\u0161\u012bnu &#8220;A320 Family&#8221;, kas pa\u0161laik atrodas ekspluat\u0101cij\u0101&#8221;.<\/p>\n<p>Liel\u0101kajai da\u013cai lidma\u0161\u012bnu programmat\u016bras nomai\u0146a var ilgt &#8220;da\u017eas stundas&#8221;, bet aptuveni 1000 lidma\u0161\u012bn\u0101m \u0161\u012bs process &#8220;ilgs [vair\u0101kas] ned\u0113\u013cas&#8221;, sac\u012bja probl\u0113mai tuvs zi\u0146u avots.<\/p>\n<p>Eiropas Savien\u012bbas Avi\u0101cijas dro\u0161\u012bbas a\u0123ent\u016bra (EASA) pazi\u0146oja, ka &#8220;Airbus&#8221; ir to inform\u0113jis par \u0161o probl\u0113mu.<\/p>\n<p>&#8220;\u0160ie pas\u0101kumi var izrais\u012bt \u012bstermi\u0146a trauc\u0113jumus lidojumu grafikos un t\u0101d\u0113j\u0101di rad\u012bt ne\u0113rt\u012bbas pasa\u017eieriem,&#8221; pav\u0113st\u012bja EASA, piebilstot, ka &#8220;dro\u0161\u012bba ir vissvar\u012bg\u0101k\u0101&#8221;.<\/p>\n<p>K\u013c\u016bme bija programmat\u016br\u0101 &#8220;Elevator and Aileron Computer&#8221; (ELAC), kuru ra\u017eojis uz\u0146\u0113mums &#8220;Thales&#8221;.<\/p>\n<p>Aeronautikas, kosmosa un milit\u0101ro sist\u0113mu izstr\u0101d\u0101t\u0101js un ra\u017eot\u0101js &#8220;Thales&#8221; pav\u0113st\u012bja zi\u0146u a\u0123ent\u016brai AFP, ka &#8220;attiec\u012bg\u0101 funkcija ir da\u013ca no programmat\u016bras, par kuru &#8220;Thales&#8221; nav atbild\u012bga&#8221;.<\/p>\n","protected":false},"excerpt":{"rendered":"Eiropas lidma\u0161\u012bnu b\u016bvnieks &#8220;Airbus&#8221; instru\u0113ja savus klientus veikt &#8220;t\u016bl\u012bt\u0113jus piesardz\u012bbas pas\u0101kumus&#8221; p\u0113c tehniskas k\u013c\u016bmes izv\u0113rt\u0113\u0161anas &#8220;JetBlue&#8221; reis\u0101 oktobr\u012b.&hellip;\n","protected":false},"author":2,"featured_media":61151,"comment_status":"","ping_status":"","sticky":false,"template":"","format":"standard","meta":{"footnotes":""},"categories":[14],"tags":[23,57,28,29,32,33,1134,22,30,31,35,39,38,36,37,34,3309,40,20,26,27,24,25,54,55,56,21,58],"class_list":{"0":"post-61150","1":"post","2":"type-post","3":"status-publish","4":"format-standard","5":"has-post-thumbnail","7":"category-zinas-no-arvalstim","8":"tag-aktualitates","9":"tag-arvalstim","10":"tag-breaking-news","11":"tag-breakingnews","12":"tag-featured-news","13":"tag-featurednews","14":"tag-gaisa-satiksme","15":"tag-headlines","16":"tag-latest-news","17":"tag-latestnews","18":"tag-latvia","19":"tag-latvian","20":"tag-latviesu","21":"tag-latviesu-valoda","22":"tag-latviesuvaloda","23":"tag-latvija","24":"tag-lidmasina","25":"tag-lv","26":"tag-news","27":"tag-popularakas-zinas","28":"tag-popularakaszinas","29":"tag-top-stories","30":"tag-topstories","31":"tag-world","32":"tag-world-news","33":"tag-worldnews","34":"tag-zinas","35":"tag-zinas-no-arvalstim"},"share_on_mastodon":{"url":"https:\/\/pubeurope.com\/@lv\/115631955823452017","error":""},"_links":{"self":[{"href":"https:\/\/www.europesays.com\/lv\/wp-json\/wp\/v2\/posts\/61150","targetHints":{"allow":["GET"]}}],"collection":[{"href":"https:\/\/www.europesays.com\/lv\/wp-json\/wp\/v2\/posts"}],"about":[{"href":"https:\/\/www.europesays.com\/lv\/wp-json\/wp\/v2\/types\/post"}],"author":[{"embeddable":true,"href":"https:\/\/www.europesays.com\/lv\/wp-json\/wp\/v2\/users\/2"}],"replies":[{"embeddable":true,"href":"https:\/\/www.europesays.com\/lv\/wp-json\/wp\/v2\/comments?post=61150"}],"version-history":[{"count":0,"href":"https:\/\/www.europesays.com\/lv\/wp-json\/wp\/v2\/posts\/61150\/revisions"}],"wp:featuredmedia":[{"embeddable":true,"href":"https:\/\/www.europesays.com\/lv\/wp-json\/wp\/v2\/media\/61151"}],"wp:attachment":[{"href":"https:\/\/www.europesays.com\/lv\/wp-json\/wp\/v2\/media?parent=61150"}],"wp:term":[{"taxonomy":"category","embeddable":true,"href":"https:\/\/www.europesays.com\/lv\/wp-json\/wp\/v2\/categories?post=61150"},{"taxonomy":"post_tag","embeddable":true,"href":"https:\/\/www.europesays.com\/lv\/wp-json\/wp\/v2\/tags?post=61150"}],"curies":[{"name":"wp","href":"https:\/\/api.w.org\/{rel}","templated":true}]}}