{"id":61152,"date":"2025-11-29T08:10:08","date_gmt":"2025-11-29T08:10:08","guid":{"rendered":"https:\/\/www.europesays.com\/lv\/61152\/"},"modified":"2025-11-29T08:10:08","modified_gmt":"2025-11-29T08:10:08","slug":"tesla-robotaxi-drosibas-vaditajs-tris-reizes-aizmidzis-brauciena-laika-lente-lv","status":"publish","type":"post","link":"https:\/\/www.europesays.com\/lv\/61152\/","title":{"rendered":"Tesla Robotaxi dro\u0161\u012bbas vad\u012bt\u0101js tr\u012bs reizes aizmidzis brauciena laik\u0101\u00a0\u2014\u00a0Lente.lv"},"content":{"rendered":"<p>Dro\u0161\u012bbas vad\u012bt\u0101js Tesla Robotaxi aizmidzis pie st\u016bres<\/p>\n<p>Tesla piedz\u012bvo ne tos viegl\u0101kos laikus: pe\u013c\u0146a sar\u016bk, mode\u013cu kl\u0101sts noveco, un uz\u0146\u0113mums cen\u0161as atv\u0113rt jaunus biznesa virzienus. Tikm\u0113r Ilons Masks turpina sol\u012bt \u00abepisk\u0101ko demonstr\u0101ciju\u00bb un nelielus m\u0101jienus par lidojo\u0161iem auto. Kam\u0113r visi gaida \u0161\u012bs ska\u013c\u0101s demonstr\u0101cijas l\u012bdz \u0161\u012b gada beig\u0101m, Tesla jau test\u0113 Robotaxi Sanfrancisko un Ostin\u0101. Ta\u010du \u0161\u0137iet, ka uz\u0146\u0113mumam nopietni j\u0101p\u0101rskata pieeja dro\u0161\u012bbas vad\u012bt\u0101jiem.<\/p>\n<p>Uztraukuma pilns atkl\u0101jums<\/p>\n<p>Lietot\u0101js Reddit ar segv\u0101rdu ohmichael ir public\u0113jis video, kur\u0101 redzams, k\u0101 dro\u0161\u012bbas vad\u012bt\u0101js Robotaxi mier\u012bgi aizmidzis pie st\u016bres brauciena laik\u0101. V\u0113l jo vair\u0101k, vi\u0146a st\u0101st\u012btais liecina, ka v\u012brietis tr\u012bs reizes aizmidzis viena mar\u0161ruta laik\u0101. Lietot\u0101js m\u0113\u0123in\u0101jis par to zi\u0146ot Teslai, ta\u010du nav sa\u0146\u0113mis atbildi. V\u0113l viens pasa\u017eieris atsaucas pavedien\u0101. Vi\u0146\u0161 pazinis vad\u012bt\u0101ju un past\u0101st\u012bjis, ka vi\u0146\u0161 ar\u012b aizmidzis kust\u012bb\u0101 sastr\u0113gum\u0101 pa ce\u013cam no Temeskals uz Sanfrancisko.<\/p>\n<p>Nepietiekama sagatavot\u012bba un augo\u0161\u0101s probl\u0113mas<\/p>\n<p>Dro\u0161\u012bbas vad\u012bt\u0101ja darbs autonom\u0101 automa\u0161\u012bn\u0101 nav viegls. Piem\u0113ram, Waymo prasa nopietnu sagatavot\u012bbu pirms darbinieka pielai\u0161anas pie automa\u0161\u012bnas. Un \u0161\u0137iet, ka Tesla \u0161eit str\u0101d\u0101 iev\u0113rojami maz\u0101k r\u016bp\u012bgi. Probl\u0113mas rada ar\u012b statistika. Ostin\u0101, kur Tesla uzs\u0101ka eksperimentu j\u016blij\u0101, jau notiku\u0161as vismaz septi\u0146as av\u0101rijas, lai gan uz\u0146\u0113mums turpina sl\u0113pt da\u013cu inform\u0101cijas atskait\u0113s ASV Nacion\u0101lajai ce\u013cu satiksmes dro\u0161\u012bbas administr\u0101cijai. Kalifornij\u0101 situ\u0101cija ir v\u0113l sare\u017e\u0123\u012bt\u0101ka. Uz\u0146\u0113mumam ir DMV at\u013cauja test\u0113t autonomos auto ar dro\u0161\u012bbas vad\u012bt\u0101ju, bet nav CPUC at\u013cauju, kas nepiecie\u0161amas jebkuram robotaksi \u2014 ar vad\u012bt\u0101ju vai bez. Mart\u0101 Tesla sa\u0146\u0113ma tikai atsevi\u0161\u0137u at\u013cauju tradicion\u0101lajam taksometru pakalpojumam ar cilv\u0113ku vad\u012bt\u0101jiem. Tesla pagaid\u0101m nav atbild\u0113jusi uz \u017eurn\u0101listu piepras\u012bjumu attiec\u012bb\u0101 uz incidentu ar aizmig\u0161anu pie st\u016bres un pakalpojuma statusu Kalifornij\u0101.<\/p>\n","protected":false},"excerpt":{"rendered":"Dro\u0161\u012bbas vad\u012bt\u0101js Tesla Robotaxi aizmidzis pie st\u016bres Tesla piedz\u012bvo ne tos viegl\u0101kos laikus: pe\u013c\u0146a sar\u016bk, mode\u013cu kl\u0101sts noveco,&hellip;\n","protected":false},"author":2,"featured_media":61153,"comment_status":"","ping_status":"","sticky":false,"template":"","format":"standard","meta":{"footnotes":""},"categories":[16],"tags":[15811,1465,220,77,76,14725,35,39,38,36,37,34,40,216],"class_list":{"0":"post-61152","1":"post","2":"type-post","3":"status-publish","4":"format-standard","5":"has-post-thumbnail","7":"category-bizness","8":"tag-aizmidzis-pie-stures","9":"tag-autoavarijas","10":"tag-autonoma-brauksana","11":"tag-bizness","12":"tag-business","13":"tag-drosibas-vaditajs","14":"tag-latvia","15":"tag-latvian","16":"tag-latviesu","17":"tag-latviesu-valoda","18":"tag-latviesuvaloda","19":"tag-latvija","20":"tag-lv","21":"tag-tesla-robotaxi"},"share_on_mastodon":{"url":"https:\/\/pubeurope.com\/@lv\/115631975638608222","error":""},"_links":{"self":[{"href":"https:\/\/www.europesays.com\/lv\/wp-json\/wp\/v2\/posts\/61152","targetHints":{"allow":["GET"]}}],"collection":[{"href":"https:\/\/www.europesays.com\/lv\/wp-json\/wp\/v2\/posts"}],"about":[{"href":"https:\/\/www.europesays.com\/lv\/wp-json\/wp\/v2\/types\/post"}],"author":[{"embeddable":true,"href":"https:\/\/www.europesays.com\/lv\/wp-json\/wp\/v2\/users\/2"}],"replies":[{"embeddable":true,"href":"https:\/\/www.europesays.com\/lv\/wp-json\/wp\/v2\/comments?post=61152"}],"version-history":[{"count":0,"href":"https:\/\/www.europesays.com\/lv\/wp-json\/wp\/v2\/posts\/61152\/revisions"}],"wp:featuredmedia":[{"embeddable":true,"href":"https:\/\/www.europesays.com\/lv\/wp-json\/wp\/v2\/media\/61153"}],"wp:attachment":[{"href":"https:\/\/www.europesays.com\/lv\/wp-json\/wp\/v2\/media?parent=61152"}],"wp:term":[{"taxonomy":"category","embeddable":true,"href":"https:\/\/www.europesays.com\/lv\/wp-json\/wp\/v2\/categories?post=61152"},{"taxonomy":"post_tag","embeddable":true,"href":"https:\/\/www.europesays.com\/lv\/wp-json\/wp\/v2\/tags?post=61152"}],"curies":[{"name":"wp","href":"https:\/\/api.w.org\/{rel}","templated":true}]}}