{"id":61170,"date":"2025-11-29T08:31:08","date_gmt":"2025-11-29T08:31:08","guid":{"rendered":"https:\/\/www.europesays.com\/lv\/61170\/"},"modified":"2025-11-29T08:31:08","modified_gmt":"2025-11-29T08:31:08","slug":"saeima-iesalde-politisko-partiju-finansejumu-2026-gada-prognozets-ieverojams-budzeta-ietaupijums-lente-lv","status":"publish","type":"post","link":"https:\/\/www.europesays.com\/lv\/61170\/","title":{"rendered":"Saeima iesald\u0113 politisko partiju finans\u0113jumu 2026. gad\u0101, prognoz\u0113ts iev\u0113rojams bud\u017eeta ietaup\u012bjums\u00a0\u2014\u00a0Lente.lv"},"content":{"rendered":"<p>Saeima ir veikusi noz\u012bm\u012bgu l\u0113mumu, gal\u012bgaj\u0101 las\u012bjum\u0101 pie\u0146emot groz\u012bjumus Politisko organiz\u0101ciju (partiju) finans\u0113\u0161anas likum\u0101, kas paredz iesald\u0113t valsts bud\u017eeta finans\u0113jumu politiskaj\u0101m partij\u0101m ar\u012b 2026. gad\u0101. \u0160\u012bs izmai\u0146as, kas st\u0101sies sp\u0113k\u0101 2026. gada 1. janv\u0101r\u012b, noz\u012bm\u0113, ka partiju finans\u0113jums tiks apr\u0113\u0137in\u0101ts un pie\u0161\u0137irts, balstoties uz 2024. gada minim\u0101l\u0101s m\u0113ne\u0161algas apm\u0113ru, nevis uz prognoz\u0113to 2025. gada l\u012bmeni. \u0160\u0101ds solis, p\u0113c politi\u0137u paust\u0101, ir da\u013ca no pla\u0161\u0101ka pas\u0101kumu kopuma, lai valsts bud\u017eet\u0101 atbr\u012bvotu l\u012bdzek\u013cus steidzami nepiecie\u0161amiem m\u0113r\u0137iem un solidarit\u0101ti ar valsts p\u0101rvaldes izdevumu samazin\u0101\u0161anu. Sagaid\u0101mais ietaup\u012bjums no \u0161\u012b l\u0113muma n\u0101kamaj\u0101 gad\u0101 tiek l\u0113sts ap 0,76 miljoniem eiro.<\/p>\n<p>Finans\u0113juma iesald\u0113\u0161anas b\u016bt\u012bba un motiv\u0101cija<\/p>\n<p>Groz\u012bjumi paredz, ka turpm\u0101k politiskaj\u0101m partij\u0101m, kuras p\u0113d\u0113j\u0101s Saeimas v\u0113l\u0113\u0161an\u0101s ieguvu\u0161as vair\u0101k nek\u0101 2% balsu, valsts bud\u017eeta finans\u0113jums tiks pie\u0161\u0137irts, saglab\u0101jot to apm\u0113ru, k\u0101ds tas bija noteikts, balstoties uz 2024. gada minim\u0101lo darba algu. Tas noz\u012bm\u0113, ka, pat ja minim\u0101l\u0101 alga tiktu palielin\u0101ta 2025. gad\u0101, partiju finans\u0113jums paliktu iepriek\u0161\u0113j\u0101 l\u012bmen\u012b. \u0160\u0101ds l\u0113mums tiek skaidrots k\u0101 nepiecie\u0161am\u012bba solidarit\u0101tei ar valsts bud\u017eeta taup\u012bbas pas\u0101kumiem un iesp\u0113ja novirz\u012bt papildu l\u012bdzek\u013cus priorit\u0101riem projektiem. K\u0101 uzsv\u0113ris atbild\u012bg\u0101s Bud\u017eeta un finan\u0161u (nodok\u013cu) komisijas priek\u0161s\u0113d\u0113t\u0101ja Anda \u010cak\u0161a, tas ir viens no so\u013ciem, lai nodro\u0161in\u0101tu finans\u0113jumu valsts ak\u016bt\u0101m vajadz\u012bb\u0101m.<\/p>\n<p>Pa\u0161reiz\u0113j\u0101 k\u0101rt\u012bba nosaka, ka politiskaj\u0101m partij\u0101m pie\u0161\u0137ir valsts bud\u017eeta finans\u0113jumu, kas atkar\u012bgs no balsu skaita p\u0113d\u0113j\u0101s Saeimas, pa\u0161vald\u012bbu un Eiropas Parlamenta v\u0113l\u0113\u0161an\u0101s. Konkr\u0113ti, par katru balsi Saeimas v\u0113l\u0113\u0161an\u0101s tiek pie\u0161\u0137irts 0,9% no minim\u0101l\u0101s m\u0113ne\u0161algas, par katru balsi pa\u0161vald\u012bbu un Eiropas Parlamenta v\u0113l\u0113\u0161an\u0101s \u2013 0,1%. Papildus tam, partij\u0101m, kas p\u0101rsniegu\u0161as 5% barjeru Saeimas v\u0113l\u0113\u0161an\u0101s, pie\u0161\u0137ir ar\u012b fiks\u0113tu finans\u0113jumu 200 minim\u0101lo m\u0113ne\u0161algu apm\u0113r\u0101 gad\u0101. Kop\u0113jais finans\u0113jums vienai partijai nedr\u012bkst p\u0101rsniegt 1600 minim\u0101l\u0101s darba algas apm\u0113ru.<\/p>\n<p>Secin\u0101jumi un diskusijas par partiju finans\u0113\u0161anas modeli<\/p>\n<p>\u0160\u0101ds l\u0113mums, protams, neizpaliek bez diskusij\u0101m un da\u017e\u0101diem viedok\u013ciem. Da\u017ei politi\u0137i un politikas anal\u012bti\u0137i nor\u0101da, ka partiju finans\u0113\u0161anas modelis kopum\u0101 ir novecojis un prasa pla\u0161\u0101ku reformu, kas gan, visticam\u0101k, b\u016btu j\u0101veic jau n\u0101kamajam Saeimas sasaukumam. K\u0101 viena no alternat\u012bv\u0101m tiek min\u0113ta nepiecie\u0161am\u012bba stiprin\u0101t partiju finansi\u0101lo neatkar\u012bbu, vair\u0101k pa\u013caujoties uz biedru maks\u0101jumiem un priv\u0101tiem ziedojumiem, t\u0101d\u0113j\u0101di stiprinot demokr\u0101tiju un partiju atbild\u012bbu pret v\u0113l\u0113t\u0101jiem. Tiek uzsv\u0113rts, ka partij\u0101m vajadz\u0113tu vair\u0101k l\u012bdzek\u013cu izmantot p\u0113t\u012bjumiem un anal\u012btiskajam darbam, nevis vien\u012bgi rekl\u0101m\u0101m un biroju uztur\u0113\u0161anai.<\/p>\n<p>Tom\u0113r ir ar\u012b balsis, kas pau\u017e ba\u017eas, ka p\u0101r\u0101k strauja un b\u016btiska finans\u0113juma samazin\u0101\u0161ana var\u0113tu palielin\u0101t \u0101r\u0113jo, piem\u0113ram, ekonomisko grup\u0113jumu vai lielu ziedot\u0101ju, ietekmi uz partiju darb\u012bbu. Saeimas frakciju redz\u0113jumi par izmai\u0146\u0101m ir at\u0161\u0137\u012bru\u0161ies, un atsevi\u0161\u0137i priek\u0161likumi, kas paredz\u0113ja m\u012bkstin\u0101t sodus par finans\u0113juma izmaksas p\u0101rtrauk\u0161anu vai palielin\u0101t atkl\u0101t\u012bbu finan\u0161u izlietojum\u0101, netika atbalst\u012bti.<\/p>\n<p>Kopum\u0101 politisko partiju finans\u0113juma iesald\u0113\u0161ana ir k\u0101 pagaidu risin\u0101jums, lai nodro\u0161in\u0101tu bud\u017eeta stabilit\u0101ti un novirz\u012btu l\u012bdzek\u013cus svar\u012bg\u0101kajiem valsts uzdevumiem. Tas, k\u0101 \u0161\u012bs izmai\u0146as ietekm\u0113s partiju darb\u012bbu un politisko procesu kopum\u0101, r\u0101d\u012bs n\u0101kotne.<\/p>\n","protected":false},"excerpt":{"rendered":"Saeima ir veikusi noz\u012bm\u012bgu l\u0113mumu, gal\u012bgaj\u0101 las\u012bjum\u0101 pie\u0146emot groz\u012bjumus Politisko organiz\u0101ciju (partiju) finans\u0113\u0161anas likum\u0101, kas paredz iesald\u0113t valsts&hellip;\n","protected":false},"author":2,"featured_media":61171,"comment_status":"","ping_status":"","sticky":false,"template":"","format":"standard","meta":{"footnotes":""},"categories":[5],"tags":[23,28,29,16138,32,33,22,30,31,35,39,38,36,37,34,40,20,16139,16136,26,27,16137,24,25,331,21],"class_list":{"0":"post-61170","1":"post","2":"type-post","3":"status-publish","4":"format-standard","5":"has-post-thumbnail","7":"category-aktualitates","8":"tag-aktualitates","9":"tag-breaking-news","10":"tag-breakingnews","11":"tag-budzeta-likumdosana","12":"tag-featured-news","13":"tag-featurednews","14":"tag-headlines","15":"tag-latest-news","16":"tag-latestnews","17":"tag-latvia","18":"tag-latvian","19":"tag-latviesu","20":"tag-latviesu-valoda","21":"tag-latviesuvaloda","22":"tag-latvija","23":"tag-lv","24":"tag-news","25":"tag-partiju-finansesanas-likums","26":"tag-politisko-partiju-finansejums","27":"tag-popularakas-zinas","28":"tag-popularakaszinas","29":"tag-saeimas-lemums","30":"tag-top-stories","31":"tag-topstories","32":"tag-valsts-budzets","33":"tag-zinas"},"share_on_mastodon":{"url":"https:\/\/pubeurope.com\/@lv\/115632058238666684","error":""},"_links":{"self":[{"href":"https:\/\/www.europesays.com\/lv\/wp-json\/wp\/v2\/posts\/61170","targetHints":{"allow":["GET"]}}],"collection":[{"href":"https:\/\/www.europesays.com\/lv\/wp-json\/wp\/v2\/posts"}],"about":[{"href":"https:\/\/www.europesays.com\/lv\/wp-json\/wp\/v2\/types\/post"}],"author":[{"embeddable":true,"href":"https:\/\/www.europesays.com\/lv\/wp-json\/wp\/v2\/users\/2"}],"replies":[{"embeddable":true,"href":"https:\/\/www.europesays.com\/lv\/wp-json\/wp\/v2\/comments?post=61170"}],"version-history":[{"count":0,"href":"https:\/\/www.europesays.com\/lv\/wp-json\/wp\/v2\/posts\/61170\/revisions"}],"wp:featuredmedia":[{"embeddable":true,"href":"https:\/\/www.europesays.com\/lv\/wp-json\/wp\/v2\/media\/61171"}],"wp:attachment":[{"href":"https:\/\/www.europesays.com\/lv\/wp-json\/wp\/v2\/media?parent=61170"}],"wp:term":[{"taxonomy":"category","embeddable":true,"href":"https:\/\/www.europesays.com\/lv\/wp-json\/wp\/v2\/categories?post=61170"},{"taxonomy":"post_tag","embeddable":true,"href":"https:\/\/www.europesays.com\/lv\/wp-json\/wp\/v2\/tags?post=61170"}],"curies":[{"name":"wp","href":"https:\/\/api.w.org\/{rel}","templated":true}]}}