{"id":61176,"date":"2025-11-29T08:37:13","date_gmt":"2025-11-29T08:37:13","guid":{"rendered":"https:\/\/www.europesays.com\/lv\/61176\/"},"modified":"2025-11-29T08:37:13","modified_gmt":"2025-11-29T08:37:13","slug":"pie-turcijas-krastiem-aizdegusies-divi-krievijas-tankkugi","status":"publish","type":"post","link":"https:\/\/www.europesays.com\/lv\/61176\/","title":{"rendered":"Pie Turcijas krastiem aizdegu\u0161ies divi Krievijas tankku\u0123i"},"content":{"rendered":"<p>Net\u0101l\u0101s ostas darbinieks st\u0101sta, ka p\u0113c spr\u0101dziena 275 metru garais ku\u0123is &#8220;Kairos&#8221; s\u0101cis grimt. Uz ku\u0123a izc\u0113l\u0101s ugunsgr\u0113ks \u0101r\u0113ju apst\u0101k\u013cu d\u0113\u013c un tika nos\u016bt\u012bti gl\u0101b\u0161anas ku\u0123i, lai evaku\u0113tu 25 apkalpes locek\u013cus.<\/p>\n<p>Turcijas \u0123ener\u0101l\u0161t\u0101bs apstiprin\u0101ja incidentu un zi\u0146oja, ka pie Turcijas krastiem cietis ar\u012b ku\u0123is &#8220;Virat&#8221;, kas bija s\u0101cis d\u016bmot.<\/p>\n<p>Prec\u012bz\u0101ki incidenta c\u0113lo\u0146i nav skaidri, un pa\u0161laik notiek gl\u0101b\u0161anas oper\u0101cija.<\/p>\n<p><img decoding=\"async\" class=\"figure__image\" onclick=\"triggerEvent('articleImageClick', { id: 17306008, focus: 'single-image', focusIndex: '17306008' })\" onkeydown=\"if (event.key === 'Enter') {&#10;        triggerEvent('articleImageClick', { id: 17306008, focus: 'single-image', focusIndex: '17306008' })&#10;        }\" role=\"button\" tabindex=\"0\" data-focus-from=\"single-image\" data-focus-index=\"17306008\" src=\"https:\/\/www.europesays.com\/lv\/wp-content\/uploads\/2025\/11\/17306008t1h1d94.png\" onload=\"this.parentElement.classList.remove('figure__image-loading')\" alt=\"Pie Turcijas krastiem aizdegu\u0161ies divi Krievijas tankku\u0123i.\"\/>Pie Turcijas krastiem aizdegu\u0161ies divi Krievijas tankku\u0123i. Foto: Ekr\u0101nuz\u0146\u0113mums no &#8220;X&#8221; \/ &#8220;StratcomCentre&#8221;<\/p>\n<p>Publik\u0101cij\u0101 nor\u0101d\u012bts, ka \u0161ie divi ku\u0123i ir starp simtiem ku\u0123u, kas nodro\u0161in\u0101ja Krievijas naftas transport\u0113\u0161anu p\u0113c iebrukuma Ukrain\u0101. &#8220;Kairos&#8221; ir pak\u013cauts Apvienot\u0101s Karalistes un Eiropas Savien\u012bbas sankcij\u0101m, bet &#8220;Virat&#8221; ir pak\u013cauts ASV un ES sankcij\u0101m.<\/p>\n<p>Abi ku\u0123i incidenta br\u012bd\u012b bija bez kravas. Ac\u012bmredzot, tie bija st\u0101v\u0113ju\u0161i bezdarb\u012bb\u0101 Meln\u0101s j\u016bras rietumu da\u013c\u0101 gandr\u012bz visu gadu, kop\u0161 10. janv\u0101r\u012b ASV \u0100rvalstu akt\u012bvu kontroles birojs tos iek\u013c\u0101va melnaj\u0101 sarakst\u0101.<\/p>\n<p>Abu ku\u0123u p\u0101rvald\u012bt\u0101ji, kas ir iek\u013cauti starptautiskaj\u0101 dro\u0161\u012bbas datu b\u0101z\u0113 &#8220;Equasis&#8221;, neatbild\u0113ja uz zvaniem un e-pastiem, kuros tika l\u016bgts sniegt koment\u0101rus.<\/p>\n<p>\u0160is nav pirmais gad\u012bjums \u0161ogad, kad uz Krievijas ku\u0123iem notiku\u0161as eksplozijas. 2025. gada s\u0101kum\u0101 virkne eksploziju notika ar\u012b uz tirdzniec\u012bbas ku\u0123iem, kas iepriek\u0161 bija piest\u0101ju\u0161i Krievijas ost\u0101s.<\/p>\n<p>Sp\u0101nijas j\u016bras sp\u0113ki, kas izdevu\u0161i navig\u0101cijas br\u012bdin\u0101jumus \u0161aj\u0101 re\u0123ion\u0101, nor\u0101da, ka kop\u0161 konflikta s\u0101kuma ar\u012b peldo\u0161\u0101s m\u012bnas da\u017e\u0101s Meln\u0101s j\u016bras teritorij\u0101s rada iev\u0113rojamu risku.<\/p>\n","protected":false},"excerpt":{"rendered":"Net\u0101l\u0101s ostas darbinieks st\u0101sta, ka p\u0113c spr\u0101dziena 275 metru garais ku\u0123is &#8220;Kairos&#8221; s\u0101cis grimt. Uz ku\u0123a izc\u0113l\u0101s ugunsgr\u0113ks&hellip;\n","protected":false},"author":2,"featured_media":61177,"comment_status":"","ping_status":"","sticky":false,"template":"","format":"standard","meta":{"footnotes":""},"categories":[5],"tags":[23,28,29,32,33,22,10040,30,31,35,39,38,36,37,34,40,20,26,27,24,25,2380,21],"class_list":{"0":"post-61176","1":"post","2":"type-post","3":"status-publish","4":"format-standard","5":"has-post-thumbnail","7":"category-aktualitates","8":"tag-aktualitates","9":"tag-breaking-news","10":"tag-breakingnews","11":"tag-featured-news","12":"tag-featurednews","13":"tag-headlines","14":"tag-krievijas-enu-flote","15":"tag-latest-news","16":"tag-latestnews","17":"tag-latvia","18":"tag-latvian","19":"tag-latviesu","20":"tag-latviesu-valoda","21":"tag-latviesuvaloda","22":"tag-latvija","23":"tag-lv","24":"tag-news","25":"tag-popularakas-zinas","26":"tag-popularakaszinas","27":"tag-top-stories","28":"tag-topstories","29":"tag-turcija","30":"tag-zinas"},"share_on_mastodon":{"url":"https:\/\/pubeurope.com\/@lv\/115632081758258304","error":""},"_links":{"self":[{"href":"https:\/\/www.europesays.com\/lv\/wp-json\/wp\/v2\/posts\/61176","targetHints":{"allow":["GET"]}}],"collection":[{"href":"https:\/\/www.europesays.com\/lv\/wp-json\/wp\/v2\/posts"}],"about":[{"href":"https:\/\/www.europesays.com\/lv\/wp-json\/wp\/v2\/types\/post"}],"author":[{"embeddable":true,"href":"https:\/\/www.europesays.com\/lv\/wp-json\/wp\/v2\/users\/2"}],"replies":[{"embeddable":true,"href":"https:\/\/www.europesays.com\/lv\/wp-json\/wp\/v2\/comments?post=61176"}],"version-history":[{"count":0,"href":"https:\/\/www.europesays.com\/lv\/wp-json\/wp\/v2\/posts\/61176\/revisions"}],"wp:featuredmedia":[{"embeddable":true,"href":"https:\/\/www.europesays.com\/lv\/wp-json\/wp\/v2\/media\/61177"}],"wp:attachment":[{"href":"https:\/\/www.europesays.com\/lv\/wp-json\/wp\/v2\/media?parent=61176"}],"wp:term":[{"taxonomy":"category","embeddable":true,"href":"https:\/\/www.europesays.com\/lv\/wp-json\/wp\/v2\/categories?post=61176"},{"taxonomy":"post_tag","embeddable":true,"href":"https:\/\/www.europesays.com\/lv\/wp-json\/wp\/v2\/tags?post=61176"}],"curies":[{"name":"wp","href":"https:\/\/api.w.org\/{rel}","templated":true}]}}