{"id":61184,"date":"2025-11-29T08:48:15","date_gmt":"2025-11-29T08:48:15","guid":{"rendered":"https:\/\/www.europesays.com\/lv\/61184\/"},"modified":"2025-11-29T08:48:15","modified_gmt":"2025-11-29T08:48:15","slug":"akcionaru-sapulce-atsaukta-rigas-siltuma-padome-dienas-bizness","status":"publish","type":"post","link":"https:\/\/www.europesays.com\/lv\/61184\/","title":{"rendered":"Akcion\u0101ru sapulc\u0113 atsaukta R\u012bgas siltuma padome :: Dienas Bizness"},"content":{"rendered":"<p class=\"text-font font-size--text-xlarge margin-3--bottom font-weight--bold padding-1--top\">\u0160odien st\u0101jas sp\u0113k\u0101 paaugstin\u0101tie R\u012bgas siltuma tarifi.<\/p>\n<p class=\"text-font font-size--text-xlarge margin-3--bottom\">&#8220;R\u012bgas siltuma&#8221; siltumener\u0123ijas tarifs pieaugs par 11,9%, sasniedzot 83,01 eiro par megavatstundu (MWh).<\/p>\n<p class=\"text-font font-size--text-xlarge margin-3--bottom\">Jau zi\u0146ots, ka s\u0101kotn\u0113ji regulatoram iesniegtais &#8220;R\u012bgas siltuma&#8221; siltumener\u0123ijas tarifs ar neparedz\u0113to izdevumu komponenti 2,05 eiro apm\u0113r\u0101 par MWh paredz\u0113ja k\u0101pumu par 21,5% &#8211; l\u012bdz 90,15 eiro par megavatstundu (MWh). Ta\u010du p\u0113c tarifa p\u0101rv\u0113rt\u0113\u0161anas k\u0101pums tika samazin\u0101ts.<\/p>\n<p class=\"text-font font-size--text-xlarge margin-3--bottom\">L\u012bdz \u0161im &#8220;R\u012bgas siltuma&#8221; siltumener\u0123ijas gala tarifs ar neparedz\u0113to ie\u0146\u0113mumu komponenti 3,6 eiro apm\u0113r\u0101 par MWh bija 74,17 eiro par MWh.<\/p>\n<p class=\"text-font font-size--text-xlarge margin-3--bottom\">Tarifu k\u0101pumu asi kritiz\u0113ja R\u012bgas domes deput\u0101ti, nor\u0101dot, ka \u0161\u0101da situ\u0101cija izveidojusies, laikus nerisinot probl\u0113mas.<\/p>\n<p class=\"text-font font-size--text-xlarge margin-3--bottom\">&#8220;R\u012bgas siltuma&#8221; koncerna apgroz\u012bjums finan\u0161u gada pirmaj\u0101 pusgad\u0101, kas ilga no 2024.gada 1.oktobra l\u012bdz 2025.gada 31.martam, bija 189,28 miljoni eiro, kas ir par 12% maz\u0101k nek\u0101 attiec\u012bgaj\u0101 period\u0101 gadu iepriek\u0161, savuk\u0101rt koncerna pe\u013c\u0146a pieauga par 31,7% un sasniedza 33,38 miljonus eiro.<\/p>\n","protected":false},"excerpt":{"rendered":"\u0160odien st\u0101jas sp\u0113k\u0101 paaugstin\u0101tie R\u012bgas siltuma tarifi. &#8220;R\u012bgas siltuma&#8221; siltumener\u0123ijas tarifs pieaugs par 11,9%, sasniedzot 83,01 eiro par&hellip;\n","protected":false},"author":2,"featured_media":61185,"comment_status":"","ping_status":"","sticky":false,"template":"","format":"standard","meta":{"footnotes":""},"categories":[12],"tags":[23,869,77,870,28,29,867,32,33,22,30,31,35,39,38,36,37,34,871,868,40,20,26,27,24,25,21],"class_list":{"0":"post-61184","1":"post","2":"type-post","3":"status-publish","4":"format-standard","5":"has-post-thumbnail","7":"category-latvija","8":"tag-aktualitates","9":"tag-biznesa-zinas","10":"tag-bizness","11":"tag-bizness-latvija","12":"tag-breaking-news","13":"tag-breakingnews","14":"tag-dienas-zinas","15":"tag-featured-news","16":"tag-featurednews","17":"tag-headlines","18":"tag-latest-news","19":"tag-latestnews","20":"tag-latvia","21":"tag-latvian","22":"tag-latviesu","23":"tag-latviesu-valoda","24":"tag-latviesuvaloda","25":"tag-latvija","26":"tag-latvijas-biznesa-zinas","27":"tag-latvijas-zinas","28":"tag-lv","29":"tag-news","30":"tag-popularakas-zinas","31":"tag-popularakaszinas","32":"tag-top-stories","33":"tag-topstories","34":"tag-zinas"},"share_on_mastodon":{"url":"https:\/\/pubeurope.com\/@lv\/115632124912889592","error":""},"_links":{"self":[{"href":"https:\/\/www.europesays.com\/lv\/wp-json\/wp\/v2\/posts\/61184","targetHints":{"allow":["GET"]}}],"collection":[{"href":"https:\/\/www.europesays.com\/lv\/wp-json\/wp\/v2\/posts"}],"about":[{"href":"https:\/\/www.europesays.com\/lv\/wp-json\/wp\/v2\/types\/post"}],"author":[{"embeddable":true,"href":"https:\/\/www.europesays.com\/lv\/wp-json\/wp\/v2\/users\/2"}],"replies":[{"embeddable":true,"href":"https:\/\/www.europesays.com\/lv\/wp-json\/wp\/v2\/comments?post=61184"}],"version-history":[{"count":0,"href":"https:\/\/www.europesays.com\/lv\/wp-json\/wp\/v2\/posts\/61184\/revisions"}],"wp:featuredmedia":[{"embeddable":true,"href":"https:\/\/www.europesays.com\/lv\/wp-json\/wp\/v2\/media\/61185"}],"wp:attachment":[{"href":"https:\/\/www.europesays.com\/lv\/wp-json\/wp\/v2\/media?parent=61184"}],"wp:term":[{"taxonomy":"category","embeddable":true,"href":"https:\/\/www.europesays.com\/lv\/wp-json\/wp\/v2\/categories?post=61184"},{"taxonomy":"post_tag","embeddable":true,"href":"https:\/\/www.europesays.com\/lv\/wp-json\/wp\/v2\/tags?post=61184"}],"curies":[{"name":"wp","href":"https:\/\/api.w.org\/{rel}","templated":true}]}}