{"id":61186,"date":"2025-11-29T08:53:08","date_gmt":"2025-11-29T08:53:08","guid":{"rendered":"https:\/\/www.europesays.com\/lv\/61186\/"},"modified":"2025-11-29T08:53:08","modified_gmt":"2025-11-29T08:53:08","slug":"bijusais-zelenska-kancelejas-vaditajs-jermaks-nolemis-doties-uz-fronti","status":"publish","type":"post","link":"https:\/\/www.europesays.com\/lv\/61186\/","title":{"rendered":"Biju\u0161ais Zelenska kancelejas vad\u012bt\u0101js Jermaks nol\u0113mis doties uz fronti"},"content":{"rendered":"<p>&#8220;Es dodos uz fronti un esmu gatavs jebk\u0101d\u0101m represij\u0101m. Esmu god\u012bgs un krietns cilv\u0113ks,&#8221; amerik\u0101\u0146u laikrakstam &#8220;New York Post&#8221; pav\u0113st\u012bja Jermaks.<\/p>\n<p>&#8220;Mani apkaunoja, un manu cie\u0146u neaizsarg\u0101ja, neskatoties uz to, ka atrodos Kijiv\u0101 kop\u0161 2022. gada 24. febru\u0101ra. T\u0101p\u0113c es negribu rad\u012bt probl\u0113mas Zelenskim &#8211; es dodos uz fronti,&#8221; pav\u0113st\u012bja Jermaks. Vi\u0146\u0161 pauda sa\u0161utumu par dub\u013ciem, ar kuriem tika apliets, piebilstot, ka v\u0113l liel\u0101ku sa\u0161utumu izj\u016bt &#8220;par atbalsta tr\u016bkumu no tiem, kas zina paties\u012bbu&#8221;.<\/p>\n<p>Jermaks laikrakstam &#8220;New York Post&#8221; nenor\u0101d\u012bja, kad tie\u0161i gatavojas doties uz fronti un k\u0101d\u0101 vien\u012bb\u0101 pl\u0101no dien\u0113t.<\/p>\n<p>K\u0101 zi\u0146ots, Nacion\u0101lais pretkorupcijas birojs (NABU) un \u012apa\u0161\u0101 pretkorupcijas prokurat\u016bra (SAP) piektdienas r\u012bt\u0101 veica krat\u012b\u0161anu Jermaka dz\u012bvesviet\u0101. Jermaks pazi\u0146oja, ka sadarbosies ar izmekl\u0113\u0161anu. Rezult\u0101t\u0101 pret vi\u0146u netika izvirz\u012btas aps\u016bdz\u012bbas.<\/p>\n<p>Ta\u010du neilgi p\u0113c tam Jermaks iesniedza demisijas rakstu, ko Zelenskis pie\u0146\u0113ma. &#8220;Esmu pateic\u012bgs Andrijam par to, ka Ukrainas nost\u0101ja sarunu ce\u013c\u0101 vienm\u0113r tikusi pasniegta t\u0101da, k\u0101dai tai j\u0101b\u016bt. T\u0101 vienm\u0113r bijusi patriotiska nost\u0101ja. Ta\u010du es v\u0113los, lai neb\u016btu nek\u0101du baumu un spekul\u0101ciju,&#8221; teica prezidents.<\/p>\n","protected":false},"excerpt":{"rendered":"&#8220;Es dodos uz fronti un esmu gatavs jebk\u0101d\u0101m represij\u0101m. Esmu god\u012bgs un krietns cilv\u0113ks,&#8221; amerik\u0101\u0146u laikrakstam &#8220;New York&hellip;\n","protected":false},"author":2,"featured_media":60884,"comment_status":"","ping_status":"","sticky":false,"template":"","format":"standard","meta":{"footnotes":""},"categories":[14],"tags":[23,16004,57,28,29,32,33,16140,22,30,31,35,39,38,36,37,34,40,20,26,27,24,25,178,54,55,56,21,58],"class_list":{"0":"post-61186","1":"post","2":"type-post","3":"status-publish","4":"format-standard","5":"has-post-thumbnail","7":"category-zinas-no-arvalstim","8":"tag-aktualitates","9":"tag-andrijs-jermaks","10":"tag-arvalstim","11":"tag-breaking-news","12":"tag-breakingnews","13":"tag-featured-news","14":"tag-featurednews","15":"tag-fronte","16":"tag-headlines","17":"tag-latest-news","18":"tag-latestnews","19":"tag-latvia","20":"tag-latvian","21":"tag-latviesu","22":"tag-latviesu-valoda","23":"tag-latviesuvaloda","24":"tag-latvija","25":"tag-lv","26":"tag-news","27":"tag-popularakas-zinas","28":"tag-popularakaszinas","29":"tag-top-stories","30":"tag-topstories","31":"tag-volodimirs-zelenskis","32":"tag-world","33":"tag-world-news","34":"tag-worldnews","35":"tag-zinas","36":"tag-zinas-no-arvalstim"},"share_on_mastodon":{"url":"https:\/\/pubeurope.com\/@lv\/115632144620131863","error":""},"_links":{"self":[{"href":"https:\/\/www.europesays.com\/lv\/wp-json\/wp\/v2\/posts\/61186","targetHints":{"allow":["GET"]}}],"collection":[{"href":"https:\/\/www.europesays.com\/lv\/wp-json\/wp\/v2\/posts"}],"about":[{"href":"https:\/\/www.europesays.com\/lv\/wp-json\/wp\/v2\/types\/post"}],"author":[{"embeddable":true,"href":"https:\/\/www.europesays.com\/lv\/wp-json\/wp\/v2\/users\/2"}],"replies":[{"embeddable":true,"href":"https:\/\/www.europesays.com\/lv\/wp-json\/wp\/v2\/comments?post=61186"}],"version-history":[{"count":0,"href":"https:\/\/www.europesays.com\/lv\/wp-json\/wp\/v2\/posts\/61186\/revisions"}],"wp:featuredmedia":[{"embeddable":true,"href":"https:\/\/www.europesays.com\/lv\/wp-json\/wp\/v2\/media\/60884"}],"wp:attachment":[{"href":"https:\/\/www.europesays.com\/lv\/wp-json\/wp\/v2\/media?parent=61186"}],"wp:term":[{"taxonomy":"category","embeddable":true,"href":"https:\/\/www.europesays.com\/lv\/wp-json\/wp\/v2\/categories?post=61186"},{"taxonomy":"post_tag","embeddable":true,"href":"https:\/\/www.europesays.com\/lv\/wp-json\/wp\/v2\/tags?post=61186"}],"curies":[{"name":"wp","href":"https:\/\/api.w.org\/{rel}","templated":true}]}}