{"id":61200,"date":"2025-11-29T09:06:09","date_gmt":"2025-11-29T09:06:09","guid":{"rendered":"https:\/\/www.europesays.com\/lv\/61200\/"},"modified":"2025-11-29T09:06:09","modified_gmt":"2025-11-29T09:06:09","slug":"pa-regionalajiem-celiem-latvija-ir-apgrutinata-brauksana","status":"publish","type":"post","link":"https:\/\/www.europesays.com\/lv\/61200\/","title":{"rendered":"Pa re\u0123ion\u0101lajiem ce\u013ciem Latvij\u0101 ir apgr\u016btin\u0101ta brauk\u0161ana"},"content":{"rendered":"<p>\u012apa\u0161i apgr\u016btin\u0101ta brauk\u0161ana ir Vidzemes augstien\u0113 pa ce\u013cu P30 no Madonas l\u012bdz Vecpiebalgai, kur l\u012bst un ce\u013c\u0161 ir apledojis.<\/p>\n<p>Slidenos ce\u013ca posmus kaisa ar pretsl\u012bdes materi\u0101liem. Ce\u013cu uztur\u0113\u0161anas darbos iesaist\u012btas 110 ziemas dienesta tehnikas vien\u012bbas.<\/p>\n<p>Br\u012bdin\u0101jumu par atkalu visas dienas garum\u0101 izplat\u012bjis ar\u012b Latvijas Vides, \u0123eolo\u0123ijas un meteorolo\u0123ijas centrs. <a href=\"https:\/\/www.apollo.lv\/term\/572053\/apledojums\" class=\"topicLink\" target=\"_blank\" rel=\"nofollow noopener\">Apledojums<\/a> veidosies uz autoce\u013ciem, iel\u0101m, vadiem, koku zariem un cit\u0101m virsm\u0101m.<\/p>\n<p>Apgr\u016btin\u0101ti brauk\u0161anas apst\u0101k\u013ci pa valsts galvenajiem autoce\u013ciem \u0161or\u012bt ir uz Tallinas \u0161osejas (A1), Vidzemes \u0161osejas (A2), Valmieras \u0161osejas (A3), R\u012bgas apvedce\u013ca (A4 un A5), Daugavpils \u0161osejas (A6), Kokneses \u0161osejas (P80), R\u0113zeknes \u0161osejas (A12), Daugavpils apvedce\u013ca (A14), autoce\u013ca R\u0113zekne &#8211; Daugavpils (A13), Bauskas \u0161osejas (A7) un Jelgavas \u0161osejas (A8), k\u0101 ar\u012b Liep\u0101jas un Ventspils \u0161oseju (A9 un A10) s\u0101kumposmos virzien\u0101 no R\u012bgas.<\/p>\n<p>Uz re\u0123ion\u0101lajiem autoce\u013ciem apgr\u016btin\u0101ta brauk\u0161ana ir vis\u0101 Latvij\u0101, iz\u0146emot Bauskas, R\u0113zeknes, Kr\u0101slavas un Liep\u0101jas apk\u0101rtni. \u013boti apgr\u016btin\u0101ti brauk\u0161anas apst\u0101k\u013ci ir Valkas un Madonas apk\u0101rtn\u0113.<\/p>\n<p>Autoce\u013cu apsaimniekot\u0101ji aicina autovad\u012bt\u0101jus izv\u0113l\u0113ties brauk\u0161anas \u0101trumu, kas atbilst ce\u013cu seguma st\u0101voklim, k\u0101 ar\u012b dro\u0161u distanci.<\/p>\n<p>Ar brauk\u0161anas apst\u0101k\u013ciem valsts ce\u013cu t\u012bkl\u0101 var iepaz\u012bties kart\u0113 LVC m\u0101jaslap\u0101 &#8220;www.lvceli.lv&#8221;.<\/p>\n","protected":false},"excerpt":{"rendered":"\u012apa\u0161i apgr\u016btin\u0101ta brauk\u0161ana ir Vidzemes augstien\u0113 pa ce\u013cu P30 no Madonas l\u012bdz Vecpiebalgai, kur l\u012bst un ce\u013c\u0161 ir&hellip;\n","protected":false},"author":2,"featured_media":58938,"comment_status":"","ping_status":"","sticky":false,"template":"","format":"standard","meta":{"footnotes":""},"categories":[12],"tags":[23,14937,1399,28,29,32,33,22,30,31,35,39,38,36,37,34,2857,40,20,26,27,24,25,21],"class_list":{"0":"post-61200","1":"post","2":"type-post","3":"status-publish","4":"format-standard","5":"has-post-thumbnail","7":"category-latvija","8":"tag-aktualitates","9":"tag-apledojums","10":"tag-autoceli","11":"tag-breaking-news","12":"tag-breakingnews","13":"tag-featured-news","14":"tag-featurednews","15":"tag-headlines","16":"tag-latest-news","17":"tag-latestnews","18":"tag-latvia","19":"tag-latvian","20":"tag-latviesu","21":"tag-latviesu-valoda","22":"tag-latviesuvaloda","23":"tag-latvija","24":"tag-latvijas-valsts-celi","25":"tag-lv","26":"tag-news","27":"tag-popularakas-zinas","28":"tag-popularakaszinas","29":"tag-top-stories","30":"tag-topstories","31":"tag-zinas"},"share_on_mastodon":{"url":"https:\/\/pubeurope.com\/@lv\/115632195940162137","error":""},"_links":{"self":[{"href":"https:\/\/www.europesays.com\/lv\/wp-json\/wp\/v2\/posts\/61200","targetHints":{"allow":["GET"]}}],"collection":[{"href":"https:\/\/www.europesays.com\/lv\/wp-json\/wp\/v2\/posts"}],"about":[{"href":"https:\/\/www.europesays.com\/lv\/wp-json\/wp\/v2\/types\/post"}],"author":[{"embeddable":true,"href":"https:\/\/www.europesays.com\/lv\/wp-json\/wp\/v2\/users\/2"}],"replies":[{"embeddable":true,"href":"https:\/\/www.europesays.com\/lv\/wp-json\/wp\/v2\/comments?post=61200"}],"version-history":[{"count":0,"href":"https:\/\/www.europesays.com\/lv\/wp-json\/wp\/v2\/posts\/61200\/revisions"}],"wp:featuredmedia":[{"embeddable":true,"href":"https:\/\/www.europesays.com\/lv\/wp-json\/wp\/v2\/media\/58938"}],"wp:attachment":[{"href":"https:\/\/www.europesays.com\/lv\/wp-json\/wp\/v2\/media?parent=61200"}],"wp:term":[{"taxonomy":"category","embeddable":true,"href":"https:\/\/www.europesays.com\/lv\/wp-json\/wp\/v2\/categories?post=61200"},{"taxonomy":"post_tag","embeddable":true,"href":"https:\/\/www.europesays.com\/lv\/wp-json\/wp\/v2\/tags?post=61200"}],"curies":[{"name":"wp","href":"https:\/\/api.w.org\/{rel}","templated":true}]}}