{"id":61206,"date":"2025-11-29T09:13:19","date_gmt":"2025-11-29T09:13:19","guid":{"rendered":"https:\/\/www.europesays.com\/lv\/61206\/"},"modified":"2025-11-29T09:13:19","modified_gmt":"2025-11-29T09:13:19","slug":"atklats-vecrigas-ziemassvetku-tirdzins","status":"publish","type":"post","link":"https:\/\/www.europesays.com\/lv\/61206\/","title":{"rendered":"Atkl\u0101ts Vecr\u012bgas Ziemassv\u0113tku tirdzi\u0146\u0161"},"content":{"rendered":"<p>Doma laukum\u0101 atv\u0113rts Vecr\u012bgas Ziemassv\u0113tku tirdzi\u0146\u0161, kas darbosies l\u012bdz 4. janv\u0101rim. Tirdzi\u0146\u0161 notiek 25. reizi, un ar\u012b \u0161aj\u0101 gad\u0101 vair\u0101k nek\u0101 80 m\u0101jra\u017eot\u0101ju un amatnieku tirdzniec\u012bbas viet\u0101s iesp\u0113jams apl\u016bkot un ieg\u0101d\u0101ties Latvij\u0101 rad\u012btus darin\u0101jumus, \u0113dienus un dz\u0113rienus.<\/p>\n<p>Doma laukum\u0101 egl\u012bte mirdz jau kop\u0161 tirdzi\u0146a atv\u0113r\u0161anas br\u012b\u017ea, un \u0161ovakar, 28. novembr\u012b no plkst.19.00 l\u012bdz 23.00 iekust\u0113ties sv\u0113tku deju ritmos aicina DJ \u0136ilkuts. Sestdien no plkst.20.00 l\u012bdz 23.00 ball\u012bte kop\u0101 ar DJ Dubra, savuk\u0101rt 30. novembr\u012b plkst. 17.00 notiks Vecr\u012bgas Ziemassv\u0113tku tirdzi\u0146a ofici\u0101l\u0101 atkl\u0101\u0161ana un Dailes te\u0101tra 10. studijas koncerts.<\/p>\n<p>Ziemassv\u0113tku vec\u012bti vi\u0146a nami\u0146\u0101 Doma laukum\u0101 b\u016bs iesp\u0113ja sastapt ned\u0113\u013cas nogal\u0113s, s\u0101kot no 4. decembra.<\/p>\n<p>Vecr\u012bgas Ziemassv\u0113tku tirdzi\u0146a darba laiks: pirmdien \u2013 ceturtdien plkst.11.00\u201321.00, piektdien plkst.10.00\u201322.00 (karstie dz\u0113rieni l\u012bdz plkst.23.00), sestdien plkst.10.00\u201322.00 (karstie dz\u0113rieni l\u012bdz plkst.23.00), sv\u0113tdien plkst.10.00\u201321.00.<\/p>\n<p>Darba laiks sv\u0113tku dien\u0101s: 24.,25.,26. decembr\u012b plkst.10.00 \u2013 20.00, 31. decembr\u012b plkst.10.00 \u2013 02.00, 1. janv\u0101r\u012b plkst.12.00 \u2013 20.00.<\/p>\n<p><img decoding=\"async\" src=\"https:\/\/www.europesays.com\/lv\/wp-content\/uploads\/2025\/11\/Tirdzins.jpg\" alt=\"\"\/><\/p>\n","protected":false},"excerpt":{"rendered":"Doma laukum\u0101 atv\u0113rts Vecr\u012bgas Ziemassv\u0113tku tirdzi\u0146\u0161, kas darbosies l\u012bdz 4. janv\u0101rim. Tirdzi\u0146\u0161 notiek 25. reizi, un ar\u012b \u0161aj\u0101&hellip;\n","protected":false},"author":2,"featured_media":61207,"comment_status":"","ping_status":"","sticky":false,"template":"","format":"standard","meta":{"footnotes":""},"categories":[5],"tags":[23,28,29,47,32,33,22,381,64,30,31,35,39,38,36,37,34,40,20,385,26,27,172,382,384,383,24,25,21],"class_list":{"0":"post-61206","1":"post","2":"type-post","3":"status-publish","4":"format-standard","5":"has-post-thumbnail","7":"category-aktualitates","8":"tag-aktualitates","9":"tag-breaking-news","10":"tag-breakingnews","11":"tag-ekonomika","12":"tag-featured-news","13":"tag-featurednews","14":"tag-headlines","15":"tag-jaunumi","16":"tag-kultura","17":"tag-latest-news","18":"tag-latestnews","19":"tag-latvia","20":"tag-latvian","21":"tag-latviesu","22":"tag-latviesu-valoda","23":"tag-latviesuvaloda","24":"tag-latvija","25":"tag-lv","26":"tag-news","27":"tag-pieriga","28":"tag-popularakas-zinas","29":"tag-popularakaszinas","30":"tag-riga","31":"tag-sabiedriba","32":"tag-sludinajumi","33":"tag-sports-afisa","34":"tag-top-stories","35":"tag-topstories","36":"tag-zinas"},"share_on_mastodon":{"url":"https:\/\/pubeurope.com\/@lv\/115632223237581007","error":""},"_links":{"self":[{"href":"https:\/\/www.europesays.com\/lv\/wp-json\/wp\/v2\/posts\/61206","targetHints":{"allow":["GET"]}}],"collection":[{"href":"https:\/\/www.europesays.com\/lv\/wp-json\/wp\/v2\/posts"}],"about":[{"href":"https:\/\/www.europesays.com\/lv\/wp-json\/wp\/v2\/types\/post"}],"author":[{"embeddable":true,"href":"https:\/\/www.europesays.com\/lv\/wp-json\/wp\/v2\/users\/2"}],"replies":[{"embeddable":true,"href":"https:\/\/www.europesays.com\/lv\/wp-json\/wp\/v2\/comments?post=61206"}],"version-history":[{"count":0,"href":"https:\/\/www.europesays.com\/lv\/wp-json\/wp\/v2\/posts\/61206\/revisions"}],"wp:featuredmedia":[{"embeddable":true,"href":"https:\/\/www.europesays.com\/lv\/wp-json\/wp\/v2\/media\/61207"}],"wp:attachment":[{"href":"https:\/\/www.europesays.com\/lv\/wp-json\/wp\/v2\/media?parent=61206"}],"wp:term":[{"taxonomy":"category","embeddable":true,"href":"https:\/\/www.europesays.com\/lv\/wp-json\/wp\/v2\/categories?post=61206"},{"taxonomy":"post_tag","embeddable":true,"href":"https:\/\/www.europesays.com\/lv\/wp-json\/wp\/v2\/tags?post=61206"}],"curies":[{"name":"wp","href":"https:\/\/api.w.org\/{rel}","templated":true}]}}