{"id":61214,"date":"2025-11-29T09:26:07","date_gmt":"2025-11-29T09:26:07","guid":{"rendered":"https:\/\/www.europesays.com\/lv\/61214\/"},"modified":"2025-11-29T09:26:07","modified_gmt":"2025-11-29T09:26:07","slug":"milestibas-vestules-sirsnigs-skatijums-uz-kviru-matesibas-celu-lente-lv","status":"publish","type":"post","link":"https:\/\/www.europesays.com\/lv\/61214\/","title":{"rendered":"&#8216;M\u012blest\u012bbas v\u0113stules&#8217; \u2013 sirsn\u012bgs skat\u012bjums uz kv\u012bru m\u0101tes\u012bbas ce\u013cu\u00a0\u2014\u00a0Lente.lv"},"content":{"rendered":"<p>Euronews Kult\u016bras ned\u0113\u013cas filma: &#8216;M\u012blest\u012bbas v\u0113stules&#8217; \u2013 maiga sirre\u0101la m\u0101tes\u012bbas aina<\/p>\n<p>Gads tuvojas nosl\u0113gumam ar zin\u0101mu vil\u0161anos Francijas kino pasaul\u0113, tr\u016bkstot nacion\u0101lajiem gr\u0101v\u0113jiem, k\u0101di bija pag\u0101ju\u0161\u0101 gada &#8220;Monte Kristo gr\u0101fs&#8221;, &#8220;Neliels papildu kaut kas&#8221; un &#8220;Sirds puksti&#8221;. Oktobra beig\u0101s bi\u013ce\u0161u tirdzniec\u012bba ir samazin\u0101jusies par 14,9% sal\u012bdzin\u0101jum\u0101 ar iepriek\u0161\u0113jo gadu. Francijas filmas veido 38% no valst\u012b demonstr\u0113taj\u0101m film\u0101m, kas ir maz\u0101k nek\u0101 p\u0113rn, kad tas bija vair\u0101k nek\u0101 46%.<\/p>\n<p>Tom\u0113r \u0161is gads ir bijis interesants Francijas lesbie\u0161u kino jom\u0101, pied\u0101v\u0101jot vair\u0101kas augstu nov\u0113rt\u0113tas filmas gan dokument\u0101l\u0101, gan sp\u0113lfilmu \u017eanr\u0101. Viena no t\u0101m bija &#8220;Maz\u0101 m\u0101sa&#8221; (_La Petite Derni\u00e8re_), tre\u0161\u0101 pilnmetr\u0101\u017eas filma, ko veidojusi atz\u012bt\u0101 aktrise Hafsija Herc\u012b. \u0160\u012b Fatijas D\u0101sas 2020. gada rom\u0101na adapt\u0101cija, kas st\u0101sta par jaunu sievieti, kura cen\u0161as saska\u0146ot savu musulma\u0146u tic\u012bbu un seksualit\u0101ti, ieguva &#8220;Queer Palm&#8221; balvu 2025. gada Kannu kinofestiv\u0101l\u0101, un Nadija Meliti sa\u0146\u0113ma balvu k\u0101 lab\u0101k\u0101 aktrise.<\/p>\n<p>T\u0101 nebija vien\u012bg\u0101 spilgt\u0101 kv\u012bru st\u0101sta pirmizr\u0101de Kann\u0101s \u0161ogad. Alises Dou\u0101ras filma &#8220;M\u012blest\u012bbas v\u0113stules&#8221; (_Des preuves d\u2019amour_) tika atlas\u012bta festiv\u0101la Kriti\u0137u ned\u0113\u013cai un tagad non\u0101kusi Francijas kinote\u0101tros. Filma ir smalka, nepiecie\u0161ama un sirsn\u012bga st\u0101sta par romantisku un m\u0101tes m\u012blest\u012bbu.<\/p>\n<p>Kad likums prasa pier\u0101d\u012bjumus m\u012blest\u012bbai<\/p>\n<p>Ir 2014. gads, un norises vieta ir Par\u012bze pavasar\u012b. Francijas likumam, kas at\u013cauj viendzimuma p\u0101riem laul\u0101ties un adopt\u0113t b\u0113rnus, ir maz\u0101k nek\u0101 gads. Seline (Ella Rumpfa) gaida savu pirmo b\u0113rnu, ta\u010du vi\u0146a nav st\u0101vokl\u012b. Vi\u0146as sieva Nadija (Monija \u0160okr\u012b) ir t\u0101, kas gaida meitu, pateicoties pal\u012bgtehnolo\u0123iju veiktajai apaug\u013co\u0161anai D\u0101nij\u0101. Selinei b\u016bs j\u0101adopt\u0113 savs n\u0101kamais b\u0113rns, lai likum\u012bgi k\u013c\u016btu par m\u0101ti. Vi\u0146a uzman\u012bgi klaus\u0101s, k\u0101 tie\u0161sird\u012bgs jurists l\u016bdz vi\u0146ai iesniegt m\u012b\u013coto cilv\u0113ku v\u0113stules, tostarp no atsve\u0161in\u0101t\u0101s m\u0101tes, lai apliecin\u0101tu vi\u0146as attiec\u012bbas ar savu b\u0113rnu. Sekojam p\u0101rim p\u0113d\u0113jos tr\u012bs gr\u016btniec\u012bbas m\u0113ne\u0161os, kam\u0113r Seline cen\u0161as atrast savu vietu k\u0101 topo\u0161\u0101 vec\u0101km\u0101te un dodas misij\u0101, lai sav\u0101ktu savas m\u012blest\u012bbas v\u0113stules.<\/p>\n<p>Maigums un paties\u012bba sare\u017e\u0123\u012bt\u0101s emocij\u0101s<\/p>\n<p>Sav\u0101 pirmaj\u0101 pilnmetr\u0101\u017eas film\u0101 Alise Dou\u0101ra atgrie\u017eas pie paz\u012bstam\u0101m t\u0113m\u0101m un norises viet\u0101m. &#8220;M\u012blest\u012bbas v\u0113stules&#8221; ir papla\u0161in\u0101jums vi\u0146as 2022. gada \u012bsfilmai &#8220;Gaidas&#8221; (_L\u2019Attente_), kas notika dzemd\u012bbu noda\u013c\u0101 un st\u0101st\u012bja par sievieti, kas gaida savas sievas pirm\u0101 b\u0113rna piedzim\u0161anu. T\u0101 ieguva &#8220;C\u00e9sar&#8221; balvu par lab\u0101ko \u012bsfilmu. Tr\u012bs gadus v\u0113l\u0101k Dou\u0101ra pied\u0101v\u0101 \u013coti nepiecie\u0161amu gr\u016btniec\u012bbas un m\u0101tes\u012bbas att\u0113lojumu. Film\u0101 netiek izvair\u012bts no sare\u017e\u0123\u012bt\u0101m emocij\u0101m \u2013 Nadijas, Sel\u012bnas un ar\u012b m\u016bsu. Kamera cie\u0161i seko varo\u0146iem, iem\u016b\u017einot neparast\u0101s nianses, ko \u0160okr\u012b un Rumpfa pie\u0161\u0137ir \u0161\u012bm div\u0101m sieviet\u0113m.<\/p>\n<p>Nadijas neapmierin\u0101t\u012bba par \u0137erme\u0146a izmai\u0146\u0101m un vec\u0101ku lom\u0101m ie\u0146em tikpat daudz vietas k\u0101 Sel\u012bnes apjukums un dusmas par to, ka vi\u0146ai j\u0101pier\u0101da sava m\u0101tes loma. Seline baid\u0101s, ka Nadija var\u0113tu nomirt pirms adopcijas pabeig\u0161anas, atst\u0101jot vi\u0146u bez ties\u012bb\u0101m uz meitu. Un ko tad, ja vi\u0146a vienk\u0101r\u0161i iz\u0161\u0137irsies ar vi\u0146u? &#8220;Visi saka, ka pirmaj\u0101 gad\u0101 j\u016bs nevarat iztur\u0113t viens otru,&#8221; vi\u0146a saka k\u0101da str\u012bda laik\u0101. Ta\u010du &#8220;M\u012blest\u012bbas v\u0113stules&#8221; ir t\u0101lu no dzejiskas raudul\u012bgas dr\u0101mas, jo filma pied\u0101v\u0101 patiesi jautrus br\u012b\u017eus.<\/p>\n<blockquote>\n<p>Piem\u0113ram, Seline un Nadija apciemo da\u017eus draugus, cerot ieg\u016bt atsauksmi savai adopcijas lietai. Vi\u0146u iepaz\u012b\u0161an\u0101s noved pie satrauco\u0161\u0101m dzemd\u012bbu deta\u013c\u0101m, ko pavada nemier\u012bgu b\u0113rnu rad\u012btais troksnis, kuri ir ap\u0146\u0113m\u012bbas pilni rad\u012bt p\u0113c iesp\u0113jas vair\u0101k ska\u0146as. &#8220;Es tagad nevaru izdar\u012bt abortu, ir par v\u0113lu,&#8221; p\u0101rsteigta saka Nadija p\u0113c vi\u0146u aizie\u0161anas, p\u0113k\u0161\u0146i apzinoties, cik \u013coti vi\u0146u dz\u012bve dr\u012bzum\u0101 main\u012bsies.<\/p>\n<\/blockquote>\n<p>Filmas spo\u017eums sl\u0113pjas Dou\u0101ras meistar\u012bb\u0101. \u0160aubas un trauksme vienm\u0113r tiek att\u0113lotas ar noteiktu maigumu.<\/p>\n<p>M\u012blest\u012bba k\u0101 burvju elements<\/p>\n<p>Burvju elements ir m\u012blest\u012bba. M\u012blest\u012bba, ko Dou\u0101ra j\u016bt pret saviem varo\u0146iem, un m\u012blest\u012bba, ko m\u0113s saj\u016btam starp Sel\u012bni un Nadiju, kad vi\u0146as l\u016bp\u0101m atska\u0146o Flume dziesmas &#8220;You &amp; Me&#8221; v\u0101rdus no div\u0101m pret\u0113j\u0101m kluba pus\u0113m. T\u0101d\u0113j\u0101di vi\u0146as skat\u0101s viena uz otru, bet ar\u012b uz kameru. V\u0113l\u0101k film\u0101 smagi gr\u016btniece Nadija iesit homofobam, lai aizst\u0101v\u0113tu Sel\u012bni, kas var\u0113tu b\u016bt gal\u012bgais m\u012blest\u012bbas apliecin\u0101jums.<\/p>\n<p>M\u012blest\u012bba ir ar\u012b tas, kas vieno Sel\u012bni un vi\u0146as m\u0101ti Margaritu (No\u0113mi Lvoski), slavenu pianisti, kura liel\u0101ko da\u013cu meitas b\u0113rn\u012bbas pavad\u012bja ce\u013c\u0101. Margarita nesaprot, k\u0101p\u0113c Seline nenes savu b\u0113rnu, un dom\u0101, vai tas ir sods par vi\u0146as promb\u016btni. Seline j\u016bt r\u016bgtumu pret savu m\u0101ti par to, ka m\u016bzika tika izv\u0113l\u0113ta vair\u0101k nek\u0101 vi\u0146a, lai gan ar\u012b pati str\u0101d\u0101 koncertz\u0101l\u0113s k\u0101 ska\u0146u in\u017eeniere. Bet vi\u0146u unik\u0101l\u0101 saikne saglab\u0101jas.<\/p>\n<p>Galu gal\u0101 s\u0101kotn\u0113j\u0101 administrat\u012bv\u0101 mekl\u0113\u0161ana ir tikai s\u0101kumpunkts, kas \u013cauj Dou\u0101rai atkl\u0101t savu maigo un daudzos veidos revolucion\u0101ro vec\u0101ku portretu. Seline un Nadija, t\u0101pat k\u0101 Margar\u012bta, b\u016bs nepiln\u012bgas m\u0101tes. Bet m\u0101tes vi\u0146as b\u016bs.<\/p>\n<p>Filma &#8220;M\u012blest\u012bbas v\u0113stules&#8221; pa\u0161laik ir skat\u0101ma Francijas, Be\u013c\u0123ijas un \u0160veices kinote\u0101tros, un tuv\u0101ko m\u0113ne\u0161u laik\u0101 paredz\u0113ta t\u0101s izlai\u0161ana Austrij\u0101, V\u0101cij\u0101 un Kvebek\u0101.<\/p>\n","protected":false},"excerpt":{"rendered":"Euronews Kult\u016bras ned\u0113\u013cas filma: &#8216;M\u012blest\u012bbas v\u0113stules&#8217; \u2013 maiga sirre\u0101la m\u0101tes\u012bbas aina Gads tuvojas nosl\u0113gumam ar zin\u0101mu vil\u0161anos Francijas&hellip;\n","protected":false},"author":2,"featured_media":61215,"comment_status":"","ping_status":"","sticky":false,"template":"","format":"standard","meta":{"footnotes":""},"categories":[19],"tags":[16144,89,16142,90,16143,35,39,38,36,37,34,40,16145,16141],"class_list":{"0":"post-61214","1":"post","2":"type-post","3":"status-publish","4":"format-standard","5":"has-post-thumbnail","7":"category-izklaide","8":"tag-alise-douara","9":"tag-entertainment","10":"tag-francijas-kino","11":"tag-izklaide","12":"tag-kviru-mate","13":"tag-latvia","14":"tag-latvian","15":"tag-latviesu","16":"tag-latviesu-valoda","17":"tag-latviesuvaloda","18":"tag-latvija","19":"tag-lv","20":"tag-matesibas-attelojums","21":"tag-milestibas-vestules"},"share_on_mastodon":{"url":"https:\/\/pubeurope.com\/@lv\/115632274371896793","error":""},"_links":{"self":[{"href":"https:\/\/www.europesays.com\/lv\/wp-json\/wp\/v2\/posts\/61214","targetHints":{"allow":["GET"]}}],"collection":[{"href":"https:\/\/www.europesays.com\/lv\/wp-json\/wp\/v2\/posts"}],"about":[{"href":"https:\/\/www.europesays.com\/lv\/wp-json\/wp\/v2\/types\/post"}],"author":[{"embeddable":true,"href":"https:\/\/www.europesays.com\/lv\/wp-json\/wp\/v2\/users\/2"}],"replies":[{"embeddable":true,"href":"https:\/\/www.europesays.com\/lv\/wp-json\/wp\/v2\/comments?post=61214"}],"version-history":[{"count":0,"href":"https:\/\/www.europesays.com\/lv\/wp-json\/wp\/v2\/posts\/61214\/revisions"}],"wp:featuredmedia":[{"embeddable":true,"href":"https:\/\/www.europesays.com\/lv\/wp-json\/wp\/v2\/media\/61215"}],"wp:attachment":[{"href":"https:\/\/www.europesays.com\/lv\/wp-json\/wp\/v2\/media?parent=61214"}],"wp:term":[{"taxonomy":"category","embeddable":true,"href":"https:\/\/www.europesays.com\/lv\/wp-json\/wp\/v2\/categories?post=61214"},{"taxonomy":"post_tag","embeddable":true,"href":"https:\/\/www.europesays.com\/lv\/wp-json\/wp\/v2\/tags?post=61214"}],"curies":[{"name":"wp","href":"https:\/\/api.w.org\/{rel}","templated":true}]}}