{"id":61227,"date":"2025-11-29T09:45:07","date_gmt":"2025-11-29T09:45:07","guid":{"rendered":"https:\/\/www.europesays.com\/lv\/61227\/"},"modified":"2025-11-29T09:45:07","modified_gmt":"2025-11-29T09:45:07","slug":"alonso-izsakas-pec-savas-nelagas-debijas-latvijas-basketbola-izlases-rindas","status":"publish","type":"post","link":"https:\/\/www.europesays.com\/lv\/61227\/","title":{"rendered":"Alonso izsak\u0101s p\u0113c savas nel\u0101g\u0101s debijas Latvijas basketbola izlases rind\u0101s"},"content":{"rendered":"<p>Sp\u0101\u0146u speci\u0101lists nor\u0101d\u012bja, ka \u0161obr\u012bd Latvijas izlasei nevar\u0113ja pal\u012bdz\u0113t sasp\u0113les vad\u012bt\u0101ji Art\u016brs \u017dagars, Kristers Zoriks un Toms Skuja, kas ietekm\u0113ja ar\u012b to, k\u0101 Latvijas valstsvien\u012bba veidoja uzbrukumus.<\/p>\n<p>&#8220;\u0160obr\u012bd bija divi sp\u0113les veidot\u0101ji &#8211; [Rihards] Loma\u017es un [Toms] Leimanis. To jau zin\u0101j\u0101m pirms sp\u0113les, un m\u0113\u0123in\u0101j\u0101m sp\u0113l\u0113t cit\u0101d\u0101k. Ma\u010da laik\u0101 izmantoj\u0101m vair\u0101kus risin\u0101jumus,&#8221; skaidroja Alonso. Zinot, ka mums ir tikai divi sp\u0113les veidot\u0101ji, pretinieki cen\u0161as izdar\u012bt v\u0113l liel\u0101ku spiedienu.&#8221;<\/p>\n<p>Tikm\u0113r Loma\u017es uzsv\u0113ra, ka Dairis Bert\u0101ns Latvijas izlases rind\u0101s bija piem\u0113rs visiem p\u0101r\u0113jiem sp\u0113l\u0113t\u0101jiem.<\/p>\n<p>&#8220;T\u0101 bija bauda sp\u0113l\u0113t ar vi\u0146u kop\u0101 izlas\u0113. \u0160ai sp\u0113lei t\u0101 nevajadz\u0113ja t\u0101 beigties. Mums k\u0101 sp\u0113l\u0113t\u0101jiem vajadz\u0113ja uz\u0146emties izc\u012bn\u012bt uzvaru Dairim, vi\u0146\u0161 to bija peln\u012bjis,&#8221; piebilda Loma\u017es.<\/p>\n<p>Latvijas basketbolisti ma\u010du ar N\u012bderlandi ies\u0101ka mazrezultat\u012bvi, pirmos punktus g\u016bstot tikai ceturtaj\u0101 min\u016bt\u0113, bet p\u0113c v\u0113l vien\u0101 pretinieku izr\u0101viena non\u0101kot iedzin\u0113jos ar 4:22. Loma\u017es nor\u0101d\u012bja, ka uz\u0146emas atbild\u012bbu par tik neveiksm\u012bgu sp\u0113les s\u0101kumu.<\/p>\n<p>&#8220;Ar \u0161\u0101du sast\u0101vu man b\u016btu j\u0101b\u016bt mier\u012bg\u0101kam, bet mums v\u0113l ir sp\u0113le pirmdien, kur\u0101 es noteikti b\u016b\u0161u lab\u0101ks, m\u0113s k\u0101 komanda b\u016bsim lab\u0101ki. Sp\u0113l\u0113j\u0101m slikti un nevar\u0113j\u0101m realiz\u0113t metienus. Vajadz\u0113ja vair\u0101k ener\u0123ijas ieguld\u012bt aizsardz\u012bb\u0101, ko m\u0113s ar\u012b dar\u012bj\u0101m otraj\u0101 puslaik\u0101. Esmu lepns, ka var\u0113j\u0101m par\u0101d\u012bt raksturu un c\u012bn\u012bties par Dairi, ta\u010du atvainojos trenerim, ka zaud\u0113j\u0101m pirmo sp\u0113li,&#8221; st\u0101st\u012bja basketbolists.<\/p>\n<p>F grupas tr\u012bs lab\u0101k\u0101s komandas, \u0146emot l\u012bdzi visu sp\u0113\u013cu rezult\u0101tus, otraj\u0101 posm\u0101 apvienosies ar E grupas (V\u0101cija, Horv\u0101tija, Izra\u0113la, Kipra) lab\u0101ko vien\u012bbu trijnieku. Tr\u012bs lab\u0101k\u0101s komandas ieg\u016bs ties\u012bbas sp\u0113l\u0113t Pasaules kausa fin\u0101lturn\u012br\u0101.<\/p>\n","protected":false},"excerpt":{"rendered":"Sp\u0101\u0146u speci\u0101lists nor\u0101d\u012bja, ka \u0161obr\u012bd Latvijas izlasei nevar\u0113ja pal\u012bdz\u0113t sasp\u0113les vad\u012bt\u0101ji Art\u016brs \u017dagars, Kristers Zoriks un Toms Skuja,&hellip;\n","protected":false},"author":2,"featured_media":57861,"comment_status":"","ping_status":"","sticky":false,"template":"","format":"standard","meta":{"footnotes":""},"categories":[17],"tags":[145,35,39,38,36,37,34,40,370,4631,67],"class_list":{"0":"post-61227","1":"post","2":"type-post","3":"status-publish","4":"format-standard","5":"has-post-thumbnail","7":"category-sports","8":"tag-basketbols","9":"tag-latvia","10":"tag-latvian","11":"tag-latviesu","12":"tag-latviesu-valoda","13":"tag-latviesuvaloda","14":"tag-latvija","15":"tag-lv","16":"tag-niderlande","17":"tag-sito-alonso","18":"tag-sports"},"share_on_mastodon":{"url":"https:\/\/pubeurope.com\/@lv\/115632349061246483","error":""},"_links":{"self":[{"href":"https:\/\/www.europesays.com\/lv\/wp-json\/wp\/v2\/posts\/61227","targetHints":{"allow":["GET"]}}],"collection":[{"href":"https:\/\/www.europesays.com\/lv\/wp-json\/wp\/v2\/posts"}],"about":[{"href":"https:\/\/www.europesays.com\/lv\/wp-json\/wp\/v2\/types\/post"}],"author":[{"embeddable":true,"href":"https:\/\/www.europesays.com\/lv\/wp-json\/wp\/v2\/users\/2"}],"replies":[{"embeddable":true,"href":"https:\/\/www.europesays.com\/lv\/wp-json\/wp\/v2\/comments?post=61227"}],"version-history":[{"count":0,"href":"https:\/\/www.europesays.com\/lv\/wp-json\/wp\/v2\/posts\/61227\/revisions"}],"wp:featuredmedia":[{"embeddable":true,"href":"https:\/\/www.europesays.com\/lv\/wp-json\/wp\/v2\/media\/57861"}],"wp:attachment":[{"href":"https:\/\/www.europesays.com\/lv\/wp-json\/wp\/v2\/media?parent=61227"}],"wp:term":[{"taxonomy":"category","embeddable":true,"href":"https:\/\/www.europesays.com\/lv\/wp-json\/wp\/v2\/categories?post=61227"},{"taxonomy":"post_tag","embeddable":true,"href":"https:\/\/www.europesays.com\/lv\/wp-json\/wp\/v2\/tags?post=61227"}],"curies":[{"name":"wp","href":"https:\/\/api.w.org\/{rel}","templated":true}]}}