{"id":61228,"date":"2025-11-29T09:47:13","date_gmt":"2025-11-29T09:47:13","guid":{"rendered":"https:\/\/www.europesays.com\/lv\/61228\/"},"modified":"2025-11-29T09:47:13","modified_gmt":"2025-11-29T09:47:13","slug":"krievijas-dronu-trieciena-kijivai-divi-bojagajusie-un-15-ievainotie","status":"publish","type":"post","link":"https:\/\/www.europesays.com\/lv\/61228\/","title":{"rendered":"Krievijas dronu triecien\u0101 Kijivai divi boj\u0101g\u0101ju\u0161ie un 15 ievainotie"},"content":{"rendered":"<p>Ievainoto vid\u016b ir b\u0113rni, zi\u0146oja Ukrainas Iek\u0161lietu ministrija, nor\u0101dot, ka vair\u0101kos galvaspils\u0113tas rajonos cietu\u0161as daudzst\u0101vu m\u0101jas un priv\u0101tm\u0101jas.<\/p>\n<p>Pils\u0113t\u0101 ap pusnakti bija dzirdamas ska\u013cas eksplozijas, un uz uzbrukumu atbild\u0113ja pretgaisa aizsardz\u012bbas sp\u0113ki, sac\u012bja amatpersonas.<\/p>\n<p>Kijivas pils\u0113tas kara administr\u0101cijas vad\u012bt\u0101js Timurs Tka\u010denko iepriek\u0161 nor\u0101d\u012bja, ka krievu droni intens\u012bvi uzbruku\u0161i galvaspils\u0113tas nomal\u0113s. Kijivas m\u0113rs Vit\u0101lijs Kli\u010dko br\u012bdin\u0101ja cilv\u0113kus uzbrukuma laik\u0101 palikt patvertn\u0113s.<\/p>\n<p>Ir nodar\u012bti post\u012bjumi dz\u012bvojam\u0101m \u0113k\u0101m vair\u0101kos rajonos un automobi\u013ciem, sac\u012bja Kli\u010dko.<\/p>\n<p>Kijivas \u0160ev\u010denko rajon\u0101 deg 14 st\u0101vu \u0113ka, savuk\u0101rt Svjato\u0161inas rajon\u0101 drons tr\u0101p\u012bja tr\u012bsst\u0101vu namam. Tur g\u0101jis boj\u0101 viens cilv\u0113ks.<\/p>\n<p>D\u0146ipro rajon\u0101 da\u013c\u0113ji sagrauta desmit st\u0101vu \u0113ka, no kuras izgl\u0101bti tr\u012bs cilv\u0113ki. Darnicas rajon\u0101 boj\u0101ta devi\u0146st\u0101vu \u0113ka, kas aizdegusies. Tur g\u0101jis boj\u0101 viens cilv\u0113ks.<\/p>\n<p>Kijivas apgabal\u0101 krievu dronu uzbrukumos ievainoti tr\u012bs cilv\u0113ki Brovaru pils\u0113t\u0101 un Fastivas rajon\u0101.<\/p>\n","protected":false},"excerpt":{"rendered":"Ievainoto vid\u016b ir b\u0113rni, zi\u0146oja Ukrainas Iek\u0161lietu ministrija, nor\u0101dot, ka vair\u0101kos galvaspils\u0113tas rajonos cietu\u0161as daudzst\u0101vu m\u0101jas un priv\u0101tm\u0101jas.&hellip;\n","protected":false},"author":2,"featured_media":5210,"comment_status":"","ping_status":"","sticky":false,"template":"","format":"standard","meta":{"footnotes":""},"categories":[14],"tags":[23,57,28,29,32,33,22,210,74,30,31,35,39,38,36,37,34,40,20,26,27,24,25,276,54,55,56,21,58],"class_list":{"0":"post-61228","1":"post","2":"type-post","3":"status-publish","4":"format-standard","5":"has-post-thumbnail","7":"category-zinas-no-arvalstim","8":"tag-aktualitates","9":"tag-arvalstim","10":"tag-breaking-news","11":"tag-breakingnews","12":"tag-featured-news","13":"tag-featurednews","14":"tag-headlines","15":"tag-kijiva","16":"tag-krievijas-iebrukums-ukraina","17":"tag-latest-news","18":"tag-latestnews","19":"tag-latvia","20":"tag-latvian","21":"tag-latviesu","22":"tag-latviesu-valoda","23":"tag-latviesuvaloda","24":"tag-latvija","25":"tag-lv","26":"tag-news","27":"tag-popularakas-zinas","28":"tag-popularakaszinas","29":"tag-top-stories","30":"tag-topstories","31":"tag-ukraina","32":"tag-world","33":"tag-world-news","34":"tag-worldnews","35":"tag-zinas","36":"tag-zinas-no-arvalstim"},"share_on_mastodon":{"url":"https:\/\/pubeurope.com\/@lv\/115632356942674749","error":""},"_links":{"self":[{"href":"https:\/\/www.europesays.com\/lv\/wp-json\/wp\/v2\/posts\/61228","targetHints":{"allow":["GET"]}}],"collection":[{"href":"https:\/\/www.europesays.com\/lv\/wp-json\/wp\/v2\/posts"}],"about":[{"href":"https:\/\/www.europesays.com\/lv\/wp-json\/wp\/v2\/types\/post"}],"author":[{"embeddable":true,"href":"https:\/\/www.europesays.com\/lv\/wp-json\/wp\/v2\/users\/2"}],"replies":[{"embeddable":true,"href":"https:\/\/www.europesays.com\/lv\/wp-json\/wp\/v2\/comments?post=61228"}],"version-history":[{"count":0,"href":"https:\/\/www.europesays.com\/lv\/wp-json\/wp\/v2\/posts\/61228\/revisions"}],"wp:featuredmedia":[{"embeddable":true,"href":"https:\/\/www.europesays.com\/lv\/wp-json\/wp\/v2\/media\/5210"}],"wp:attachment":[{"href":"https:\/\/www.europesays.com\/lv\/wp-json\/wp\/v2\/media?parent=61228"}],"wp:term":[{"taxonomy":"category","embeddable":true,"href":"https:\/\/www.europesays.com\/lv\/wp-json\/wp\/v2\/categories?post=61228"},{"taxonomy":"post_tag","embeddable":true,"href":"https:\/\/www.europesays.com\/lv\/wp-json\/wp\/v2\/tags?post=61228"}],"curies":[{"name":"wp","href":"https:\/\/api.w.org\/{rel}","templated":true}]}}