{"id":61233,"date":"2025-11-29T10:01:12","date_gmt":"2025-11-29T10:01:12","guid":{"rendered":"https:\/\/www.europesays.com\/lv\/61233\/"},"modified":"2025-11-29T10:01:12","modified_gmt":"2025-11-29T10:01:12","slug":"kozlovskis-apgalvo-ka-1-nesanema-sunu-apraides-pazinojumu-bet-aptaujas-liecina-par-pretejo-lente-lv","status":"publish","type":"post","link":"https:\/\/www.europesays.com\/lv\/61233\/","title":{"rendered":"Kozlovskis apgalvo, ka 1% nesa\u0146\u0113ma \u0161\u016bnu apraides pazi\u0146ojumu, bet aptaujas liecina par pret\u0113jo\u00a0\u2014\u00a0Lente.lv"},"content":{"rendered":"<p>Latvij\u0101 norit diskusijas par \u0161\u016bnu apraides sist\u0113mas uzticam\u012bbu<\/p>\n<p>Neskatoties uz Iek\u0161lietu ministrijas (IeM) Inform\u0101cijas centra apgalvojumu, ka \u0161\u016bnu apraides pazi\u0146ojumu nav sa\u0146\u0113mis vien 1% Latvijas iedz\u012bvot\u0101ju, soci\u0101lie t\u012bkli un interneta aptaujas liecina par pret\u0113jo. Daudzi iedz\u012bvot\u0101ji pau\u017e neizpratni un pat sa\u0161utumu, nor\u0101dot, ka br\u012bdin\u0101juma zi\u0146ojumus nav sa\u0146\u0113mu\u0161i, lai gan Iek\u0161lietu ministrs Rihards Kozlovskis ir paudis citu viedokli.<\/p>\n<p>Tehniskie iemesli un lietot\u0101ju uzst\u0101d\u012bjumi<\/p>\n<p>Galvenais iemesls, k\u0101p\u0113c da\u013ca Latvijas iedz\u012bvot\u0101ju nav sa\u0146\u0113mu\u0161i \u0161\u016bnu apraides pazi\u0146ojumus, ir saist\u012bts ar viedt\u0101lru\u0146u ra\u017eot\u0101ju iestat\u012bjumiem un pa\u0161iem lietot\u0101jiem. Lai sa\u0146emtu br\u012bdin\u0101juma zi\u0146ojumus, viedt\u0101lru\u0146u lietot\u0101jiem ir j\u0101p\u0101rliecin\u0101s, ka vi\u0146u ier\u012bc\u0113s ir aktiviz\u0113ta attiec\u012bg\u0101 opcija. Tas attiecas gan uz &#8220;Samsung&#8221; un citiem &#8220;Android&#8221; ier\u012b\u010du lietot\u0101jiem, kuriem \u0161\u012b funkcija bie\u017ei vien nav iesl\u0113gta p\u0113c noklus\u0113juma, gan ar\u012b uz tiem, kas nav veiku\u0161i jaun\u0101kos programmat\u016bras atjaunin\u0101jumus vai kuru oper\u0113t\u0101jsist\u0113mas ir novecoju\u0161as un vairs nesa\u0146em atbalstu no ra\u017eot\u0101ja.<\/p>\n<p>Sist\u0113mas darb\u012bba un n\u0101kotnes perspekt\u012bvas<\/p>\n<p>Lai gan \u0161\u016bnu apraides sist\u0113ma, kas paredz\u0113ta iedz\u012bvot\u0101ju br\u012bdin\u0101\u0161anai kr\u012bzes situ\u0101cij\u0101s, ir ieviesta un tehniski str\u0101d\u0101, t\u0101s pilnv\u0113rt\u012bga un vienota darb\u012bba vis\u0101s ier\u012bc\u0113s v\u0113l tiek pilnveidota. Sist\u0113ma darbojas p\u0113c radio apraides principa, \u013caujot operat\u012bvi sasniegt cilv\u0113kus apdraud\u0113taj\u0101 re\u0123ion\u0101, neatkar\u012bgi no vi\u0146u mobil\u0101 operatora. Tom\u0113r, lai nodro\u0161in\u0101tu maksim\u0101lu sasniedzam\u012bbu un inform\u0101cijas precizit\u0101ti, tiek uzsv\u0113rta nepiecie\u0161am\u012bba turpin\u0101t sist\u0113mas uzlabo\u0161anu un lietot\u0101ju inform\u0113\u0161anu par nepiecie\u0161amajiem ier\u012bces iestat\u012bjumiem.<\/p>\n","protected":false},"excerpt":{"rendered":"Latvij\u0101 norit diskusijas par \u0161\u016bnu apraides sist\u0113mas uzticam\u012bbu Neskatoties uz Iek\u0161lietu ministrijas (IeM) Inform\u0101cijas centra apgalvojumu, ka \u0161\u016bnu&hellip;\n","protected":false},"author":2,"featured_media":61234,"comment_status":"","ping_status":"","sticky":false,"template":"","format":"standard","meta":{"footnotes":""},"categories":[5],"tags":[23,28,29,16147,32,33,22,16148,30,31,35,39,38,36,37,34,40,20,26,27,13021,24,25,911,21],"class_list":{"0":"post-61233","1":"post","2":"type-post","3":"status-publish","4":"format-standard","5":"has-post-thumbnail","7":"category-aktualitates","8":"tag-aktualitates","9":"tag-breaking-news","10":"tag-breakingnews","11":"tag-bridinajuma-sistema","12":"tag-featured-news","13":"tag-featurednews","14":"tag-headlines","15":"tag-kozlovskis","16":"tag-latest-news","17":"tag-latestnews","18":"tag-latvia","19":"tag-latvian","20":"tag-latviesu","21":"tag-latviesu-valoda","22":"tag-latviesuvaloda","23":"tag-latvija","24":"tag-lv","25":"tag-news","26":"tag-popularakas-zinas","27":"tag-popularakaszinas","28":"tag-sunu-apraide","29":"tag-top-stories","30":"tag-topstories","31":"tag-viedtalruni","32":"tag-zinas"},"share_on_mastodon":{"url":"https:\/\/pubeurope.com\/@lv\/115632411990047306","error":""},"_links":{"self":[{"href":"https:\/\/www.europesays.com\/lv\/wp-json\/wp\/v2\/posts\/61233","targetHints":{"allow":["GET"]}}],"collection":[{"href":"https:\/\/www.europesays.com\/lv\/wp-json\/wp\/v2\/posts"}],"about":[{"href":"https:\/\/www.europesays.com\/lv\/wp-json\/wp\/v2\/types\/post"}],"author":[{"embeddable":true,"href":"https:\/\/www.europesays.com\/lv\/wp-json\/wp\/v2\/users\/2"}],"replies":[{"embeddable":true,"href":"https:\/\/www.europesays.com\/lv\/wp-json\/wp\/v2\/comments?post=61233"}],"version-history":[{"count":0,"href":"https:\/\/www.europesays.com\/lv\/wp-json\/wp\/v2\/posts\/61233\/revisions"}],"wp:featuredmedia":[{"embeddable":true,"href":"https:\/\/www.europesays.com\/lv\/wp-json\/wp\/v2\/media\/61234"}],"wp:attachment":[{"href":"https:\/\/www.europesays.com\/lv\/wp-json\/wp\/v2\/media?parent=61233"}],"wp:term":[{"taxonomy":"category","embeddable":true,"href":"https:\/\/www.europesays.com\/lv\/wp-json\/wp\/v2\/categories?post=61233"},{"taxonomy":"post_tag","embeddable":true,"href":"https:\/\/www.europesays.com\/lv\/wp-json\/wp\/v2\/tags?post=61233"}],"curies":[{"name":"wp","href":"https:\/\/api.w.org\/{rel}","templated":true}]}}