{"id":61260,"date":"2025-11-29T10:55:08","date_gmt":"2025-11-29T10:55:08","guid":{"rendered":"https:\/\/www.europesays.com\/lv\/61260\/"},"modified":"2025-11-29T10:55:08","modified_gmt":"2025-11-29T10:55:08","slug":"sesks-un-francis-divreiz-pardur-riepu-un-nolido-kopvertejuma-motoru-sports-sportacentrs-com","status":"publish","type":"post","link":"https:\/\/www.europesays.com\/lv\/61260\/","title":{"rendered":"Sesks un Francis divreiz p\u0101rdur riepu un nolido kopv\u0113rt\u0113jum\u0101 \u2013 Motoru sports \u2013 Sportacentrs.com"},"content":{"rendered":"<p>Dienas pirmaj\u0101 \u0101trumposm\u0101 Sesks un Francis zaud\u0113ja l\u012bderpoz\u012bcijas, par div\u0101m sekund\u0113m piek\u0101pjoties be\u013c\u0123im Tjer\u012b Nevilam. 16,29 kilometrus garaj\u0101 \u0101trumposm\u0101 Seska ekip\u0101\u017ea (&#8220;M-Sport Ford&#8221;) sp\u0113ja sasniegt sesto \u0101tr\u0101ko laiku, \u0101trumposma uzvar\u0113t\u0101jam franc\u016bzim Adrj\u0113nam Furmo (&#8220;Hyundai&#8221;) zaud\u0113jot 9,4 sekundes. Otro \u0101tr\u0101ko laiku sasniedza &#8220;Toyota&#8221; komandas p\u0101rst\u0101vis soms Kalle Rovanpere, kur\u0161 Furmo zaud\u0113ja 3,4 sekundes, bet tre\u0161o &#8211; Nevils, franc\u016bzim piek\u0101pjoties \u010detras sekundes.<\/p>\n<p>Pavisam nesekm\u012bgs izr\u0101d\u012bj\u0101s dienas otrais jeb sacens\u012bbu 16. \u0101trumposms. 33,28 kilometrus garaj\u0101 \u0101trumposm\u0101 Seska ekip\u0101\u017ea (&#8220;M-Sport Ford&#8221;) pirmoreiz riepu sad\u016bra neilgi p\u0113c \u0101trumposma s\u0101kuma, bet v\u0113l\u0101k riepa bija j\u0101maina v\u0113lreiz, \u0101trumposma uzvar\u0113t\u0101jam franc\u016bzim Sebastj\u0113nam O\u017ej\u0113 (&#8220;Toyota Gazoo&#8221;) zaud\u0113jot septi\u0146as min\u016btes un 43,4 sekundes.<\/p>\n<p>&#8220;Divreiz p\u0101rd\u016br\u0101m riepu, un ar\u012b motors nestr\u0101d\u0101, k\u0101 n\u0101kas,&#8221; p\u0113c \u0101trumposma fini\u0161a rallija transl\u0101cij\u0101 telev\u012bzijas kan\u0101l\u0101 &#8220;Go3 Sport 2&#8221; teica Sesks. Otro \u0101tr\u0101ko laiku \u0101trumposm\u0101 sasniedza Nevils (&#8220;Hyundai&#8221;), kur\u0161 O\u017ej\u0113 zaud\u0113ja 2,6 sekundes, bet tre\u0161o &#8211; soma Sami Pajari (&#8220;Toyota Gazoo&#8221;) pilot\u0113t\u0101 ekip\u0101\u017ea, franc\u016bzim piek\u0101pjoties 6,3 sekundes. \u0100trumposm\u0101 riepas mai\u0146u piedz\u012bvoja ar\u012b &#8220;Toyota&#8221; komandas p\u0101rst\u0101vis soms Kalle Rovanpere, bet avar\u0113ja tre\u0161o vietu p\u0113c 15. \u0101trumposma ie\u0146\u0113mu\u0161ais jap\u0101nis Takamoto Kacuta (&#8220;Toyota Gazoo&#8221;).<\/p>\n<p>P\u0113d\u0113jais rallija \u0101trumposms sestdien s\u0101ksies plkst. 12.15.<\/p>\n<p>Kopv\u0113rt\u0113jums p\u0113c 16 \u0101trumposmiem<\/p>\n<tr>VPilotsValstsMa\u0161\u012bnaLaiks<\/tr>\n<tr class=\"even\">\n<td>1.<\/td>\n<td>Tjer\u012b Nevils<\/td>\n<td>Be\u013c\u0123ija<\/td>\n<td>i20 N Rally1<\/td>\n<td class=\"ralign\">3:10:07.6<\/td>\n<\/tr>\n<tr class=\"odd\">\n<td>2.<\/td>\n<td>Sebastj\u0113ns O\u017ej\u0113<\/td>\n<td>Francija<\/td>\n<td>GR Yaris Rally1<\/td>\n<td class=\"ralign\">+1:10.9<\/td>\n<\/tr>\n<tr class=\"even\">\n<td>3.<\/td>\n<td>Adrj\u0113ns Furmo<\/td>\n<td>Francija<\/td>\n<td>i20 N Rally1<\/td>\n<td class=\"ralign\">+1:29.9<\/td>\n<\/tr>\n<tr class=\"odd\">\n<td>4.<\/td>\n<td>Sami Pajari<\/td>\n<td>Somija<\/td>\n<td>GR Yaris Rally1<\/td>\n<td class=\"ralign\">+1:47.2<\/td>\n<\/tr>\n<tr class=\"even\">\n<td>5.<\/td>\n<td>Takamoto Kacuta<\/td>\n<td>Jap\u0101na<\/td>\n<td>GR Yaris Rally1<\/td>\n<td class=\"ralign\">+2:02.4<\/td>\n<\/tr>\n<tr class=\"odd\">\n<td>6.<\/td>\n<td>Elfins Evanss<\/td>\n<td>Lielbrit\u0101nija<\/td>\n<td>GR Yaris Rally1<\/td>\n<td class=\"ralign\">+3:58.7<\/td>\n<\/tr>\n<tr class=\"even\">\n<td>7.<\/td>\n<td>Kalle Rovanpere<\/td>\n<td>Somija<\/td>\n<td>GR Yaris Rally1<\/td>\n<td class=\"ralign\">+5:36.4<\/td>\n<\/tr>\n<tr class=\"odd\">\n<td>8.<\/td>\n<td>Gregu\u0101rs Munsters<\/td>\n<td>Luksemburga<\/td>\n<td>Puma Rally1<\/td>\n<td class=\"ralign\">+7:04.6<\/td>\n<\/tr>\n<tr class=\"even\">\n<td>9.<\/td>\n<td>M\u0101rti\u0146\u0161 Sesks<\/td>\n<td>Latvija<\/td>\n<td>Puma Rally1<\/td>\n<td class=\"ralign\">+7:42.8<\/td>\n<\/tr>\n<tr class=\"odd\">\n<td>10.<\/td>\n<td>D\u017eo\u0161ua Makerlens<\/td>\n<td>\u012arija<\/td>\n<td>Puma Rally1<\/td>\n<td class=\"ralign\">+8:24.8<\/td>\n<\/tr>\n<p>Piedal\u0101s 19 ekip\u0101\u017eas<\/p>\n<p><\/p>\n<blockquote class=\"twitter-tweet\">\n<p lang=\"en\" dir=\"ltr\">SS16 &#8211; Sesks completes the after his double puncture. He drops 7m43s in the stage. Car&#8217;s also not sounding great at the stop finish&#8230;<a href=\"https:\/\/twitter.com\/hashtag\/WRC?src=hash&amp;ref_src=twsrc%5Etfw\" rel=\"nofollow noopener\" target=\"_blank\">#WRC<\/a> <a href=\"https:\/\/twitter.com\/hashtag\/RallySaudiArabia?src=hash&amp;ref_src=twsrc%5Etfw\" rel=\"nofollow noopener\" target=\"_blank\">#RallySaudiArabia<\/a> <a href=\"https:\/\/t.co\/PGBLH2b8mG\" rel=\"nofollow\">https:\/\/t.co\/PGBLH2b8mG<\/a><\/p>\n<p>\u2014 Rallysupport (@RallysupportNL) <a href=\"https:\/\/twitter.com\/RallysupportNL\/status\/1994682055989629181?ref_src=twsrc%5Etfw\" rel=\"nofollow noopener\" target=\"_blank\">November 29, 2025<\/a><\/p><\/blockquote>\n<p><\/p>\n<blockquote class=\"twitter-tweet\">\n<p lang=\"lv\" dir=\"ltr\">Tas pras\u012bs laiku lai no \u0161\u012b atkoptos\ud83e\uddd8\ud83c\udffb\u200d\u2642\ufe0f. Bet M\u0101rti\u0146\u0161 ir par\u0101d\u012bjis ka ir WRC \u010dempiona materi\u0101ls. Un \u0161is ir tikai s\u0101kums\ud83c\uddf1\ud83c\uddfb\ud83c\udfce\ufe0f\ud83d\ude80<a href=\"https:\/\/twitter.com\/MSesks?ref_src=twsrc%5Etfw\" rel=\"nofollow noopener\" target=\"_blank\">@MSesks<\/a><\/p>\n<p>\u2014 Raimonds Strok\u0161s (@RaimondsStroksh) <a href=\"https:\/\/twitter.com\/RaimondsStroksh\/status\/1994685337742790912?ref_src=twsrc%5Etfw\" rel=\"nofollow noopener\" target=\"_blank\">November 29, 2025<\/a><\/p><\/blockquote>\n<p>                    <script async src=\"https:\/\/platform.twitter.com\/widgets.js\" charset=\"utf-8\"><\/script><\/p>\n","protected":false},"excerpt":{"rendered":"Dienas pirmaj\u0101 \u0101trumposm\u0101 Sesks un Francis zaud\u0113ja l\u012bderpoz\u012bcijas, par div\u0101m sekund\u0113m piek\u0101pjoties be\u013c\u0123im Tjer\u012b Nevilam. 16,29 kilometrus garaj\u0101&hellip;\n","protected":false},"author":2,"featured_media":61261,"comment_status":"","ping_status":"","sticky":false,"template":"","format":"standard","meta":{"footnotes":""},"categories":[5],"tags":[23,28,29,32,33,22,30,31,35,39,38,36,37,34,40,165,20,26,27,24,25,21],"class_list":{"0":"post-61260","1":"post","2":"type-post","3":"status-publish","4":"format-standard","5":"has-post-thumbnail","7":"category-aktualitates","8":"tag-aktualitates","9":"tag-breaking-news","10":"tag-breakingnews","11":"tag-featured-news","12":"tag-featurednews","13":"tag-headlines","14":"tag-latest-news","15":"tag-latestnews","16":"tag-latvia","17":"tag-latvian","18":"tag-latviesu","19":"tag-latviesu-valoda","20":"tag-latviesuvaloda","21":"tag-latvija","22":"tag-lv","23":"tag-motoru-sports","24":"tag-news","25":"tag-popularakas-zinas","26":"tag-popularakaszinas","27":"tag-top-stories","28":"tag-topstories","29":"tag-zinas"},"share_on_mastodon":{"url":"https:\/\/pubeurope.com\/@lv\/115632624221035271","error":""},"_links":{"self":[{"href":"https:\/\/www.europesays.com\/lv\/wp-json\/wp\/v2\/posts\/61260","targetHints":{"allow":["GET"]}}],"collection":[{"href":"https:\/\/www.europesays.com\/lv\/wp-json\/wp\/v2\/posts"}],"about":[{"href":"https:\/\/www.europesays.com\/lv\/wp-json\/wp\/v2\/types\/post"}],"author":[{"embeddable":true,"href":"https:\/\/www.europesays.com\/lv\/wp-json\/wp\/v2\/users\/2"}],"replies":[{"embeddable":true,"href":"https:\/\/www.europesays.com\/lv\/wp-json\/wp\/v2\/comments?post=61260"}],"version-history":[{"count":0,"href":"https:\/\/www.europesays.com\/lv\/wp-json\/wp\/v2\/posts\/61260\/revisions"}],"wp:featuredmedia":[{"embeddable":true,"href":"https:\/\/www.europesays.com\/lv\/wp-json\/wp\/v2\/media\/61261"}],"wp:attachment":[{"href":"https:\/\/www.europesays.com\/lv\/wp-json\/wp\/v2\/media?parent=61260"}],"wp:term":[{"taxonomy":"category","embeddable":true,"href":"https:\/\/www.europesays.com\/lv\/wp-json\/wp\/v2\/categories?post=61260"},{"taxonomy":"post_tag","embeddable":true,"href":"https:\/\/www.europesays.com\/lv\/wp-json\/wp\/v2\/tags?post=61260"}],"curies":[{"name":"wp","href":"https:\/\/api.w.org\/{rel}","templated":true}]}}