{"id":61264,"date":"2025-11-29T11:01:25","date_gmt":"2025-11-29T11:01:25","guid":{"rendered":"https:\/\/www.europesays.com\/lv\/61264\/"},"modified":"2025-11-29T11:01:25","modified_gmt":"2025-11-29T11:01:25","slug":"vacijas-tiesa-patur-apcietinajuma-nord-stream-spridzinasana-apsudzeto-ukrainas-pilsoni","status":"publish","type":"post","link":"https:\/\/www.europesays.com\/lv\/61264\/","title":{"rendered":"V\u0101cijas tiesa patur apcietin\u0101jum\u0101 \u201cNord Stream\u201d spridzin\u0101\u0161an\u0101 aps\u016bdz\u0113to Ukrainas pilsoni"},"content":{"rendered":"<p>V\u0101cijas prokurat\u016bra 49 gadus veco Kuz\u0146ecovu aps\u016bdz spr\u0101dziena organiz\u0113\u0161an\u0101 un antikonstitucion\u0101l\u0101 sabot\u0101\u017e\u0101. Ja vi\u0146\u0161 tiks atz\u012bts par vain\u012bgu, vi\u0146am draud 15 gadu cietumsods.<\/p>\n<p>Kuz\u0146ecovs apgalvo, ka spridzin\u0101\u0161anas br\u012bd\u012b dien\u0113jis Ukrainas armij\u0101 un atradies Ukrain\u0101.<\/p>\n<p>\u201cNord Stream 1\u201d iepriek\u0161 tika izmantots, lai pieg\u0101d\u0101tu V\u0101cijai Krievijas g\u0101zi, bet spr\u0101dziena br\u012bd\u012b g\u0101zes pieg\u0101de jau bija aptur\u0113ta saist\u012bb\u0101 ar Krievijas atk\u0101rtoto iebrukumu Ukrain\u0101. Savuk\u0101rt \u201cNord Stream 2\u201d v\u0113l nebija nodots ekspluat\u0101cij\u0101, ko ar\u012b aizkav\u0113ja Krievijas agresija pret Ukrainu.<\/p>\n<p>V\u0101cijas izmekl\u0113t\u0101ji apgalvo, ka tiem izdevies noskaidrot visu g\u0101zesvada \u201cNord Stream\u201d spridzin\u0101\u0161an\u0101 iesaist\u012bto person\u012bbas.<\/p>\n<p>Saska\u0146\u0101 ar izmekl\u0113t\u0101ju viedokli spridzin\u0101t\u0101ju grup\u0101 biju\u0161i septi\u0146i cilv\u0113ki \u2013 \u010detri \u016bdensl\u012bd\u0113ji, spridzin\u0101\u0161anas speci\u0101lists, ku\u0123a kapteinis un grupas vad\u012bt\u0101js Kuz\u0146ecovs. Visi iesp\u0113jamie oper\u0101cijas dal\u012bbnieki ir Ukrainas pilso\u0146i, un V\u0101cija izdevusi orderus vi\u0146u aiztur\u0113\u0161anai.<\/p>\n<p>Kuz\u0146ecovs tika aiztur\u0113ts It\u0101lij\u0101 augusta beig\u0101s, kad vi\u0146\u0161 tur pavad\u012bja br\u012bvdienas kop\u0101 ar sievu un b\u0113rniem.<\/p>\n<p>Taj\u0101 pa\u0161\u0101 laik\u0101 virkne Eiropas politi\u0137u, \u012bpa\u0161i Austrumeirop\u0101, nor\u0101d\u012bju\u0161i, ka \u201cNord Stream\u201d no Krievijas agresijai pak\u013caut\u0101s Ukrainas viedok\u013ca ir le\u0123it\u012bms milit\u0101rs m\u0113r\u0137is.<\/p>\n<p class=\"ad-desc ad-desc-main\">Saturs turpin\u0101s p\u0113c rekl\u0101mas<\/p>\n<p class=\"ad-desc ad-desc-sec\">Rekl\u0101ma<\/p>\n<p>17. oktobr\u012b Polijas tiesa noraid\u012bja cita \u201cNord Stream\u201d spridzin\u0101\u0161an\u0101 aizdom\u0101s tur\u0113ta Ukrainas pilso\u0146a izdo\u0161anu V\u0101cijai un aiztur\u0113to Volodimiru Z. tiesas z\u0101l\u0113 atbr\u012bvoja.<\/p>\n<p>Var\u0161avas apgabala tiesnesis Darju\u0161s Lubovskis cita starp\u0101 uzsv\u0113ra, ka Krievijas iebrukuma kontekst\u0101 ukrai\u0146i nav uzskat\u0101mi par teroristiem vai sabotieriem, jo \u201car m\u0113r\u0137i aizst\u0101v\u0113t savu dzimteni, vi\u0146i v\u0101jina ienaidnieku\u201d.<\/p>\n<p>T\u0101d\u0113j\u0101di V\u0101cijas centieni uzs\u0101kt iesp\u0113jamo ukrai\u0146u diversantu tiesisko vaj\u0101\u0161anu var\u0113tu nost\u0101d\u012bt Berl\u012bni visai delik\u0101t\u0101 un nepat\u012bkam\u0101 situ\u0101cij\u0101.<\/p>\n<p>Piem\u0113ram, Polijas premjerministrs Donalds Tusks, rea\u0123\u0113jot uz Berl\u012bnes apgalvojumiem, ka g\u0101zesvadu \u201cNord Stream\u201d spridzin\u0101\u0161an\u0101 iesaist\u012bta gan Kijiva, gan Var\u0161ava, p\u0113rn izteic\u0101s, ka vien\u012bgais, kas tagad dar\u0101ms \u201cNord Stream\u201d \u201cpatroniem un iniciatoriem\u201d, ir \u201catvainoties un aizv\u0113rties\u201d.<\/p>\n<p>Savuk\u0101rt p\u0113c Volodimira Z. aiztur\u0113\u0161anas Tusks pazi\u0146oja, ka vi\u0146a izdo\u0161ana nav Polijas nacion\u0101laj\u0101s interes\u0113s, piebilstot, ka \u201cEiropas, Ukrainas, Lietuvas un Polijas probl\u0113ma nav t\u0101, ka \u201cNord Stream 2\u2033 tika uzspridzin\u0101ts, bet gan t\u0101, ka tas tika uzb\u016bv\u0113ts\u201d.<\/p>\n<p class=\"tv3-fw-500\">Zi\u0146o par k\u013c\u016bdu rakst\u0101<\/p>\n<p class=\"d-md-block d-none\">Iez\u012bm\u0113 k\u013c\u016bdaino tekstu un spied Ctrl+Enter.<\/p>\n<p class=\"d-md-none d-block\">Iez\u012bm\u0113 k\u013c\u016bdaino tekstu un zi\u0146o par to!<\/p>\n","protected":false},"excerpt":{"rendered":"V\u0101cijas prokurat\u016bra 49 gadus veco Kuz\u0146ecovu aps\u016bdz spr\u0101dziena organiz\u0113\u0161an\u0101 un antikonstitucion\u0101l\u0101 sabot\u0101\u017e\u0101. Ja vi\u0146\u0161 tiks atz\u012bts par vain\u012bgu,&hellip;\n","protected":false},"author":2,"featured_media":61265,"comment_status":"","ping_status":"","sticky":false,"template":"","format":"standard","meta":{"footnotes":""},"categories":[5],"tags":[23,28,29,32,33,22,16151,30,31,35,39,38,36,37,34,40,20,26,27,24,25,21],"class_list":{"0":"post-61264","1":"post","2":"type-post","3":"status-publish","4":"format-standard","5":"has-post-thumbnail","7":"category-aktualitates","8":"tag-aktualitates","9":"tag-breaking-news","10":"tag-breakingnews","11":"tag-featured-news","12":"tag-featurednews","13":"tag-headlines","14":"tag-kars-ukrainanord-streamvacija","15":"tag-latest-news","16":"tag-latestnews","17":"tag-latvia","18":"tag-latvian","19":"tag-latviesu","20":"tag-latviesu-valoda","21":"tag-latviesuvaloda","22":"tag-latvija","23":"tag-lv","24":"tag-news","25":"tag-popularakas-zinas","26":"tag-popularakaszinas","27":"tag-top-stories","28":"tag-topstories","29":"tag-zinas"},"share_on_mastodon":{"url":"https:\/\/pubeurope.com\/@lv\/115632647912574218","error":""},"_links":{"self":[{"href":"https:\/\/www.europesays.com\/lv\/wp-json\/wp\/v2\/posts\/61264","targetHints":{"allow":["GET"]}}],"collection":[{"href":"https:\/\/www.europesays.com\/lv\/wp-json\/wp\/v2\/posts"}],"about":[{"href":"https:\/\/www.europesays.com\/lv\/wp-json\/wp\/v2\/types\/post"}],"author":[{"embeddable":true,"href":"https:\/\/www.europesays.com\/lv\/wp-json\/wp\/v2\/users\/2"}],"replies":[{"embeddable":true,"href":"https:\/\/www.europesays.com\/lv\/wp-json\/wp\/v2\/comments?post=61264"}],"version-history":[{"count":0,"href":"https:\/\/www.europesays.com\/lv\/wp-json\/wp\/v2\/posts\/61264\/revisions"}],"wp:featuredmedia":[{"embeddable":true,"href":"https:\/\/www.europesays.com\/lv\/wp-json\/wp\/v2\/media\/61265"}],"wp:attachment":[{"href":"https:\/\/www.europesays.com\/lv\/wp-json\/wp\/v2\/media?parent=61264"}],"wp:term":[{"taxonomy":"category","embeddable":true,"href":"https:\/\/www.europesays.com\/lv\/wp-json\/wp\/v2\/categories?post=61264"},{"taxonomy":"post_tag","embeddable":true,"href":"https:\/\/www.europesays.com\/lv\/wp-json\/wp\/v2\/tags?post=61264"}],"curies":[{"name":"wp","href":"https:\/\/api.w.org\/{rel}","templated":true}]}}