{"id":61270,"date":"2025-11-29T11:10:10","date_gmt":"2025-11-29T11:10:10","guid":{"rendered":"https:\/\/www.europesays.com\/lv\/61270\/"},"modified":"2025-11-29T11:10:10","modified_gmt":"2025-11-29T11:10:10","slug":"vai-tesla-roadster-klus-par-lidojosu-auto-lidz-gada-beigam-lente-lv","status":"publish","type":"post","link":"https:\/\/www.europesays.com\/lv\/61270\/","title":{"rendered":"vai Tesla Roadster k\u013c\u016bs par lidojo\u0161u auto l\u012bdz gada beig\u0101m?\u00a0\u2014\u00a0Lente.lv"},"content":{"rendered":"<p>Muska aizraut\u012bba par lidojo\u0161o Tesla<\/p>\n<p>Ilons Musks, paz\u012bstamais tehnolo\u0123iju vizion\u0101rs un uz\u0146\u0113m\u0113js, atkal ir rad\u012bjis pla\u0161u rezonansi ar savu pazi\u0146ojumu. Sarunas laik\u0101 slavenaj\u0101 D\u017eo Rogana podk\u0101st\u0101 Musks dal\u012bj\u0101s ar ambicioziem pl\u0101niem par jaunas paaudzes Tesla Roadster prototipa demonstr\u0113\u0161anu v\u0113l \u0161\u012b gada laik\u0101. Lai gan ideja par lidojo\u0161u transportl\u012bdzekli nav sve\u0161a Muska fant\u0101zij\u0101m, jau kop\u0161 2014. gada, \u0161is jaun\u0101kais m\u0101jieniens ir \u012bpa\u0161i saist\u012bts ar gaid\u012bto Roadster modeli.<\/p>\n<p>Roadster sola aizraujo\u0161u atkl\u0101\u0161anu<\/p>\n<p>Atbildot uz Rogana jaut\u0101jumu par Roadster izlai\u0161anas datumu, kas tika sol\u012bts jau 2020. gad\u0101, Musks atkl\u0101ja, ka uz\u0146\u0113mums ir \u00abtuvu prototipa demonstr\u0113\u0161anai\u00bb. Vi\u0146\u0161 piebilda ar aizraut\u012bbu: \u00abVienu gan varu garant\u0113t \u2014 \u0161\u012b demonstr\u0101cija b\u016bs neaizmirstama. Neatkar\u012bgi no t\u0101, vai t\u0101 b\u016bs laba vai slikta \u2014 neaizmirstama.\u00bb Tikai p\u0113c tam vi\u0146\u0161 skaidri nor\u0101d\u012bja, ka runa ir par lidojo\u0161u automobili. Musks atcer\u0113j\u0101s sava biju\u0161\u0101 partnera no PayPal, P\u012btera T\u012bla, teikto: \u00abN\u0101kotnei bija j\u0101b\u016bt ar lidojo\u0161iem auto \u2014 bet to joproj\u0101m nav.\u00bb Uz ko Musks atbild\u0113ja: \u00abJa P\u012bters v\u0113las lidojo\u0161u auto, mums tas ir j\u0101nodro\u0161ina, lai to var\u0113tu ieg\u0101d\u0101ties.\u00bb<\/p>\n<p>Nosl\u0113pumainas deta\u013cas un \u00abd\u017eonasbondiskas\u00bb tehnolo\u0123ijas<\/p>\n<p>Kad Rogans cent\u0101s izzin\u0101t vair\u0101k, vaic\u0101jot par izvelkamiem sp\u0101rniem, Musks vien pasmaid\u012bja, atsakoties sniegt s\u012bk\u0101ku inform\u0101ciju pirms ofici\u0101l\u0101s prezent\u0101cijas. Vi\u0146\u0161 gan pie\u013c\u0101va, ka \u00abt\u0101 var\u0113tu b\u016bt aizraujo\u0161\u0101k\u0101 produktu prezent\u0101cija v\u0113stur\u0113\u00bb. Lai gan vi\u0146\u0161 pauda cer\u012bbu uz par\u0101d\u012b\u0161anu v\u0113l \u0161ogad, vi\u0146\u0161 uzsv\u0113ra, ka t\u0101 ir tikai \u00abcer\u012bba\u00bb. Lai gan Muska sol\u012bjumi bie\u017ei vien rada skepsi par \u012bsteno\u0161anas termi\u0146iem, piem\u0113ram, nepiepild\u012btie sap\u0146i par Hyperloop vai piln\u012bb\u0101 autonomo Cybercab, jaunais Roadster sol\u0101s b\u016bt revolucion\u0101rs.<\/p>\n<p>Musks atzina, ka jaunais Roadster ietvers \u00abtraku tehnolo\u0123iju\u00bb, kas iepriek\u0161 nav bijusi publiski izzi\u0146ota. Vi\u0146\u0161 pat ierosin\u0101ja, ka to \u00abpat ir gr\u016bti nosaukt par automobili\u00bb. Vi\u0146\u0161 aprakst\u012bja, ka tas izskat\u0101s k\u0101 ma\u0161\u012bna, bet t\u0101l\u0101k piebilda: \u00abJa sav\u0101ktu kop\u0101 visus D\u017eeimsa Bonda automobi\u013cus, \u0161is b\u016btu v\u0113l nepr\u0101t\u012bg\u0101ks.\u00bb \u0160is apraksts var\u0113tu liecin\u0101t par Tesla darbu pie vertik\u0101l\u0101s pacel\u0161an\u0101s un nolai\u0161an\u0101s transportl\u012bdzek\u013ca, kas vair\u0101k atg\u0101dina kompaktu lidapar\u0101tu nek\u0101 klasisku auto.<\/p>\n<p>Dro\u0161\u012bba un sertifik\u0101cija \u2014 galvenie \u0161\u0137\u0113r\u0161\u013ci<\/p>\n<p>Tom\u0113r galvenais izaicin\u0101jums visiem \u00ablidojo\u0161ajiem auto\u00bb joproj\u0101m ir dro\u0161\u012bbas un sertifik\u0101cijas jaut\u0101jumi. Lai leg\u0101li lidotu ASV, pilotam ir nepiecie\u0161ama licence, bet pilna autonomija rada v\u0113l citus sare\u017e\u0123\u012bjumus \u2014 s\u0101kot no gaisa satiksmes koordin\u0101cijas l\u012bdz pat \u0101rk\u0101rtas situ\u0101ciju vad\u012bbai. Detaliz\u0113ta inform\u0101cija par dzin\u0113ja tipu, pacel\u0161an\u0101s sist\u0113mu vai akumulatoriem pagaid\u0101m netiek sniegta. Ta\u010du, ja Muska sol\u012bjums netiks izpild\u012bts tikai v\u0101rdiem, \u0161\u012b demonstr\u0101cija patie\u0161\u0101m var\u0113tu k\u013c\u016bt par gada spilgt\u0101ko tehnolo\u0123iju notikumu.<\/p>\n","protected":false},"excerpt":{"rendered":"Muska aizraut\u012bba par lidojo\u0161o Tesla Ilons Musks, paz\u012bstamais tehnolo\u0123iju vizion\u0101rs un uz\u0146\u0113m\u0113js, atkal ir rad\u012bjis pla\u0161u rezonansi ar&hellip;\n","protected":false},"author":2,"featured_media":61271,"comment_status":"","ping_status":"","sticky":false,"template":"","format":"standard","meta":{"footnotes":""},"categories":[16],"tags":[77,76,6903,35,39,38,36,37,34,13394,40,16157,3738,10855],"class_list":{"0":"post-61270","1":"post","2":"type-post","3":"status-publish","4":"format-standard","5":"has-post-thumbnail","7":"category-bizness","8":"tag-bizness","9":"tag-business","10":"tag-ilons-musks","11":"tag-latvia","12":"tag-latvian","13":"tag-latviesu","14":"tag-latviesu-valoda","15":"tag-latviesuvaloda","16":"tag-latvija","17":"tag-lidojosais-auto","18":"tag-lv","19":"tag-nakotnes-transports","20":"tag-tehnologijas","21":"tag-tesla-roadster"},"share_on_mastodon":{"url":"https:\/\/pubeurope.com\/@lv\/115632683309880806","error":""},"_links":{"self":[{"href":"https:\/\/www.europesays.com\/lv\/wp-json\/wp\/v2\/posts\/61270","targetHints":{"allow":["GET"]}}],"collection":[{"href":"https:\/\/www.europesays.com\/lv\/wp-json\/wp\/v2\/posts"}],"about":[{"href":"https:\/\/www.europesays.com\/lv\/wp-json\/wp\/v2\/types\/post"}],"author":[{"embeddable":true,"href":"https:\/\/www.europesays.com\/lv\/wp-json\/wp\/v2\/users\/2"}],"replies":[{"embeddable":true,"href":"https:\/\/www.europesays.com\/lv\/wp-json\/wp\/v2\/comments?post=61270"}],"version-history":[{"count":0,"href":"https:\/\/www.europesays.com\/lv\/wp-json\/wp\/v2\/posts\/61270\/revisions"}],"wp:featuredmedia":[{"embeddable":true,"href":"https:\/\/www.europesays.com\/lv\/wp-json\/wp\/v2\/media\/61271"}],"wp:attachment":[{"href":"https:\/\/www.europesays.com\/lv\/wp-json\/wp\/v2\/media?parent=61270"}],"wp:term":[{"taxonomy":"category","embeddable":true,"href":"https:\/\/www.europesays.com\/lv\/wp-json\/wp\/v2\/categories?post=61270"},{"taxonomy":"post_tag","embeddable":true,"href":"https:\/\/www.europesays.com\/lv\/wp-json\/wp\/v2\/tags?post=61270"}],"curies":[{"name":"wp","href":"https:\/\/api.w.org\/{rel}","templated":true}]}}