{"id":61276,"date":"2025-11-29T11:17:09","date_gmt":"2025-11-29T11:17:09","guid":{"rendered":"https:\/\/www.europesays.com\/lv\/61276\/"},"modified":"2025-11-29T11:17:09","modified_gmt":"2025-11-29T11:17:09","slug":"putina-reakcija-uz-asv-miera-planu-atklaja-vina-patieso-merki-ukraina","status":"publish","type":"post","link":"https:\/\/www.europesays.com\/lv\/61276\/","title":{"rendered":"Putina reakcija uz ASV miera pl\u0101nu atkl\u0101ja vi\u0146a patieso m\u0113r\u0137i Ukrain\u0101"},"content":{"rendered":"<p>Tas b\u016btu aizliegts Ukrainai glab\u0101t smagos iero\u010dus un padar\u012bjis to par &#8220;past\u0101v\u012bgu neitr\u0101lu valsti, kas nepiedal\u0101s milit\u0101rajos blokos&#8221;. Tas b\u016btu ierobe\u017eojis Ukrainas bru\u0146oto sp\u0113ku skaitu l\u012bdz 85 000 karav\u012bru, kas ir maz\u0101k nek\u0101 10% no pa\u0161reiz\u0113j\u0101 skaita, un noteicis ierobe\u017eojumus attiec\u012bb\u0101 uz t\u0101la darb\u012bbas r\u0101diusa iero\u010diem.<\/p>\n<p>ASV atbalst\u012btaj\u0101 priek\u0161likum\u0101 iek\u013cauti t\u0101di noteikumi k\u0101 visa Donbasas re\u0123iona nodo\u0161ana Ukrainas austrumos un garantijas, ka Ukraina neuz\u0146ems sav\u0101 teritorij\u0101 \u0101rvalstu karasp\u0113ku, kas var\u0113tu padar\u012bt dar\u012bjumu pie\u0146emamu Putinam.<\/p>\n<p>Putins ir skaidri nor\u0101d\u012bjis, ka, ja Krievijas kaujas lauk\u0101 turpin\u0101sies, vi\u0146am neb\u016bs j\u0101atg\u016bst Ukrainas kontrol\u0113t\u0101s teritorijas diplom\u0101tisk\u0101 ce\u013c\u0101, jo vi\u0146a sp\u0113ki t\u0101s galu gal\u0101 okup\u0113s.<\/p>\n<p>Anal\u012bti\u0137i apgalvo, ka galu gal\u0101 Putins cer pan\u0101kt lielu \u0123eopolitisku vieno\u0161anos, kas nodro\u0161in\u0101s vi\u0146a kontroli p\u0101r Ukrainu, sadarbojoties ar Amerikas Savienotaj\u0101m Valst\u012bm caur Eiropas un Ukrainas amatpersonu vad\u012bt\u0101jiem.<\/p>\n<p>Saska\u0146\u0101 ar &#8220;Financial Times&#8221; datiem, Kijiva r\u012bkojas pareizi, noraidot pl\u0101nu, kas paredz pado\u0161anos bez pretest\u012bbas. Ta\u010du, ja Ukraina turpin\u0101s pretoties, karadarb\u012bbas dinamikas pasliktin\u0101\u0161an\u0101s var\u0113tu \u013caut Krievijai l\u012bdz 2026. gadam okup\u0113t visu Donbasu (vai pat vair\u0101k), nov\u0113r\u0161ot galveno \u0161\u0137\u0113rsli pamieram un atst\u0101jot Ukrainu ar t\u0101du pa\u0161u rezult\u0101tu, tikai ar slikt\u0101kiem nosac\u012bjumiem. \u017durn\u0101lists D\u017eeimijs Detmers iepriek\u0161 rakst\u012bja, ka ASV miera pl\u0101ns, kas b\u016bt\u012bb\u0101 pieprasa Krievijas piek\u0101p\u0161anos, var\u0113tu b\u016bt viss, uz ko Ukraina var cer\u0113t.<\/p>\n","protected":false},"excerpt":{"rendered":"Tas b\u016btu aizliegts Ukrainai glab\u0101t smagos iero\u010dus un padar\u012bjis to par &#8220;past\u0101v\u012bgu neitr\u0101lu valsti, kas nepiedal\u0101s milit\u0101rajos blokos&#8221;.&hellip;\n","protected":false},"author":2,"featured_media":61277,"comment_status":"","ping_status":"","sticky":false,"template":"","format":"standard","meta":{"footnotes":""},"categories":[14],"tags":[23,57,28,29,32,33,22,234,74,30,31,35,39,38,36,37,34,40,20,26,27,24,25,276,54,55,56,21,58],"class_list":{"0":"post-61276","1":"post","2":"type-post","3":"status-publish","4":"format-standard","5":"has-post-thumbnail","7":"category-zinas-no-arvalstim","8":"tag-aktualitates","9":"tag-arvalstim","10":"tag-breaking-news","11":"tag-breakingnews","12":"tag-featured-news","13":"tag-featurednews","14":"tag-headlines","15":"tag-krievija","16":"tag-krievijas-iebrukums-ukraina","17":"tag-latest-news","18":"tag-latestnews","19":"tag-latvia","20":"tag-latvian","21":"tag-latviesu","22":"tag-latviesu-valoda","23":"tag-latviesuvaloda","24":"tag-latvija","25":"tag-lv","26":"tag-news","27":"tag-popularakas-zinas","28":"tag-popularakaszinas","29":"tag-top-stories","30":"tag-topstories","31":"tag-ukraina","32":"tag-world","33":"tag-world-news","34":"tag-worldnews","35":"tag-zinas","36":"tag-zinas-no-arvalstim"},"share_on_mastodon":{"url":"https:\/\/pubeurope.com\/@lv\/115632711033135079","error":""},"_links":{"self":[{"href":"https:\/\/www.europesays.com\/lv\/wp-json\/wp\/v2\/posts\/61276","targetHints":{"allow":["GET"]}}],"collection":[{"href":"https:\/\/www.europesays.com\/lv\/wp-json\/wp\/v2\/posts"}],"about":[{"href":"https:\/\/www.europesays.com\/lv\/wp-json\/wp\/v2\/types\/post"}],"author":[{"embeddable":true,"href":"https:\/\/www.europesays.com\/lv\/wp-json\/wp\/v2\/users\/2"}],"replies":[{"embeddable":true,"href":"https:\/\/www.europesays.com\/lv\/wp-json\/wp\/v2\/comments?post=61276"}],"version-history":[{"count":0,"href":"https:\/\/www.europesays.com\/lv\/wp-json\/wp\/v2\/posts\/61276\/revisions"}],"wp:featuredmedia":[{"embeddable":true,"href":"https:\/\/www.europesays.com\/lv\/wp-json\/wp\/v2\/media\/61277"}],"wp:attachment":[{"href":"https:\/\/www.europesays.com\/lv\/wp-json\/wp\/v2\/media?parent=61276"}],"wp:term":[{"taxonomy":"category","embeddable":true,"href":"https:\/\/www.europesays.com\/lv\/wp-json\/wp\/v2\/categories?post=61276"},{"taxonomy":"post_tag","embeddable":true,"href":"https:\/\/www.europesays.com\/lv\/wp-json\/wp\/v2\/tags?post=61276"}],"curies":[{"name":"wp","href":"https:\/\/api.w.org\/{rel}","templated":true}]}}