{"id":61289,"date":"2025-11-29T11:30:10","date_gmt":"2025-11-29T11:30:10","guid":{"rendered":"https:\/\/www.europesays.com\/lv\/61289\/"},"modified":"2025-11-29T11:30:10","modified_gmt":"2025-11-29T11:30:10","slug":"doma-laukums-mirdz-svetku-noskanas-atklats-vecrigas-ziemassvetku-tirdzins-lente-lv","status":"publish","type":"post","link":"https:\/\/www.europesays.com\/lv\/61289\/","title":{"rendered":"Doma laukums mirdz sv\u0113tku noska\u0146\u0101s: atkl\u0101ts Vecr\u012bgas Ziemassv\u0113tku tirdzi\u0146\u0161\u00a0\u2014\u00a0Lente.lv"},"content":{"rendered":"<p>Svin\u012bbu sirds R\u012bg\u0101<\/p>\n<p>No 28. novembra Doma laukum\u0101 R\u012bgas sird\u012b atkal valda Ziemassv\u0113tku burv\u012bba, jo durvis apmekl\u0113t\u0101jiem v\u0113ris Vecr\u012bgas Ziemassv\u0113tku tirdzi\u0146\u0161. \u0160ogad tas notiek jau 25. reizi, apliecinot savu statusu k\u0101 vienu no galvenajiem sv\u0113tku gaid\u012b\u0161anas un kop\u0101 b\u016b\u0161anas punktiem pils\u0113t\u0101. Tirdzi\u0146\u0161 priec\u0113s gan viet\u0113jos iedz\u012bvot\u0101jus, gan t\u016bristus l\u012bdz pat 2026. gada 4. janv\u0101rim, radot neaizmirstamu atmosf\u0113ru vis\u0101 sv\u0113tku period\u0101. <\/p>\n<p>Latvijas talantu un gardumu izst\u0101de<\/p>\n<p>Tirdzi\u0146\u0101 pulc\u0113ju\u0161ies vair\u0101k nek\u0101 80 Latvijas m\u0101jra\u017eot\u0101ju un talant\u012bgu amatnieku, kuri pied\u0101v\u0101 pla\u0161u kl\u0101stu ar unik\u0101liem darin\u0101jumiem. Apmekl\u0113t\u0101ji var apl\u016bkot un ieg\u0101d\u0101ties pa\u0161u darin\u0101tas rotas, koka izstr\u0101d\u0101jumus, lina ve\u013cu, ad\u012bjumus, sudraba un dzintara rotas, sveces, \u0101das izstr\u0101d\u0101jumus un daudz ko citu, kas lieliski noder\u0113s k\u0101 sirdsd\u0101vanas sev un m\u012b\u013cajiem. T\u0101pat gais\u0101 virmo da\u017e\u0101du tradicion\u0101lo un m\u016bsdien\u012bgo \u0113dienu un dz\u0113rienu arom\u0101ti \u2013 no sildo\u0161iem karstv\u012bniem un arom\u0101tiskiem grauzd\u0113tiem mande\u013ciem l\u012bdz pat Latvijas zemnieku godam ra\u017eotam medum, s\u0101t\u012bg\u0101m zup\u0101m un pipark\u016bk\u0101m, kas atg\u0101dina par b\u0113rn\u012bbas br\u012bnumiem. <\/p>\n<p>Sv\u0113tku programma ikvienam<\/p>\n<p>Doma laukums \u0161ogad ir \u012bpa\u0161i greznojies, un t\u0101 centr\u0101 jau mirdz iespaid\u012bga sv\u0113tku egle. Tirdzi\u0146a atkl\u0101\u0161ana notika 30. novembr\u012b ar Dailes te\u0101tra 10. studijas koncertu, bet ned\u0113\u013cas nogal\u0113s apmekl\u0113t\u0101jus priec\u0113s da\u017e\u0101di m\u016bzi\u0137i, kori, folkloras kopas un DJ, radot dz\u012bv\u012bgu un svin\u012bgu noska\u0146u. Lai rad\u012btu \u012bstu Ziemassv\u0113tku pasaku, tirdzi\u0146\u0101 ir padom\u0101ts ar\u012b par pa\u0161iem maz\u0101kajiem \u2013 sestdien\u0101s un sv\u0113tdien\u0101s b\u016bs iesp\u0113ja satikt Ziemassv\u0113tku vec\u012bti un vi\u0146a r\u016b\u0137us, vizin\u0101ties karusel\u012b, doties izj\u0101d\u0113s ar ponijiem vai vienk\u0101r\u0161i apbr\u012bnot aiti\u0146as. B\u0113rniem b\u016bs pieejamas ar\u012b rado\u0161\u0101s darbn\u012bcas, kur\u0101s izpaust savu fant\u0101ziju. <\/p>\n<p>Trad\u012bcija un m\u016bsdien\u012bgums vienuviet<\/p>\n<p>Vecr\u012bgas Ziemassv\u0113tku tirdzi\u0146\u0161 ir k\u013cuvis par R\u012bgas sv\u0113tku neat\u0146emamu sast\u0101vda\u013cu, kas ik gadu pulc\u0113 t\u016bksto\u0161iem cilv\u0113ku. Tas ir ne tikai tirgus, bet ar\u012b sv\u0113tku saj\u016btas rad\u012bt\u0101js, kur sen\u0101s trad\u012bcijas harmoniski savijas ar m\u016bsdienu izaicin\u0101jumiem. Piem\u0113ram, tirdzi\u0146\u0161 akt\u012bvi ievie\u0161 depoz\u012bta sist\u0113mu dz\u0113rienu kr\u016bz\u0113m, lai veicin\u0101tu ilgtsp\u0113j\u012bgu un videi draudz\u012bgu pieeju, mazinot atkritumu daudzumu. \u0160\u012b iniciat\u012bva par\u0101da, ka sv\u0113tku prieku var baud\u012bt, vienlaikus r\u016bp\u0113joties par m\u016bsu plan\u0113tu.<\/p>\n<p>Padomi apmekl\u0113jumam<\/p>\n<p>Lai pilnv\u0113rt\u012bgi izbaud\u012btu Vecr\u012bgas Ziemassv\u0113tku tirdzi\u0146a pied\u0101v\u0101jumu, ieteicams iepaz\u012bties ar kult\u016bras programmu tirdzi\u0146a ofici\u0101laj\u0101 m\u0101jaslap\u0101 www.vzt.lv. T\u0101pat v\u0113rts piev\u0113rst uzman\u012bbu tam, ka piektdienu vakaros par deju ritmiem r\u016bp\u0113sies da\u017e\u0101di DJ, savuk\u0101rt sestdien\u0101s un sv\u0113tdien\u0101s uzst\u0101sies pla\u0161s kl\u0101sts ar m\u016bzi\u0137iem un kolekt\u012bviem. Atcerieties, ka tirdzi\u0146\u0161 ir atv\u0113rts l\u012bdz 4. janv\u0101rim, sniedzot iesp\u0113ju baud\u012bt sv\u0113tku atmosf\u0113ru gan pirms, gan p\u0113c Ziemassv\u0113tkiem.<\/p>\n","protected":false},"excerpt":{"rendered":"Svin\u012bbu sirds R\u012bg\u0101 No 28. novembra Doma laukum\u0101 R\u012bgas sird\u012b atkal valda Ziemassv\u0113tku burv\u012bba, jo durvis apmekl\u0113t\u0101jiem v\u0113ris&hellip;\n","protected":false},"author":2,"featured_media":61290,"comment_status":"","ping_status":"","sticky":false,"template":"","format":"standard","meta":{"footnotes":""},"categories":[12],"tags":[23,15048,28,29,2795,32,33,22,30,31,35,39,38,36,37,34,40,20,26,27,172,12491,24,25,16162,21],"class_list":{"0":"post-61289","1":"post","2":"type-post","3":"status-publish","4":"format-standard","5":"has-post-thumbnail","7":"category-latvija","8":"tag-aktualitates","9":"tag-amatnieki","10":"tag-breaking-news","11":"tag-breakingnews","12":"tag-doma-laukums","13":"tag-featured-news","14":"tag-featurednews","15":"tag-headlines","16":"tag-latest-news","17":"tag-latestnews","18":"tag-latvia","19":"tag-latvian","20":"tag-latviesu","21":"tag-latviesu-valoda","22":"tag-latviesuvaloda","23":"tag-latvija","24":"tag-lv","25":"tag-news","26":"tag-popularakas-zinas","27":"tag-popularakaszinas","28":"tag-riga","29":"tag-svetki","30":"tag-top-stories","31":"tag-topstories","32":"tag-ziemassvetku-tirdzins","33":"tag-zinas"},"share_on_mastodon":{"url":"https:\/\/pubeurope.com\/@lv\/115632762055884773","error":""},"_links":{"self":[{"href":"https:\/\/www.europesays.com\/lv\/wp-json\/wp\/v2\/posts\/61289","targetHints":{"allow":["GET"]}}],"collection":[{"href":"https:\/\/www.europesays.com\/lv\/wp-json\/wp\/v2\/posts"}],"about":[{"href":"https:\/\/www.europesays.com\/lv\/wp-json\/wp\/v2\/types\/post"}],"author":[{"embeddable":true,"href":"https:\/\/www.europesays.com\/lv\/wp-json\/wp\/v2\/users\/2"}],"replies":[{"embeddable":true,"href":"https:\/\/www.europesays.com\/lv\/wp-json\/wp\/v2\/comments?post=61289"}],"version-history":[{"count":0,"href":"https:\/\/www.europesays.com\/lv\/wp-json\/wp\/v2\/posts\/61289\/revisions"}],"wp:featuredmedia":[{"embeddable":true,"href":"https:\/\/www.europesays.com\/lv\/wp-json\/wp\/v2\/media\/61290"}],"wp:attachment":[{"href":"https:\/\/www.europesays.com\/lv\/wp-json\/wp\/v2\/media?parent=61289"}],"wp:term":[{"taxonomy":"category","embeddable":true,"href":"https:\/\/www.europesays.com\/lv\/wp-json\/wp\/v2\/categories?post=61289"},{"taxonomy":"post_tag","embeddable":true,"href":"https:\/\/www.europesays.com\/lv\/wp-json\/wp\/v2\/tags?post=61289"}],"curies":[{"name":"wp","href":"https:\/\/api.w.org\/{rel}","templated":true}]}}