{"id":61405,"date":"2025-11-29T15:55:08","date_gmt":"2025-11-29T15:55:08","guid":{"rendered":"https:\/\/www.europesays.com\/lv\/61405\/"},"modified":"2025-11-29T15:55:08","modified_gmt":"2025-11-29T15:55:08","slug":"foto-%e2%9f%a9-vugd-slikto-laikapstaklu-del-partrauc-daugava-iebraukusas-automasinas-izcelsanas-darbus","status":"publish","type":"post","link":"https:\/\/www.europesays.com\/lv\/61405\/","title":{"rendered":"FOTO \u27e9 VUGD slikto laikapst\u0101k\u013cu d\u0113\u013c p\u0101rtrauc Daugav\u0101 iebrauku\u0161\u0101s automa\u0161\u012bnas izcel\u0161anas darbus"},"content":{"rendered":"<p>Darbu notikuma <a href=\"https:\/\/www.apollo.lv\/term\/555464\/vugd\" class=\"topicLink\" target=\"_blank\" rel=\"nofollow noopener\">VUGD<\/a> ats\u0101ka \u0161odien ap plkst. 11. Tie tiks turpin\u0101ti, kad to at\u013caus apst\u0101k\u013ci.<\/p>\n<p>VUGD skaidro, ka Daugav\u0101 ir \u013coti sp\u0113c\u012bga straume, kas jebkuru objektu p\u0101rvieto. Ar\u012b nogrimus\u012b <a href=\"https:\/\/www.apollo.lv\/term\/637043\/automasina\" class=\"topicLink\" target=\"_blank\" rel=\"nofollow noopener\">automa\u0161\u012bna<\/a> p\u0101rvietojas. Automa\u0161\u012bna atrodas 9-10 metru dzi\u013cum\u0101, kur ir piln\u012bga tumsa, t\u0101d\u0113\u013c t\u0101s izcel\u0161anas darbi ir \u013coti sare\u017e\u0123\u012bti.<\/p>\n<p>Jau v\u0113st\u012bts, ka piektdienas p\u0113cpusdien\u0101 gl\u0101b\u0113jiem izdev\u0101s izcelt boj\u0101g\u0101ju\u0161o Daugav\u0101 iebrauku\u0161\u0101 auto vad\u012bt\u0101ju, bet sp\u0113krats pagaid\u0101m v\u0113l ir up\u0113.<\/p>\n<p>Valsts policijas preses p\u0101rst\u0101ve Gita G\u017eibovska a\u0123ent\u016brai LETA teica, ka boj\u0101g\u0101ju\u0161\u0101s sievietes identit\u0101te ir noskaidrota, un krimin\u0101lproces\u0101 tiks izmekl\u0113ti notiku\u0161\u0101 apst\u0101k\u013ci.<\/p>\n<p>Automa\u0161\u012bnas mekl\u0113\u0161an\u0101 policija k\u0101 \u0101rpakalpojumu bija piesaist\u012bjusi zem\u016bdens dronu.<\/p>\n<p>LETA jau zi\u0146oja, ka ceturtdienas vakar\u0101, braucot virzien\u0101 no Van\u0161u tilta puses pa 11. novembra krastmalu, auto veica asu manevru un iebrauca Daugav\u0101 no ku\u0123\u012b\u0161u piest\u0101tnes.<\/p>\n<p>Ierodoties notikuma viet\u0101, gl\u0101b\u0113ji redz\u0113ja, ka viegl\u0101 automa\u0161\u012bna strauji grimst un paz\u016bd \u016bden\u012b. Liel\u0101s straumes un diennakts tum\u0161\u0101 laika d\u0113\u013c ceturtdienas vakar\u0101 mekl\u0113\u0161anas darbi tika p\u0101rtraukti.<\/p>\n","protected":false},"excerpt":{"rendered":"Darbu notikuma VUGD ats\u0101ka \u0161odien ap plkst. 11. Tie tiks turpin\u0101ti, kad to at\u013caus apst\u0101k\u013ci. VUGD skaidro, ka&hellip;\n","protected":false},"author":2,"featured_media":61406,"comment_status":"","ping_status":"","sticky":false,"template":"","format":"standard","meta":{"footnotes":""},"categories":[12],"tags":[23,3303,28,29,5954,32,33,22,30,31,35,39,38,36,37,34,40,20,26,27,24,25,4908,21],"class_list":{"0":"post-61405","1":"post","2":"type-post","3":"status-publish","4":"format-standard","5":"has-post-thumbnail","7":"category-latvija","8":"tag-aktualitates","9":"tag-automasina","10":"tag-breaking-news","11":"tag-breakingnews","12":"tag-daugava","13":"tag-featured-news","14":"tag-featurednews","15":"tag-headlines","16":"tag-latest-news","17":"tag-latestnews","18":"tag-latvia","19":"tag-latvian","20":"tag-latviesu","21":"tag-latviesu-valoda","22":"tag-latviesuvaloda","23":"tag-latvija","24":"tag-lv","25":"tag-news","26":"tag-popularakas-zinas","27":"tag-popularakaszinas","28":"tag-top-stories","29":"tag-topstories","30":"tag-vugd","31":"tag-zinas"},"share_on_mastodon":{"url":"https:\/\/pubeurope.com\/@lv\/115633803985724547","error":""},"_links":{"self":[{"href":"https:\/\/www.europesays.com\/lv\/wp-json\/wp\/v2\/posts\/61405","targetHints":{"allow":["GET"]}}],"collection":[{"href":"https:\/\/www.europesays.com\/lv\/wp-json\/wp\/v2\/posts"}],"about":[{"href":"https:\/\/www.europesays.com\/lv\/wp-json\/wp\/v2\/types\/post"}],"author":[{"embeddable":true,"href":"https:\/\/www.europesays.com\/lv\/wp-json\/wp\/v2\/users\/2"}],"replies":[{"embeddable":true,"href":"https:\/\/www.europesays.com\/lv\/wp-json\/wp\/v2\/comments?post=61405"}],"version-history":[{"count":0,"href":"https:\/\/www.europesays.com\/lv\/wp-json\/wp\/v2\/posts\/61405\/revisions"}],"wp:featuredmedia":[{"embeddable":true,"href":"https:\/\/www.europesays.com\/lv\/wp-json\/wp\/v2\/media\/61406"}],"wp:attachment":[{"href":"https:\/\/www.europesays.com\/lv\/wp-json\/wp\/v2\/media?parent=61405"}],"wp:term":[{"taxonomy":"category","embeddable":true,"href":"https:\/\/www.europesays.com\/lv\/wp-json\/wp\/v2\/categories?post=61405"},{"taxonomy":"post_tag","embeddable":true,"href":"https:\/\/www.europesays.com\/lv\/wp-json\/wp\/v2\/tags?post=61405"}],"curies":[{"name":"wp","href":"https:\/\/api.w.org\/{rel}","templated":true}]}}