{"id":61414,"date":"2025-11-29T16:21:07","date_gmt":"2025-11-29T16:21:07","guid":{"rendered":"https:\/\/www.europesays.com\/lv\/61414\/"},"modified":"2025-11-29T16:21:07","modified_gmt":"2025-11-29T16:21:07","slug":"dzeniferas-lopesas-sirdsapes-skandals-bakingemas-pili-un-eltons-dzons-zaude-redzi-lente-lv","status":"publish","type":"post","link":"https:\/\/www.europesays.com\/lv\/61414\/","title":{"rendered":"D\u017eeniferas Lopesas sirds\u0101pes, skand\u0101ls Bakingemas pil\u012b un Eltons D\u017eons zaud\u0113 redzi\u00a0\u2014\u00a0Lente.lv"},"content":{"rendered":"<p>\u0160ovbiznesa dr\u0101mas: D\u017eeniferas Lopesas sirds\u0101pes un skand\u0101li Bakingemas pil\u012b<\/p>\n<p>Pasaule joproj\u0101m ir p\u0101rsteigta par slaven\u012bbu dz\u012bves l\u012bklo\u010diem, un \u0161\u012b ned\u0113\u013ca nav iz\u0146\u0113mums. \u0160ovbiznesa d\u0101ma D\u017eenifera Lopesa atkal saskaras ar sirds\u0113st\u0113m, kam\u0113r Bakingemas pils notikumi raisa neizpratni par \u0113tikas norm\u0101m, un le\u0123end\u0101rais Eltons D\u017eons saskaras ar nopietnu vesel\u012bbas probl\u0113mu.<\/p>\n<p>D\u017eeniferas Lopesas m\u012blas dz\u012bves peripetijas<\/p>\n<p>D\u017eeniferai Lopesai, kura paz\u012bstama ar savu spo\u017eo karjeru un ar\u012b ar nemier\u012bgo m\u012blas dz\u012bvi, atkal n\u0101cies piedz\u012bvot sirdss\u0101pes. Lai gan prec\u012bza inform\u0101cija par attiec\u012bbu kr\u012bzi v\u0113l tiek tur\u0113ta nosl\u0113pum\u0101, baumas kl\u012bst, ka vi\u0146as un Bena Afleka laul\u012bba saskaroties ar nopietniem p\u0101rbaud\u012bjumiem. K\u0101 v\u0113sta neofici\u0101li avoti, p\u0101rim radu\u0161\u0101s nesaska\u0146as, kas mudin\u0101ju\u0161as vi\u0146us uz laiku dz\u012bvot atsevi\u0161\u0137i. \u0160\u012b zi\u0146a ir satrieco\u0161a daudziem Lopesas faniem, kuri cer\u0113ja uz ilgu un laim\u012bgu attiec\u012bbu turpin\u0101jumu. M\u0101kslinieces sabiedrisk\u0101 dz\u012bve vienm\u0113r ir bijusi cie\u0161i saist\u012bta ar vi\u0146as priv\u0101to, un \u0161\u012bs jaun\u0101s dr\u0101mas, iesp\u0113jams, atspogu\u013cosies ar\u012b vi\u0146as turpm\u0101kaj\u0101 rado\u0161aj\u0101 darb\u012bb\u0101.<\/p>\n<p>Skand\u0101ls Bakingemas pil\u012b: Kas notika?<\/p>\n<p>Ne maz\u0101ku izbr\u012bnu pasaule piedz\u012bvoja, uzzinot par d\u012bvainiem notikumiem Bakingemas pil\u012b, kur izc\u0113lies skand\u0101ls saist\u012bb\u0101 ar k\u0101das prostit\u016btas kl\u0101tb\u016btni. Detaliz\u0113t\u0101ka inform\u0101cija par \u0161o incidentu v\u0113l nav publiskota, ta\u010du tas raisa nopietnus jaut\u0101jumus par dro\u0161\u012bbas pas\u0101kumiem un kara\u013cnama reput\u0101cijas sarg\u0101\u0161anu. \u0160\u0101di notikumi, kas liek \u0161aub\u012bties par paties\u012bbu un cie\u0146u, ir nepie\u0146emami un rada negat\u012bvu rezonansi sabiedr\u012bb\u0101. Detaliz\u0113t\u0101ka izmekl\u0113\u0161ana un skaidrojumi no kara\u013cnama puses ir nepiecie\u0161ami, lai atjaunotu uztic\u012bbu un noskaidrotu paties\u012bbu par \u0161o nepat\u012bkamo situaciju. \u0160\u012b notikuma att\u012bst\u012bba tiek r\u016bp\u012bgi sekota l\u012bdzi vis\u0101 pasaul\u0113.<\/p>\n<p>Eltons D\u017eons saskaras ar redzes probl\u0113m\u0101m<\/p>\n<p>Daudz\u0101m paaudz\u0113m m\u012bl\u0113tais m\u016bzi\u0137is Eltons D\u017eons saskaras ar nopietnu vesel\u012bbas probl\u0113mu \u2013 vi\u0146\u0161 s\u0101k zaud\u0113t redzi. Lai gan \u0161obr\u012bd vi\u0146\u0161 joproj\u0101m ir sp\u0113j\u012bgs uzst\u0101ties un rad\u012bt m\u016bziku, \u0161\u012b prognoze rada ba\u017eas par vi\u0146a n\u0101kotni un karjeras turpin\u0101jumu. Slavenais m\u016bzi\u0137is, kur\u0161 devis tik daudz prieka un iedvesmas miljoniem cilv\u0113ku vis\u0101 pasaul\u0113, nu pats non\u0101cis gr\u016bt\u0101 situ\u0101cij\u0101. \u0160\u012b zi\u0146a ir k\u0101 auksta du\u0161a daudziem vi\u0146a piel\u016bdz\u0113jiem, kuri pau\u017e savu atbalstu un cer uz br\u012bnumainu atvese\u013co\u0161anos. Eltons D\u017eons vienm\u0113r ir bijis paz\u012bstams ar savu spilgto person\u012bbu un neaizmirstamajiem \u0161oviem, un ir gr\u016bti iedom\u0101ties pasauli bez vi\u0146a kl\u0101tb\u016btnes.<\/p>\n<p>Pasaules \u0161ovbiznesa ned\u0113\u013cas nosl\u0113gums<\/p>\n<p>\u0160\u012b ned\u0113\u013ca pasaules \u0161ovbiznes\u0101 ir bijusi pies\u0101tin\u0101ta ar notikumiem, kas liek aizdom\u0101ties par slaven\u012bbu dz\u012bves trauslumu, sabiedr\u012bbas v\u0113rt\u012bb\u0101m un cilv\u0113ka vesel\u012bbas noz\u012bmi. No person\u012bg\u0101m dr\u0101m\u0101m l\u012bdz pat skand\u0101liem augstos aprind\u0101s, \u0161ovbizness turpina m\u016bs p\u0101rsteigt un likt run\u0101t. \u0160ie notikumi atg\u0101dina, ka aiz spo\u017eajiem t\u0113rpiem un skatuves gaism\u0101m sl\u0113pjas \u012bsti cilv\u0113ki ar sav\u0101m s\u0101p\u0113m, priekiem un probl\u0113m\u0101m. Kam\u0113r pasaule gaida turpm\u0101kus jaunumus par D\u017eeniferu Lopesu, Bakingemas pils incidentu un Eltons D\u017eona vesel\u012bbas st\u0101vokli, m\u0113s varam tikai cer\u0113t uz pozit\u012bv\u0101m zi\u0146\u0101m un turpin\u0101t baud\u012bt vi\u0146u rado\u0161os darbus.<\/p>\n","protected":false},"excerpt":{"rendered":"\u0160ovbiznesa dr\u0101mas: D\u017eeniferas Lopesas sirds\u0101pes un skand\u0101li Bakingemas pil\u012b Pasaule joproj\u0101m ir p\u0101rsteigta par slaven\u012bbu dz\u012bves l\u012bklo\u010diem, un&hellip;\n","protected":false},"author":2,"featured_media":61415,"comment_status":"","ping_status":"","sticky":false,"template":"","format":"standard","meta":{"footnotes":""},"categories":[19],"tags":[16189,5443,16188,89,90,35,39,38,36,37,34,40,1647,16190],"class_list":{"0":"post-61414","1":"post","2":"type-post","3":"status-publish","4":"format-standard","5":"has-post-thumbnail","7":"category-izklaide","8":"tag-bakingemas-pils","9":"tag-dzenifera-lopesa","10":"tag-eltons-dzons","11":"tag-entertainment","12":"tag-izklaide","13":"tag-latvia","14":"tag-latvian","15":"tag-latviesu","16":"tag-latviesu-valoda","17":"tag-latviesuvaloda","18":"tag-latvija","19":"tag-lv","20":"tag-slavenibu-dzive","21":"tag-sovbizness"},"share_on_mastodon":{"url":"https:\/\/pubeurope.com\/@lv\/115633906163105375","error":""},"_links":{"self":[{"href":"https:\/\/www.europesays.com\/lv\/wp-json\/wp\/v2\/posts\/61414","targetHints":{"allow":["GET"]}}],"collection":[{"href":"https:\/\/www.europesays.com\/lv\/wp-json\/wp\/v2\/posts"}],"about":[{"href":"https:\/\/www.europesays.com\/lv\/wp-json\/wp\/v2\/types\/post"}],"author":[{"embeddable":true,"href":"https:\/\/www.europesays.com\/lv\/wp-json\/wp\/v2\/users\/2"}],"replies":[{"embeddable":true,"href":"https:\/\/www.europesays.com\/lv\/wp-json\/wp\/v2\/comments?post=61414"}],"version-history":[{"count":0,"href":"https:\/\/www.europesays.com\/lv\/wp-json\/wp\/v2\/posts\/61414\/revisions"}],"wp:featuredmedia":[{"embeddable":true,"href":"https:\/\/www.europesays.com\/lv\/wp-json\/wp\/v2\/media\/61415"}],"wp:attachment":[{"href":"https:\/\/www.europesays.com\/lv\/wp-json\/wp\/v2\/media?parent=61414"}],"wp:term":[{"taxonomy":"category","embeddable":true,"href":"https:\/\/www.europesays.com\/lv\/wp-json\/wp\/v2\/categories?post=61414"},{"taxonomy":"post_tag","embeddable":true,"href":"https:\/\/www.europesays.com\/lv\/wp-json\/wp\/v2\/tags?post=61414"}],"curies":[{"name":"wp","href":"https:\/\/api.w.org\/{rel}","templated":true}]}}