{"id":61416,"date":"2025-11-29T16:27:24","date_gmt":"2025-11-29T16:27:24","guid":{"rendered":"https:\/\/www.europesays.com\/lv\/61416\/"},"modified":"2025-11-29T16:27:24","modified_gmt":"2025-11-29T16:27:24","slug":"lauris-reiniks-pec-ilgaka-partraukuma-atgriezas-uz-skatuves-ar-verienigu-koncertturneju-100-lauris-reiniks-lente-lv","status":"publish","type":"post","link":"https:\/\/www.europesays.com\/lv\/61416\/","title":{"rendered":"Lauris Reiniks p\u0113c ilg\u0101ka p\u0101rtraukuma atgrie\u017eas uz skatuves ar v\u0113rien\u012bgu koncertturneju &#8220;100% Lauris Reiniks&#8221;\u00a0\u2014\u00a0Lente.lv"},"content":{"rendered":"<p>Lauris Reiniks atgrie\u017eas uz skatuves ar v\u0113rien\u012bgu koncertturneju<\/p>\n<p>M\u012bl\u0113tais dzied\u0101t\u0101js un TV person\u012bba Lauris Reiniks p\u0113c ilg\u0101ka rado\u0161\u0101 p\u0101rtraukuma ir sar\u016bp\u0113jis pat\u012bkamu p\u0101rsteigumu saviem uztic\u012bgajiem talanta cien\u012bt\u0101jiem. N\u0101kam\u0101 gada mart\u0101 vi\u0146\u0161 dosies grandioz\u0101 koncertturnej\u0101 pa visu Latviju, kas ofici\u0101li izzi\u0146ota ar ener\u0123isku un nep\u0101rprotamu nosaukumu \u2013 &#8220;100% Lauris Reiniks&#8221;. \u0160\u012b zi\u0146a, kas izskan\u0113jusi \u0161\u012b gada novembra nogal\u0113, ir rad\u012bjusi saj\u016bsmu m\u016bzikas baud\u012bt\u0101ju vid\u016b, kuri ilgoju\u0161ies p\u0113c Reinika atrakt\u012bvajiem priek\u0161nesumiem.<\/p>\n<p>Koncertu programma un gaidas<\/p>\n<p>Gaid\u0101m\u0101 turneja sol\u0101s b\u016bt ne tikai iesp\u0113ja dzird\u0113t visus Laura Reinika popul\u0101r\u0101kos un iem\u012b\u013cot\u0101kos hitus, kas sild\u012bju\u0161i sirdis gadiem, bet ar\u012b atkl\u0101t dziesmas, kas varb\u016bt nedaudz piemirstas, t\u0101m pie\u0161\u0137irot jaunu, svaigu muzik\u0101lo skan\u0113jumu. Pats m\u0101kslinieks pau\u017e saj\u016bsmu un nelielu satraukumu par gaid\u0101maj\u0101m tik\u0161an\u0101s reiz\u0113m ar skat\u012bt\u0101jiem. Vi\u0146\u0161 sola, ka katrs koncerts b\u016bs emocion\u0101ls, jautrs un patiesa atkal satik\u0161an\u0101s ar vi\u0146a m\u016bziku, dej\u0101m un \u0161ovu uz skatuves. Reiniks ir p\u0101rliecin\u0101ts, ka \u0161\u012b b\u016bs satik\u0161an\u0101s &#8220;uz visiem 100 procentiem&#8221;, tie\u0161i t\u0101ds, k\u0101du vi\u0146u klaus\u012bt\u0101ji paz\u012bst un gaida.<\/p>\n<p>Atbalsts un ener\u0123ija no klaus\u012bt\u0101jiem<\/p>\n<p>Lauris Reiniks \u012bpa\u0161i uzsver, ka \u0161\u012b turneja ir ar\u012b atbilde uz vi\u0146a m\u012b\u013co klaus\u012bt\u0101ju akt\u012bvajiem aicin\u0101jumiem un sirsn\u012bgo atbalstu. \u0160\u012b savstarp\u0113j\u0101 saikne un ener\u0123ija ir tas, kas motiv\u0113 vi\u0146u atkal un atkal k\u0101pt uz skatuves. Programm\u0101 paredz\u0113ti ar\u012b p\u0101rsteigumi un iesp\u0113jami \u012bpa\u0161i viesi, kas padar\u012bs katru vakaru v\u0113l neatvair\u0101m\u0101ku. Uz skatuves kop\u0101 ar Lauri muzic\u0113s profesion\u0101la pavado\u0161\u0101 grupa, kur\u0101 iek\u013cauti pianists J\u0101nis Milti\u0146\u0161, \u0123it\u0101rists J\u0101nis Kalni\u0146\u0161, bas\u0123it\u0101rists Toms Kurs\u012btis, bundzinieks Dairis Petrauskis, k\u0101 ar\u012b vok\u0101listes Marta Kukarane-Fabriciusa un Anita K\u0101rkli\u0146a. Dejot\u0101ju sniegumu vad\u012bs horeogr\u0101fe Be\u0101te Svarinskas.<\/p>\n<p>Koncertu grafiks un norises vietas<\/p>\n<p>Turneja &#8220;100% Lauris Reiniks&#8221; s\u0101ksies 2026. gada mart\u0101 ar koncertu VEF Kult\u016bras pil\u012b R\u012bg\u0101. Turpin\u0101jum\u0101 paredz\u0113ti koncerti &#8220;Ulbrokas p\u0113rl\u0113&#8221; (12. mart\u0101), Valmieras Kult\u016bras centr\u0101 (20. mart\u0101), Latgales v\u0113stniec\u012bb\u0101 &#8220;Gors&#8221; R\u0113zekn\u0113 (22. mart\u0101), Liep\u0101jas Olimpiskaj\u0101 centr\u0101 (29. mart\u0101), un nosl\u0113gsies ar uzst\u0101\u0161anos Jelgavas Kult\u016bras nam\u0101 (2. apr\u012bl\u012b). Koncertus organiz\u0113 komp\u0101nija &#8220;Forte Production&#8221;, sola aizraujo\u0161u, kr\u0101\u0161\u0146u un sirsn\u012bgu \u0161ovu visiem.<\/p>\n","protected":false},"excerpt":{"rendered":"Lauris Reiniks atgrie\u017eas uz skatuves ar v\u0113rien\u012bgu koncertturneju M\u012bl\u0113tais dzied\u0101t\u0101js un TV person\u012bba Lauris Reiniks p\u0113c ilg\u0101ka rado\u0161\u0101&hellip;\n","protected":false},"author":2,"featured_media":61417,"comment_status":"","ping_status":"","sticky":false,"template":"","format":"standard","meta":{"footnotes":""},"categories":[19],"tags":[16191,89,90,4772,35,39,38,36,37,34,4484,12443,40,103],"class_list":{"0":"post-61416","1":"post","2":"type-post","3":"status-publish","4":"format-standard","5":"has-post-thumbnail","7":"category-izklaide","8":"tag-100-lauris-reiniks","9":"tag-entertainment","10":"tag-izklaide","11":"tag-koncertturneja","12":"tag-latvia","13":"tag-latvian","14":"tag-latviesu","15":"tag-latviesu-valoda","16":"tag-latviesuvaloda","17":"tag-latvija","18":"tag-latvijas-koncerti","19":"tag-lauris-reiniks","20":"tag-lv","21":"tag-muzika"},"share_on_mastodon":{"url":"https:\/\/pubeurope.com\/@lv\/115633929781406850","error":""},"_links":{"self":[{"href":"https:\/\/www.europesays.com\/lv\/wp-json\/wp\/v2\/posts\/61416","targetHints":{"allow":["GET"]}}],"collection":[{"href":"https:\/\/www.europesays.com\/lv\/wp-json\/wp\/v2\/posts"}],"about":[{"href":"https:\/\/www.europesays.com\/lv\/wp-json\/wp\/v2\/types\/post"}],"author":[{"embeddable":true,"href":"https:\/\/www.europesays.com\/lv\/wp-json\/wp\/v2\/users\/2"}],"replies":[{"embeddable":true,"href":"https:\/\/www.europesays.com\/lv\/wp-json\/wp\/v2\/comments?post=61416"}],"version-history":[{"count":0,"href":"https:\/\/www.europesays.com\/lv\/wp-json\/wp\/v2\/posts\/61416\/revisions"}],"wp:featuredmedia":[{"embeddable":true,"href":"https:\/\/www.europesays.com\/lv\/wp-json\/wp\/v2\/media\/61417"}],"wp:attachment":[{"href":"https:\/\/www.europesays.com\/lv\/wp-json\/wp\/v2\/media?parent=61416"}],"wp:term":[{"taxonomy":"category","embeddable":true,"href":"https:\/\/www.europesays.com\/lv\/wp-json\/wp\/v2\/categories?post=61416"},{"taxonomy":"post_tag","embeddable":true,"href":"https:\/\/www.europesays.com\/lv\/wp-json\/wp\/v2\/tags?post=61416"}],"curies":[{"name":"wp","href":"https:\/\/api.w.org\/{rel}","templated":true}]}}