{"id":61424,"date":"2025-11-29T16:33:08","date_gmt":"2025-11-29T16:33:08","guid":{"rendered":"https:\/\/www.europesays.com\/lv\/61424\/"},"modified":"2025-11-29T16:33:08","modified_gmt":"2025-11-29T16:33:08","slug":"meginu-sev-laut-izjust-so-prieku-lente-lv","status":"publish","type":"post","link":"https:\/\/www.europesays.com\/lv\/61424\/","title":{"rendered":"&#8220;M\u0113\u0123inu sev \u013caut izjust \u0161o prieku&#8221;\u00a0\u2014\u00a0Lente.lv"},"content":{"rendered":"<p>Neaizmirstam\u0101 uzvara un ce\u013c\u0161 pie t\u0101s<\/p>\n<p>Nacion\u0101l\u0101 te\u0101tra aktrise Jana \u013bisova nesen\u0101 pag\u0101tn\u0113 tika pagodin\u0101ta ar presti\u017eo &#8220;Sp\u0113lma\u0146u nakts&#8221; balvu k\u0101 gada aktrise otr\u0101 pl\u0101na lom\u0101. \u0160is apbalvojums par Stellas lomu izr\u0101d\u0113 &#8220;Ilgu tramvajs&#8221; ir ne tikai atzin\u012bba par talantu, bet ar\u012b simbolisks br\u012bdis aktrises karjer\u0101, kas pies\u0101tin\u0101ta ar neatlaid\u012bbu un sp\u012bt\u012bbu. Neskatoties uz laiku, kas aizrit\u0113jis kop\u0161 ceremonijas, \u013bisova atz\u012bst, ka pilnv\u0113rt\u012bga apzi\u0146a par sasniegto v\u0113l nav ien\u0101kusi pr\u0101t\u0101. &#8220;V\u0113l l\u012bdz galam nav atn\u0101kusi apzi\u0146a, ka tas ir noticis,&#8221; vi\u0146a atkl\u0101j, nor\u0101dot uz neticamo saj\u016btu, kas joproj\u0101m vi\u0146u pavada. \u0160is br\u012bdis ir kulmin\u0101cija ilgam un nereti gr\u016btam ce\u013cam, kas vijies cauri akad\u0113mijas gait\u0101m, iepriek\u0161\u0113j\u0101m m\u0113\u0123in\u0101jumiem un neatlaid\u012bgu darbu te\u0101tra vid\u0113. Vi\u0146a atceras laiku, kad no malas v\u0113rojusi, k\u0101 citi sa\u0146em apbalvojumus, un nu st\u0101v pati uz skatuves \u2013 tas ir mazliet nere\u0101li.<\/p>\n<p>Ce\u013c\u0161 l\u012bdz skatuvei: uzdr\u012bkst\u0113\u0161an\u0101s un nepado\u0161an\u0101s<\/p>\n<p>Janas st\u0101sts par ien\u0101k\u0161anu aktierm\u0101ksl\u0101 nav bijis bez saviem same\u017e\u0123\u012bjumiem un p\u0101rbaud\u012bjumiem. Vidusskolu absolv\u0113dama, vi\u0146a divas reizes neveiksm\u012bgi m\u0113\u0123in\u0101ja iest\u0101ties aktieros, netiekot pat t\u0101l\u0101k par pirmo atlases k\u0101rtu. \u0160ie br\u012b\u017ei rad\u012bja skumjas un nep\u0101rliec\u012bbu, ta\u010du aktrise neatmeta savu sapni. Paral\u0113li vi\u0146a stud\u0113ja Latvijas Kult\u016bras koled\u017e\u0101, apg\u016bstot kult\u016bras mened\u017ementu ar specializ\u0101ciju amatierte\u0101tra re\u017eij\u0101. Jau tad vi\u0146a juta, ka nevar dar\u012bt neko citu. Savas krievu valodas zin\u0101\u0161anas d\u0113\u013c Jana apsv\u0113ra iesp\u0113ju stud\u0113t te\u0101tra skol\u0101 Krievij\u0101, ta\u010du liktenis vi\u0146u saveda ar jaunu kursu Mihaila \u010cehova R\u012bgas Krievu te\u0101trim Latvijas Kult\u016bras akad\u0113mij\u0101. \u0160is bija tas mirklis, ko vi\u0146a pati d\u0113v\u0113 par &#8220;p\u0113d\u0113jo tramvaju&#8221;, jo tika uz\u0146emta 21 gada vecum\u0101, kad daudzas vi\u0146as vienaudzes jau bija nosp\u0113l\u0113ju\u0161as vair\u0101kas noz\u012bm\u012bgas lomas. \u0160\u012b uzdr\u012bkst\u0113\u0161an\u0101s un sp\u012bt\u012bba pret s\u0101kotn\u0113jiem neveiksmju \u0161\u0137\u0113r\u0161\u013ciem ir k\u013cuvusi par \u013bisovas karjeras z\u012bmogu.<\/p>\n<p>Atzi\u0146as par zaud\u0113jumiem un dz\u012bves sp\u0113ku<\/p>\n<p>Aktrise izv\u0113las sav\u0101 rado\u0161aj\u0101 ce\u013c\u0101 nezaud\u0113t sp\u0113ju sajust un izpaust prieku. &#8220;M\u0113\u0123inu sev \u013caut izjust \u0161o prieku,&#8221; vi\u0146a atz\u012bst, uzsverot, ka tas ir skaists atskats uz nopietnu darbu, kas paveikts no sirds. &#8220;Sp\u0113lma\u0146u nakts&#8221; ceremonij\u0101 Jana \u012bpa\u0161i piemin\u0113ja tos cilv\u0113kus, kas vi\u0146ai sniegu\u0161i iev\u0113rojamu atbalstu, bet vairs nav fiziski kl\u0101teso\u0161i \u2013 savu mammu Veroniku un t\u0113ti Vas\u012bliju. Abi vec\u0101ki m\u016b\u017e\u012bb\u0101 aizg\u0101ju\u0161i, atst\u0101jot dzi\u013cas skumjas, ta\u010du ar\u012b nesaraujamu saikni ar meitas dz\u012bvi. &#8220;Mamma bija mans liel\u0101kais atbalsts, kad m\u0101c\u012bjos aktieros. Vi\u0146a maks\u0101ja par man\u0101m studij\u0101m. Vi\u0146a izdz\u012bvoja manu sapni kop\u0101 ar mani,&#8221; Jana dal\u0101s emocion\u0101l\u0101 atmi\u0146\u0101. T\u0113tis, kur\u0161 bija rado\u0161s cilv\u0113ks, ieviesis meit\u0101 daudz no sava talanta. \u0160\u012b neredzam\u0101, ta\u010du \u013coti dz\u012bv\u0101 \u0123imenes kl\u0101tb\u016btne turpina dz\u012bvot vi\u0146\u0101, run\u0101jot caur vi\u0146as lom\u0101m un skatuves sniegumu. T\u0101 ir nep\u0101rtraukta ener\u0123ijas un iedvesmas pl\u016bsma, kas pal\u012bdz p\u0101rvar\u0113t gan dz\u012bves, gan rado\u0161os izaicin\u0101jumus.<\/p>\n<p>Talants un profesionalit\u0101te Latvijas te\u0101tra vid\u0113<\/p>\n<p>Kop\u0161 2021. gada Jana \u013bisova ir Latvijas Nacion\u0101l\u0101 te\u0101tra aktrise, kur\u0101 sav\u0101 \u012bsaj\u0101, bet spo\u017eaj\u0101 karjeras laik\u0101 ir apliecin\u0101jusi sevi k\u0101 daudzpus\u012bgu m\u0101kslinieci. Pirms tam vi\u0146a piecus gadus bija R\u012bgas Krievu te\u0101tra aktrise. Vi\u0146as skatuves temperaments, ener\u0123ija un intelekts ir \u012bpa\u0161\u012bbas, kas raksturo vi\u0146as sp\u0113li. Ta\u010du \u013bisovas talants neaprobe\u017eojas tikai ar te\u0101tri \u2013 vi\u0146a ir film\u0113jusies ar\u012b seri\u0101l\u0101 &#8220;UgunsGr\u0113ks&#8221; un vair\u0101k\u0101s film\u0101s, tostarp &#8220;Pirmdzimtais&#8221; (2017) un &#8220;Revol\u016bcija&#8221; (2022). Vi\u0146as sp\u0113li raksturo sp\u0113ja b\u016bt reiz\u0113 maigai un jaud\u012bgai, skaistai un skarbai, pietic\u012bgai un ekscentriskai. \u0160\u012b daudzveid\u012bba un sp\u0113ja iejusties da\u017e\u0101dos t\u0113los padara vi\u0146u par vienu no interesant\u0101kaj\u0101m un piepras\u012bt\u0101kaj\u0101m aktris\u0113m Latvijas te\u0101tra ainav\u0101. Aktrises vitalit\u0101te, pa\u0161cie\u0146a un humora izj\u016bta, k\u0101 ar\u012b gatav\u012bba str\u0101d\u0101t gan neatkar\u012bgaj\u0101 te\u0101tra lauk\u0101, gan liel\u0101k\u0101s te\u0101tra iest\u0101d\u0113s, ir iemantojusi daudzu kol\u0113\u0123u un kriti\u0137u cie\u0146u. Vi\u0146as sp\u0113ja non\u0101kt &#8220;komfort\u0101 nekomfortablaj\u0101 zon\u0101&#8221; un vienm\u0113r sniegt publikai ko jaunu un p\u0101rsteidzo\u0161u, liecina par dzi\u013cu izpratni par aktiera profesiju un past\u0101v\u012bgu v\u0113lmi att\u012bst\u012bties.<\/p>\n","protected":false},"excerpt":{"rendered":"Neaizmirstam\u0101 uzvara un ce\u013c\u0161 pie t\u0101s Nacion\u0101l\u0101 te\u0101tra aktrise Jana \u013bisova nesen\u0101 pag\u0101tn\u0113 tika pagodin\u0101ta ar presti\u017eo &#8220;Sp\u0113lma\u0146u&hellip;\n","protected":false},"author":2,"featured_media":61425,"comment_status":"","ping_status":"","sticky":false,"template":"","format":"standard","meta":{"footnotes":""},"categories":[19],"tags":[1740,89,90,16192,35,39,38,36,37,34,1376,40,6020,6851],"class_list":{"0":"post-61424","1":"post","2":"type-post","3":"status-publish","4":"format-standard","5":"has-post-thumbnail","7":"category-izklaide","8":"tag-aktrise","9":"tag-entertainment","10":"tag-izklaide","11":"tag-jana-lisova","12":"tag-latvia","13":"tag-latvian","14":"tag-latviesu","15":"tag-latviesu-valoda","16":"tag-latviesuvaloda","17":"tag-latvija","18":"tag-latvijas-nacionalais-teatris","19":"tag-lv","20":"tag-spelmanu-nakts","21":"tag-teatra-balvas"},"share_on_mastodon":{"url":"https:\/\/pubeurope.com\/@lv\/115633953408948507","error":""},"_links":{"self":[{"href":"https:\/\/www.europesays.com\/lv\/wp-json\/wp\/v2\/posts\/61424","targetHints":{"allow":["GET"]}}],"collection":[{"href":"https:\/\/www.europesays.com\/lv\/wp-json\/wp\/v2\/posts"}],"about":[{"href":"https:\/\/www.europesays.com\/lv\/wp-json\/wp\/v2\/types\/post"}],"author":[{"embeddable":true,"href":"https:\/\/www.europesays.com\/lv\/wp-json\/wp\/v2\/users\/2"}],"replies":[{"embeddable":true,"href":"https:\/\/www.europesays.com\/lv\/wp-json\/wp\/v2\/comments?post=61424"}],"version-history":[{"count":0,"href":"https:\/\/www.europesays.com\/lv\/wp-json\/wp\/v2\/posts\/61424\/revisions"}],"wp:featuredmedia":[{"embeddable":true,"href":"https:\/\/www.europesays.com\/lv\/wp-json\/wp\/v2\/media\/61425"}],"wp:attachment":[{"href":"https:\/\/www.europesays.com\/lv\/wp-json\/wp\/v2\/media?parent=61424"}],"wp:term":[{"taxonomy":"category","embeddable":true,"href":"https:\/\/www.europesays.com\/lv\/wp-json\/wp\/v2\/categories?post=61424"},{"taxonomy":"post_tag","embeddable":true,"href":"https:\/\/www.europesays.com\/lv\/wp-json\/wp\/v2\/tags?post=61424"}],"curies":[{"name":"wp","href":"https:\/\/api.w.org\/{rel}","templated":true}]}}