{"id":6143,"date":"2025-09-27T09:14:07","date_gmt":"2025-09-27T09:14:07","guid":{"rendered":"https:\/\/www.europesays.com\/lv\/6143\/"},"modified":"2025-09-27T09:14:07","modified_gmt":"2025-09-27T09:14:07","slug":"video-%e2%9f%a9-balcers-gust-piektos-vartus-sveice-andzans-otros-somija","status":"publish","type":"post","link":"https:\/\/www.europesays.com\/lv\/6143\/","title":{"rendered":"VIDEO \u27e9 Balcers g\u016bst piektos v\u0101rtus \u0160veic\u0113, And\u017e\u0101ns otros Somij\u0101"},"content":{"rendered":"<p>&#8220;Lions&#8221; ar 2:5 (1:3, 1:0, 0:2) piek\u0101p\u0101s &#8220;Davos&#8221;.<\/p>\n<p>Balcers v\u0101rtus guva 12.min\u016bt\u0113, v\u0101rtu priek\u0161\u0101 apsp\u0113l\u0113jot v\u0101rtsargu un ar n\u016bjas ne\u0113rto pusi raidot ripu v\u0101rtu labaj\u0101 aug\u0161\u0113j\u0101 st\u016br\u012b, pan\u0101kot 1:2.<\/p>\n<blockquote class=\"twitter-tweet\">\n<p lang=\"lv\" dir=\"ltr\">Skaists v\u0101rtu guvums R\u016bdolfa Balcera izpild\u012bjum\u0101! \ud83d\udea8\ud83d\udca5 Tas gan nepal\u012bdz\u0113ja C\u012brihes &#8220;Lions&#8221; tikt pie pan\u0101kuma, piek\u0101pjoties &#8220;HC Davos&#8221; ar rezult\u0101tu 2:5. \ud83c\udfd2 <a href=\"https:\/\/t.co\/OtYTHdhfij\" rel=\"nofollow\">pic.twitter.com\/OtYTHdhfij<\/a><\/p>\n<p>\u2014 Go3 Sport (@Go3SportLatvija) <a href=\"https:\/\/twitter.com\/Go3SportLatvija\/status\/1971670459055067186?ref_src=twsrc%5Etfw\" rel=\"nofollow noopener\" target=\"_blank\">September 26, 2025<\/a><\/p><\/blockquote>\n<p>Asto\u0146\u0101s sp\u0113l\u0113s uzbruc\u0113js ir nopeln\u012bjis se\u0161us (5+1) rezultativit\u0101tes punktus.<\/p>\n<p>Balcers laukum\u0101 bija 18 min\u016btes un 45 sekundes, no t\u0101m vair\u0101kum\u0101 sp\u0113l\u0113jot piecas min\u016btes un septi\u0146as sekundes un se\u0161reiz metot pa v\u0101rtiem.<\/p>\n<p>V\u0101rtsargam Ivaram Punnenovam paliekot rezerv\u0113, Rapersvilas-Jonas &#8220;Lakers&#8221; viesos ar 4:3 (2:1, 1:2, 1:0) p\u0101rsp\u0113ja \u017den\u0113vas &#8220;Servette&#8221;, Oskara Lapinska p\u0101rst\u0101v\u0113t\u0101 Langnavas &#8220;Tigers&#8221; m\u0101j\u0101s p\u0113csp\u0113les metienos ar 3:4 (0:1, 2:1, 1:1, 0:0, 0:1) zaud\u0113ja &#8220;Biel-Bienne&#8221;, Denisa Smirnova p\u0101rst\u0101v\u0113t\u0101 &#8220;Kloten&#8221; viesos ar 1:0 (1:0, 0:0, 0:0) pieveica &#8220;Bern&#8221;, bet Em\u012bla Veckakti\u0146a p\u0101rst\u0101v\u0113t\u0101 &#8220;Ajoie&#8221; sav\u0101 laukum\u0101 ar 2:5 (0:2, 1:1, 1:2) atzina Frib\u016bras &#8220;Gotteron&#8221; p\u0101r\u0101kumu.<\/p>\n<p>Turn\u012bra tabul\u0101 augst\u0101k no latvie\u0161u p\u0101rst\u0101v\u0113taj\u0101m komand\u0101m ir &#8220;Lakers&#8221;, ar 18 punktiem asto\u0146\u0101s sp\u0113l\u0113s ie\u0146emot tre\u0161o vietu.<\/p>\n<p>Pag\u0101ju\u0161aj\u0101 sezon\u0101 par NL \u010dempioni k\u013cuva R\u016bdolfa Balcera p\u0101rst\u0101v\u0113t\u0101 C\u012brihes &#8220;Lions&#8221; vien\u012bba, kas fin\u0101ls\u0113rij\u0101 ar 4-1 p\u0101rsp\u0113ja &#8220;Lausanne&#8221; komandu.<\/p>\n<p><script async src=\"https:\/\/platform.twitter.com\/widgets.js\" charset=\"utf-8\"><\/script><\/p>\n","protected":false},"excerpt":{"rendered":"&#8220;Lions&#8221; ar 2:5 (1:3, 1:0, 0:2) piek\u0101p\u0101s &#8220;Davos&#8221;. Balcers v\u0101rtus guva 12.min\u016bt\u0113, v\u0101rtu priek\u0161\u0101 apsp\u0113l\u0113jot v\u0101rtsargu un ar&hellip;\n","protected":false},"author":2,"featured_media":6144,"comment_status":"","ping_status":"","sticky":false,"template":"","format":"standard","meta":{"footnotes":""},"categories":[17],"tags":[836,838,394,721,35,39,38,36,37,34,40,2717,67],"class_list":{"0":"post-6143","1":"post","2":"type-post","3":"status-publish","4":"format-standard","5":"has-post-thumbnail","7":"category-sports","8":"tag-hokeja-jaunumi","9":"tag-hokejisti-arzemes","10":"tag-hokejs","11":"tag-hokejs-pasaule","12":"tag-latvia","13":"tag-latvian","14":"tag-latviesu","15":"tag-latviesu-valoda","16":"tag-latviesuvaloda","17":"tag-latvija","18":"tag-lv","19":"tag-rudolfs-balcers","20":"tag-sports"},"share_on_mastodon":{"url":"","error":""},"_links":{"self":[{"href":"https:\/\/www.europesays.com\/lv\/wp-json\/wp\/v2\/posts\/6143","targetHints":{"allow":["GET"]}}],"collection":[{"href":"https:\/\/www.europesays.com\/lv\/wp-json\/wp\/v2\/posts"}],"about":[{"href":"https:\/\/www.europesays.com\/lv\/wp-json\/wp\/v2\/types\/post"}],"author":[{"embeddable":true,"href":"https:\/\/www.europesays.com\/lv\/wp-json\/wp\/v2\/users\/2"}],"replies":[{"embeddable":true,"href":"https:\/\/www.europesays.com\/lv\/wp-json\/wp\/v2\/comments?post=6143"}],"version-history":[{"count":0,"href":"https:\/\/www.europesays.com\/lv\/wp-json\/wp\/v2\/posts\/6143\/revisions"}],"wp:featuredmedia":[{"embeddable":true,"href":"https:\/\/www.europesays.com\/lv\/wp-json\/wp\/v2\/media\/6144"}],"wp:attachment":[{"href":"https:\/\/www.europesays.com\/lv\/wp-json\/wp\/v2\/media?parent=6143"}],"wp:term":[{"taxonomy":"category","embeddable":true,"href":"https:\/\/www.europesays.com\/lv\/wp-json\/wp\/v2\/categories?post=6143"},{"taxonomy":"post_tag","embeddable":true,"href":"https:\/\/www.europesays.com\/lv\/wp-json\/wp\/v2\/tags?post=6143"}],"curies":[{"name":"wp","href":"https:\/\/api.w.org\/{rel}","templated":true}]}}