{"id":61445,"date":"2025-11-29T17:15:07","date_gmt":"2025-11-29T17:15:07","guid":{"rendered":"https:\/\/www.europesays.com\/lv\/61445\/"},"modified":"2025-11-29T17:15:07","modified_gmt":"2025-11-29T17:15:07","slug":"grupa-bukte-laiz-klaja-otro-albumu-sveta-govs-zvana-hronikas-lente-lv","status":"publish","type":"post","link":"https:\/\/www.europesays.com\/lv\/61445\/","title":{"rendered":"Grupa &#8220;Bukte&#8221; lai\u017e klaj\u0101 otro albumu &#8220;Sv\u0113t\u0101 Govs Zvana Hronikas&#8221;\u00a0\u2014\u00a0Lente.lv"},"content":{"rendered":"<p>Jaunumi m\u016bzik\u0101: Grupa &#8220;Bukte&#8221; iepriecina ar otro albumu<\/p>\n<p>M\u016bzikas cien\u012bt\u0101jiem ir lieliskas zi\u0146as \u2013 grupa &#8220;Bukte&#8221; ir laidusi klaj\u0101 savu ilgi gaid\u012bto otro studijas albumu, kura nosaukums ir &#8220;Sv\u0113t\u0101 Govs Zvana Hronikas&#8221;. \u0160is jaunais darbs seko 2024. gada febru\u0101r\u012b izdotajam debijas albumam &#8220;B\u0113du ieleja&#8221;, apliecinot grupas nep\u0101rtraukto rado\u0161o izaugsmi un sp\u0113ju rad\u012bt aizraujo\u0161u muzik\u0101lu pieredzi.<\/p>\n<p>Iepriek\u0161\u0113j\u0101 pan\u0101kumu pieredze un jauni skan\u0113jumi<\/p>\n<p>P\u0113c veiksm\u012bg\u0101 debijas albuma &#8220;B\u0113du ieleja&#8221;, kas ieguva klaus\u012bt\u0101ju atzin\u012bbu, &#8220;Bukte&#8221; ir turpin\u0101jusi savu muzik\u0101lo ce\u013cojumu, str\u0101d\u0101jot pie jauniem ska\u0146darbiem. &#8220;Sv\u0113t\u0101 Govs Zvana Hronikas&#8221; sola klaus\u012bt\u0101jiem neaizmirstamu ce\u013cojumu cauri da\u017e\u0101d\u0101m emocij\u0101m un muzik\u0101liem stiliem. Grupas dal\u012bbnieki ir r\u016bp\u012bgi str\u0101d\u0101ju\u0161i, lai rad\u012btu albumu, kas ne tikai atspogu\u013co vi\u0146u m\u0101ksliniecisko briedumu, bet ar\u012b pied\u0101v\u0101 svaigus un inovat\u012bvus muzik\u0101lus risin\u0101jumus. Katra dziesma \u0161\u0137iet k\u0101 r\u016bp\u012bgi izlolota p\u0113rle, kas kopum\u0101 veido bag\u0101t\u012bgu un daudzpus\u012bgu muzik\u0101lu audumu.<\/p>\n<p>Albuma koncepcija un v\u0113st\u012bjums<\/p>\n<p>Lai gan ofici\u0101l\u0101 albuma koncepcija v\u0113l nav piln\u012bb\u0101 atkl\u0101ta, nosaukums &#8220;Sv\u0113t\u0101 Govs Zvana Hronikas&#8221; mudina uz dom\u0101m par dzi\u013c\u0101kiem sl\u0101\u0146iem un iesp\u0113jam\u0101m metafor\u0101m. Tas var\u0113tu b\u016bt st\u0101sts par dz\u012bves cikliem, p\u0101rmai\u0146\u0101m vai pat par ikdieni\u0161\u0137u lietu mistisko noz\u012bmi. Grupas iepriek\u0161\u0113jais darbs &#8220;B\u0113du ieleja&#8221; jau apliecin\u0101ja sp\u0113ju piev\u0113rsties aktu\u0101l\u0101m t\u0113m\u0101m ar po\u0113tisku un bie\u017ei vien ar\u012b ironisku skat\u012bjumu. &#8220;Sv\u0113t\u0101 Govs Zvana Hronikas&#8221;, visticam\u0101k, turpin\u0101s \u0161o trad\u012bciju, pied\u0101v\u0101jot klaus\u012bt\u0101jiem gan intelektu\u0101lu baud\u012bjumu, gan emocion\u0101lu rezonansi. Var gaid\u012bt gan liriskas bal\u0101des, kas aizkustina l\u012bdz sirds dzi\u013cumiem, gan ener\u0123iskus gabalus, kas liek kust\u0113ties l\u012bdzi. Tas ir k\u0101 muzik\u0101ls kaleidoskops, kur\u0101 katrs gabali\u0146\u0161 atkl\u0101j jaunu kr\u0101su un formu.<\/p>\n<p>Ko gaid\u012bt no jaun\u0101 albuma?<\/p>\n<p>M\u016bzikas kriti\u0137i un klaus\u012bt\u0101ji jau pau\u017e lielu interesi par jauno albumu. &#8220;Buktes&#8221; sp\u0113ja apvienot latvisko kolor\u012btu ar m\u016bsdienu aktu\u0101laj\u0101m m\u016bzikas tendenc\u0113m ir viens no iemesliem, k\u0101p\u0113c vi\u0146u jaunais darbs tiek gaid\u012bts ar tik lielu nepaciet\u012bbu. Albuma ska\u0146darbu izpild\u012bjum\u0101 j\u016btama gan meistar\u012bba, gan patiesa aizraut\u012bba, kas padara katru dziesmu par unik\u0101lu notikumu. Tiek prognoz\u0113ts, ka &#8220;Sv\u0113t\u0101 Govs Zvana Hronikas&#8221; k\u013c\u016bs par vienu no spilgt\u0101kajiem muzik\u0101lajiem notikumiem \u0161aj\u0101 gad\u0101, pied\u0101v\u0101jot klaus\u012bt\u0101jiem ne tikai kvalitat\u012bvu m\u016bziku, bet ar\u012b dzi\u013c\u0101ku izpratni par m\u016bsdienu latvie\u0161u rokm\u016bziku. Ja jums patika vi\u0146u debijas albums, tad \u0161is noteikti nepaciet\u012bs j\u016bsu cer\u012bbas. Tas ir k\u0101 ce\u013cojums uz nezin\u0101m\u0101m zem\u0113m, kur katrs solis paver jaunus horizontus un \u013cauj atkl\u0101t ko negaid\u012btu.<\/p>\n<p>Secin\u0101jumi un n\u0101kotnes perspekt\u012bvas<\/p>\n<p>Grupa &#8220;Bukte&#8221; ar savu otro albumu &#8220;Sv\u0113t\u0101 Govs Zvana Hronikas&#8221; apliecina savu vietu Latvijas m\u016bzikas ainav\u0101. Jaunais albums ir ne tikai turpin\u0101jums, bet ar\u012b solis uz priek\u0161u, par\u0101dot grupas gatav\u012bbu eksperiment\u0113t un att\u012bst\u012bties. Klaus\u012bt\u0101jiem tiek pied\u0101v\u0101ts baud\u012bt r\u016bp\u012bgi izstr\u0101d\u0101tu muzik\u0101lo produktu, kas sp\u0113j uzrun\u0101t da\u017e\u0101das gaumes un paaudzes. \u0160is albums ir k\u0101 apliecin\u0101jums tam, ka latvie\u0161u m\u016bzika ir dz\u012bva, dinamiska un sp\u0113j konkur\u0113t ar pasaules l\u012bme\u0146a m\u0101ksliniekiem. Gaid\u0101ms, ka &#8220;Bukte&#8221; turpin\u0101s iepriecin\u0101t savus fanus ar jauniem koncertiem un rado\u0161iem mekl\u0113jumiem, padarot Latvijas m\u016bzikas pasauli v\u0113l kr\u0101sain\u0101ku.<\/p>\n","protected":false},"excerpt":{"rendered":"Jaunumi m\u016bzik\u0101: Grupa &#8220;Bukte&#8221; iepriecina ar otro albumu M\u016bzikas cien\u012bt\u0101jiem ir lieliskas zi\u0146as \u2013 grupa &#8220;Bukte&#8221; ir laidusi&hellip;\n","protected":false},"author":2,"featured_media":61446,"comment_status":"","ping_status":"","sticky":false,"template":"","format":"standard","meta":{"footnotes":""},"categories":[19],"tags":[15280,89,90,309,35,39,38,194,36,37,34,40,2762,16197],"class_list":{"0":"post-61445","1":"post","2":"type-post","3":"status-publish","4":"format-standard","5":"has-post-thumbnail","7":"category-izklaide","8":"tag-bukte","9":"tag-entertainment","10":"tag-izklaide","11":"tag-jauns-albums","12":"tag-latvia","13":"tag-latvian","14":"tag-latviesu","15":"tag-latviesu-muzika","16":"tag-latviesu-valoda","17":"tag-latviesuvaloda","18":"tag-latvija","19":"tag-lv","20":"tag-muzikas-jaunumi","21":"tag-sveta-govs-zvana-hronikas"},"share_on_mastodon":{"url":"https:\/\/pubeurope.com\/@lv\/115634118557588129","error":""},"_links":{"self":[{"href":"https:\/\/www.europesays.com\/lv\/wp-json\/wp\/v2\/posts\/61445","targetHints":{"allow":["GET"]}}],"collection":[{"href":"https:\/\/www.europesays.com\/lv\/wp-json\/wp\/v2\/posts"}],"about":[{"href":"https:\/\/www.europesays.com\/lv\/wp-json\/wp\/v2\/types\/post"}],"author":[{"embeddable":true,"href":"https:\/\/www.europesays.com\/lv\/wp-json\/wp\/v2\/users\/2"}],"replies":[{"embeddable":true,"href":"https:\/\/www.europesays.com\/lv\/wp-json\/wp\/v2\/comments?post=61445"}],"version-history":[{"count":0,"href":"https:\/\/www.europesays.com\/lv\/wp-json\/wp\/v2\/posts\/61445\/revisions"}],"wp:featuredmedia":[{"embeddable":true,"href":"https:\/\/www.europesays.com\/lv\/wp-json\/wp\/v2\/media\/61446"}],"wp:attachment":[{"href":"https:\/\/www.europesays.com\/lv\/wp-json\/wp\/v2\/media?parent=61445"}],"wp:term":[{"taxonomy":"category","embeddable":true,"href":"https:\/\/www.europesays.com\/lv\/wp-json\/wp\/v2\/categories?post=61445"},{"taxonomy":"post_tag","embeddable":true,"href":"https:\/\/www.europesays.com\/lv\/wp-json\/wp\/v2\/tags?post=61445"}],"curies":[{"name":"wp","href":"https:\/\/api.w.org\/{rel}","templated":true}]}}