{"id":61451,"date":"2025-11-29T18:06:09","date_gmt":"2025-11-29T18:06:09","guid":{"rendered":"https:\/\/www.europesays.com\/lv\/61451\/"},"modified":"2025-11-29T18:06:09","modified_gmt":"2025-11-29T18:06:09","slug":"a320-programmaturas-nomainas-del-eiropa-tomer-nerodas-plasi-aviosatiksmes-traucejumi","status":"publish","type":"post","link":"https:\/\/www.europesays.com\/lv\/61451\/","title":{"rendered":"A320 programmat\u016bras nomai\u0146as d\u0113\u013c Eirop\u0101 tom\u0113r nerodas pla\u0161i aviosatiksmes trauc\u0113jumi"},"content":{"rendered":"<p>ASV aviokomp\u0101nija &#8220;JetBlue&#8221; zi\u0146u a\u0123ent\u016brai AFP nor\u0101d\u012bja, ka jau s\u0101kusi darbu pie nepiecie\u0161amaj\u0101m izmai\u0146\u0101m da\u017eos A320 un A321 mode\u013cos. T\u0101s konkurente &#8220;American Airlines&#8221; pav\u0113st\u012bja, ka programmat\u016bras atjaunin\u0101\u0161ana jau s\u0101kta un sagaida, ka liel\u0101kais vairums no t\u0101s 340 lidma\u0161\u012bn\u0101m, kam nepiecie\u0161ami atjaunin\u0101jumi, jau \u0161odien b\u016bs atkal darba k\u0101rt\u012bb\u0101.<\/p>\n<p>Aviokomp\u0101nija &#8220;United Airlines&#8221; s\u0101kotn\u0113ji pazi\u0146oja, ka to nav ietekm\u0113jis \u0161is incidents, bet v\u0113l\u0101k nor\u0101d\u012bja, ka identific\u0113jusi se\u0161as lidma\u0161\u012bnas, kam nepiecie\u0161ama programmat\u016bras atjaunin\u0101\u0161ana.<\/p>\n<p>Indijas lidsabiedr\u012bba &#8220;Air India&#8221; \u0161odien br\u012bdin\u0101ja, ka iesp\u0113jama reisu kav\u0113\u0161an\u0101s, un Kolumbijas aviokomp\u0101nija &#8220;Avianca&#8221; pav\u0113st\u012bja, ka probl\u0113ma sk\u0101rusi 70% t\u0101s lidma\u0161\u012bnu, un br\u012bdin\u0101ja, ka iesp\u0113jami iev\u0113rojami trauc\u0113jumi n\u0101kam\u0101s desmit dienas&#8221;. &#8220;Avianca&#8221; l\u012bdz 8. decembrim aptur\u0113jusi bi\u013ce\u0161u tirdzniec\u012bbu.<\/p>\n<p>Filip\u012bnu viet\u0113jie p\u0101rvad\u0101t\u0101ji &#8220;Philippine Airlines&#8221; un &#8220;Cebu Pacific&#8221; pied\u0101v\u0101ja atmaks\u0101t naudu vai p\u0101rrezerv\u0113t bi\u013cetes p\u0113c tam, kad sestdien tika aptur\u0113ti vismaz 40 iek\u0161zemes reisi.<\/p>\n<p>A320 tiek b\u016bv\u0113tas kop\u0161 1988. gada un ir vislab\u0101k p\u0101rdot\u0101s lidma\u0161\u012bnas pasaul\u0113. &#8220;Airbus&#8221; l\u012bdz septembra beig\u0101m p\u0101rdeva 12 257 \u0161\u012b mode\u013ca lidma\u0161\u012bnas, bet &#8220;Boeing&#8221; \u0161aj\u0101 laik\u0101 p\u0101rdeva 12 254 lidma\u0161\u012bnas &#8220;Boeing 737&#8221;.<\/p>\n","protected":false},"excerpt":{"rendered":"ASV aviokomp\u0101nija &#8220;JetBlue&#8221; zi\u0146u a\u0123ent\u016brai AFP nor\u0101d\u012bja, ka jau s\u0101kusi darbu pie nepiecie\u0161amaj\u0101m izmai\u0146\u0101m da\u017eos A320 un A321&hellip;\n","protected":false},"author":2,"featured_media":61452,"comment_status":"","ping_status":"","sticky":false,"template":"","format":"standard","meta":{"footnotes":""},"categories":[14],"tags":[23,57,1133,28,29,427,32,33,1134,22,30,31,35,39,38,36,37,34,40,20,26,27,24,25,54,55,56,21,58],"class_list":{"0":"post-61451","1":"post","2":"type-post","3":"status-publish","4":"format-standard","5":"has-post-thumbnail","7":"category-zinas-no-arvalstim","8":"tag-aktualitates","9":"tag-arvalstim","10":"tag-aviacija","11":"tag-breaking-news","12":"tag-breakingnews","13":"tag-eiropa","14":"tag-featured-news","15":"tag-featurednews","16":"tag-gaisa-satiksme","17":"tag-headlines","18":"tag-latest-news","19":"tag-latestnews","20":"tag-latvia","21":"tag-latvian","22":"tag-latviesu","23":"tag-latviesu-valoda","24":"tag-latviesuvaloda","25":"tag-latvija","26":"tag-lv","27":"tag-news","28":"tag-popularakas-zinas","29":"tag-popularakaszinas","30":"tag-top-stories","31":"tag-topstories","32":"tag-world","33":"tag-world-news","34":"tag-worldnews","35":"tag-zinas","36":"tag-zinas-no-arvalstim"},"share_on_mastodon":{"url":"https:\/\/pubeurope.com\/@lv\/115634319226302487","error":""},"_links":{"self":[{"href":"https:\/\/www.europesays.com\/lv\/wp-json\/wp\/v2\/posts\/61451","targetHints":{"allow":["GET"]}}],"collection":[{"href":"https:\/\/www.europesays.com\/lv\/wp-json\/wp\/v2\/posts"}],"about":[{"href":"https:\/\/www.europesays.com\/lv\/wp-json\/wp\/v2\/types\/post"}],"author":[{"embeddable":true,"href":"https:\/\/www.europesays.com\/lv\/wp-json\/wp\/v2\/users\/2"}],"replies":[{"embeddable":true,"href":"https:\/\/www.europesays.com\/lv\/wp-json\/wp\/v2\/comments?post=61451"}],"version-history":[{"count":0,"href":"https:\/\/www.europesays.com\/lv\/wp-json\/wp\/v2\/posts\/61451\/revisions"}],"wp:featuredmedia":[{"embeddable":true,"href":"https:\/\/www.europesays.com\/lv\/wp-json\/wp\/v2\/media\/61452"}],"wp:attachment":[{"href":"https:\/\/www.europesays.com\/lv\/wp-json\/wp\/v2\/media?parent=61451"}],"wp:term":[{"taxonomy":"category","embeddable":true,"href":"https:\/\/www.europesays.com\/lv\/wp-json\/wp\/v2\/categories?post=61451"},{"taxonomy":"post_tag","embeddable":true,"href":"https:\/\/www.europesays.com\/lv\/wp-json\/wp\/v2\/tags?post=61451"}],"curies":[{"name":"wp","href":"https:\/\/api.w.org\/{rel}","templated":true}]}}