{"id":61491,"date":"2025-11-29T19:11:17","date_gmt":"2025-11-29T19:11:17","guid":{"rendered":"https:\/\/www.europesays.com\/lv\/61491\/"},"modified":"2025-11-29T19:11:17","modified_gmt":"2025-11-29T19:11:17","slug":"vai-tiesam-ta-bija-vina-agnese-parsteidz-ar-atgriesanos-uz-spelmanu-nakts-skatuves-lente-lv-2","status":"publish","type":"post","link":"https:\/\/www.europesays.com\/lv\/61491\/","title":{"rendered":"Vai tie\u0161\u0101m t\u0101 bija vi\u0146a? Agnese p\u0101rsteidz ar atgrie\u0161anos uz \u201cSp\u0113lma\u0146u nakts\u201d skatuves\u00a0\u2014\u00a0Lente.lv"},"content":{"rendered":"<p>Agnese atgrie\u0161an\u0101s uz skatuves p\u0113c 20 gadu p\u0101rtraukuma<\/p>\n<p>Pag\u0101ju\u0161aj\u0101 ned\u0113\u013cas nogal\u0113, 23. novembr\u012b, Dailes te\u0101tr\u012b norisin\u0101j\u0101s ikgad\u0113j\u0101 te\u0101tra balvu pasnieg\u0161anas ceremonija &#8220;Sp\u0113lma\u0146u nakts 2025&#8221;. \u0160is notikums vienm\u0113r ir gaid\u012bts notikums te\u0101tra baud\u012bt\u0101ju vid\u016b, tom\u0113r \u0161ogad tas sniedza ne tikai jau iepriek\u0161 zin\u0101mus priekus un sasniegumus, bet ar\u012b pat\u012bkamu p\u0101rsteigumu.<\/p>\n<p>Starp apbalvo\u0161anas prieku un aizkustino\u0161aj\u0101m run\u0101m, mazliet \u0113n\u0101 palika k\u0101da Latvijas m\u016bzikas skatuv\u0113 labi paz\u012bstama persona \u2013 dzied\u0101t\u0101ja Agnese. Vi\u0146a uz skatuves k\u0101pa p\u0113c aptuveni 20 gadu p\u0101rtraukuma, radot neaizmirstamu mirkli gan sev, gan skat\u012bt\u0101jiem. \u0160is atgrie\u0161an\u0101s bija gan emocion\u0101ls, gan profesion\u0101ls notikums, kas liek aizdom\u0101ties par m\u0101kslinieku ce\u013ciem un rado\u0161aj\u0101m izpausm\u0113m.<\/p>\n<p>Muzik\u0101ls p\u0101rsteigums un Imanta Kalni\u0146a dziesma<\/p>\n<p>Agnese uzst\u0101j\u0101s kop\u0101 ar Jaun\u0101 R\u012bgas te\u0101tra aktieri Ivaru Krastu. Vi\u0146u duets izpild\u012bja le\u0123end\u0101r\u0101 komponista Imanta Kalni\u0146a dziesmu &#8220;Apturi mani&#8221;. \u0160\u012b dziesma ir viena no Kalni\u0146a popul\u0101r\u0101kaj\u0101m un m\u012bl\u0113t\u0101kaj\u0101m kompoz\u012bcij\u0101m, kurai piem\u012bt \u012bpa\u0161a emocion\u0101l\u0101 dzi\u013cums un melodiskais skaistums. Dzied\u0101t\u0101jas Agneses atgrie\u0161an\u0101s uz liel\u0101s skatuves kop\u0101 ar pieredz\u0113ju\u0161o aktieri rad\u012bja spilgtu un aizkustino\u0161u priek\u0161nesumu, kas noteikti paliks atmi\u0146\u0101 daudziem.<\/p>\n<p>\u0160is priek\u0161nesums ir k\u0101 apliecin\u0101jums tam, ka talants un aizrau\u0161an\u0101s ar m\u016bziku nekad nepaz\u016bd, un, ka da\u017ek\u0101rt visliel\u0101kie p\u0101rsteigumi sagaida tur, kur tos nemaz negaid\u0101m. Agneses debija \u0161aj\u0101 Gada balvas ceremonij\u0101 ir k\u0101 jauna noda\u013ca vi\u0146as rado\u0161aj\u0101 biogr\u0101fij\u0101, kas noteikti sniegs iedvesmu gan vi\u0146ai pa\u0161ai, gan vi\u0146as klaus\u012bt\u0101jiem.<\/p>\n","protected":false},"excerpt":{"rendered":"Agnese atgrie\u0161an\u0101s uz skatuves p\u0113c 20 gadu p\u0101rtraukuma Pag\u0101ju\u0161aj\u0101 ned\u0113\u013cas nogal\u0113, 23. novembr\u012b, Dailes te\u0101tr\u012b norisin\u0101j\u0101s ikgad\u0113j\u0101 te\u0101tra&hellip;\n","protected":false},"author":2,"featured_media":61492,"comment_status":"","ping_status":"","sticky":false,"template":"","format":"standard","meta":{"footnotes":""},"categories":[19],"tags":[16107,10495,89,9393,6701,90,35,39,38,36,37,34,40,16108],"class_list":{"0":"post-61491","1":"post","2":"type-post","3":"status-publish","4":"format-standard","5":"has-post-thumbnail","7":"category-izklaide","8":"tag-agnese","9":"tag-atgriesanas-uz-skatuves","10":"tag-entertainment","11":"tag-imanta-kalnina-dziesma","12":"tag-ivars-krasts","13":"tag-izklaide","14":"tag-latvia","15":"tag-latvian","16":"tag-latviesu","17":"tag-latviesu-valoda","18":"tag-latviesuvaloda","19":"tag-latvija","20":"tag-lv","21":"tag-spelmanu-nakts-2025"},"share_on_mastodon":{"url":"https:\/\/pubeurope.com\/@lv\/115634574852021711","error":""},"_links":{"self":[{"href":"https:\/\/www.europesays.com\/lv\/wp-json\/wp\/v2\/posts\/61491","targetHints":{"allow":["GET"]}}],"collection":[{"href":"https:\/\/www.europesays.com\/lv\/wp-json\/wp\/v2\/posts"}],"about":[{"href":"https:\/\/www.europesays.com\/lv\/wp-json\/wp\/v2\/types\/post"}],"author":[{"embeddable":true,"href":"https:\/\/www.europesays.com\/lv\/wp-json\/wp\/v2\/users\/2"}],"replies":[{"embeddable":true,"href":"https:\/\/www.europesays.com\/lv\/wp-json\/wp\/v2\/comments?post=61491"}],"version-history":[{"count":0,"href":"https:\/\/www.europesays.com\/lv\/wp-json\/wp\/v2\/posts\/61491\/revisions"}],"wp:featuredmedia":[{"embeddable":true,"href":"https:\/\/www.europesays.com\/lv\/wp-json\/wp\/v2\/media\/61492"}],"wp:attachment":[{"href":"https:\/\/www.europesays.com\/lv\/wp-json\/wp\/v2\/media?parent=61491"}],"wp:term":[{"taxonomy":"category","embeddable":true,"href":"https:\/\/www.europesays.com\/lv\/wp-json\/wp\/v2\/categories?post=61491"},{"taxonomy":"post_tag","embeddable":true,"href":"https:\/\/www.europesays.com\/lv\/wp-json\/wp\/v2\/tags?post=61491"}],"curies":[{"name":"wp","href":"https:\/\/api.w.org\/{rel}","templated":true}]}}