{"id":61504,"date":"2025-11-29T19:56:11","date_gmt":"2025-11-29T19:56:11","guid":{"rendered":"https:\/\/www.europesays.com\/lv\/61504\/"},"modified":"2025-11-29T19:56:11","modified_gmt":"2025-11-29T19:56:11","slug":"krievijas-enu-flotes-tankkugiem-melnaja-jura-uzbruka-ukrainas-droni-vesta-avoti","status":"publish","type":"post","link":"https:\/\/www.europesays.com\/lv\/61504\/","title":{"rendered":"Krievijas &#8220;\u0113nu flotes&#8221; tankku\u0123iem Melnaj\u0101 j\u016br\u0101 uzbruka Ukrainas droni, v\u0113sta avoti"},"content":{"rendered":"<p>Tankku\u0123us &#8220;Kairos&#8221; un &#8220;Virat&#8221; satricin\u0101ja spr\u0101dzieni piektdienas vakar\u0101 net\u0101lu no Turcijas piekrastes, zi\u0146oja Turcijas Transporta ministrija, kas pie\u013cauj, ka ku\u0123iem uzbruka bezpilota j\u016bras droni.<\/p>\n<p>Ministrija pazi\u0146oja, ka \u0161or\u012bt &#8220;Virat&#8221; notika v\u0113l viens uzbrukums.<\/p>\n<p>Avots Ukrainas dro\u0161\u012bbas dienest\u0101 zi\u0146u a\u0123ent\u016brai AFP atkl\u0101ja, ka Krievijas &#8220;\u0113nu flotes&#8221; tankku\u0123iem sekm\u012bgi uzbruka moderniz\u0113tie j\u016bras droni &#8220;Sea Baby&#8221;.<\/p>\n<p>Tankku\u0123os nebija iekrauta nafta. Ku\u0123i bija ce\u013c\u0101 uz Novorosijsku, lai uzpild\u012btos.<\/p>\n<p>Abi tankku\u0123i ir pak\u013cauti Rietumvalstu sankcij\u0101m par naftas transport\u0113\u0161anu no Krievijas ost\u0101m par sp\u012bti embargo, kas noteikts p\u0113c Krievijas jaun\u0101 iebrukuma Ukrain\u0101 2022. gada febru\u0101r\u012b. \u0160\u0101di tankku\u0123i tiek d\u0113v\u0113ti par Krievijas &#8220;\u0113nu floti&#8221;.<\/p>\n<p>Kop\u0161 Krievijas iebrukuma Ukrain\u0101 s\u0101kuma Melnaj\u0101 j\u016br\u0101 ir atrastas un izn\u012bcin\u0101tas vair\u0101kas j\u016bras m\u012bnas.<\/p>\n","protected":false},"excerpt":{"rendered":"Tankku\u0123us &#8220;Kairos&#8221; un &#8220;Virat&#8221; satricin\u0101ja spr\u0101dzieni piektdienas vakar\u0101 net\u0101lu no Turcijas piekrastes, zi\u0146oja Turcijas Transporta ministrija, kas pie\u013cauj,&hellip;\n","protected":false},"author":2,"featured_media":61505,"comment_status":"","ping_status":"","sticky":false,"template":"","format":"standard","meta":{"footnotes":""},"categories":[14],"tags":[23,57,28,29,32,33,22,234,30,31,35,39,38,36,37,34,40,16127,20,26,27,24,25,276,54,55,56,21,58],"class_list":{"0":"post-61504","1":"post","2":"type-post","3":"status-publish","4":"format-standard","5":"has-post-thumbnail","7":"category-zinas-no-arvalstim","8":"tag-aktualitates","9":"tag-arvalstim","10":"tag-breaking-news","11":"tag-breakingnews","12":"tag-featured-news","13":"tag-featurednews","14":"tag-headlines","15":"tag-krievija","16":"tag-latest-news","17":"tag-latestnews","18":"tag-latvia","19":"tag-latvian","20":"tag-latviesu","21":"tag-latviesu-valoda","22":"tag-latviesuvaloda","23":"tag-latvija","24":"tag-lv","25":"tag-melna-jura","26":"tag-news","27":"tag-popularakas-zinas","28":"tag-popularakaszinas","29":"tag-top-stories","30":"tag-topstories","31":"tag-ukraina","32":"tag-world","33":"tag-world-news","34":"tag-worldnews","35":"tag-zinas","36":"tag-zinas-no-arvalstim"},"share_on_mastodon":{"url":"https:\/\/pubeurope.com\/@lv\/115634751638653887","error":""},"_links":{"self":[{"href":"https:\/\/www.europesays.com\/lv\/wp-json\/wp\/v2\/posts\/61504","targetHints":{"allow":["GET"]}}],"collection":[{"href":"https:\/\/www.europesays.com\/lv\/wp-json\/wp\/v2\/posts"}],"about":[{"href":"https:\/\/www.europesays.com\/lv\/wp-json\/wp\/v2\/types\/post"}],"author":[{"embeddable":true,"href":"https:\/\/www.europesays.com\/lv\/wp-json\/wp\/v2\/users\/2"}],"replies":[{"embeddable":true,"href":"https:\/\/www.europesays.com\/lv\/wp-json\/wp\/v2\/comments?post=61504"}],"version-history":[{"count":0,"href":"https:\/\/www.europesays.com\/lv\/wp-json\/wp\/v2\/posts\/61504\/revisions"}],"wp:featuredmedia":[{"embeddable":true,"href":"https:\/\/www.europesays.com\/lv\/wp-json\/wp\/v2\/media\/61505"}],"wp:attachment":[{"href":"https:\/\/www.europesays.com\/lv\/wp-json\/wp\/v2\/media?parent=61504"}],"wp:term":[{"taxonomy":"category","embeddable":true,"href":"https:\/\/www.europesays.com\/lv\/wp-json\/wp\/v2\/categories?post=61504"},{"taxonomy":"post_tag","embeddable":true,"href":"https:\/\/www.europesays.com\/lv\/wp-json\/wp\/v2\/tags?post=61504"}],"curies":[{"name":"wp","href":"https:\/\/api.w.org\/{rel}","templated":true}]}}