{"id":61522,"date":"2025-11-29T20:34:09","date_gmt":"2025-11-29T20:34:09","guid":{"rendered":"https:\/\/www.europesays.com\/lv\/61522\/"},"modified":"2025-11-29T20:34:09","modified_gmt":"2025-11-29T20:34:09","slug":"miris-atrasts-policijas-mekletais-virietis","status":"publish","type":"post","link":"https:\/\/www.europesays.com\/lv\/61522\/","title":{"rendered":"Miris atrasts policijas mekl\u0113tais v\u012brietis"},"content":{"rendered":"<p>Bezv\u0113sts promb\u016btn\u0113 biju\u0161ais 1947. gad\u0101 dzimu\u0161ais Arnis Eihent\u0101ls diem\u017e\u0113l atrasts miris. Saist\u012bb\u0101 ar notiku\u0161o ir uzs\u0101kts krimin\u0101lprocess, ta\u010du s\u0101kotn\u0113j\u0101 inform\u0101cija neliecina par noziedz\u012bgu nodar\u012bjumu, sestdien vakar\u0101 pav\u0113st\u012bja Valsts policija.<\/p>\n<p>Likumsargi A.Eihent\u0101lu mekl\u0113\u0161an\u0101 izsludin\u0101ja ceturtdien vakar\u0101. V\u012brietis 24. novembr\u012b ar \u0137ir\u0161u kr\u0101sas automa\u0161\u012bnu \u201c\u0160koda Fabia\u201d bija izbraucis no adreses Siguld\u0101, Pulkve\u017ea Brie\u017ea iel\u0101, un aizbraucis In\u010dukalna virzien\u0101.<\/p>\n<p>Valsts policija izsaka pateic\u012bbu iedz\u012bvot\u0101jiem, kuri sniedza inform\u0101ciju likumsargiem.<\/p>\n","protected":false},"excerpt":{"rendered":"Bezv\u0113sts promb\u016btn\u0113 biju\u0161ais 1947. gad\u0101 dzimu\u0161ais Arnis Eihent\u0101ls diem\u017e\u0113l atrasts miris. Saist\u012bb\u0101 ar notiku\u0161o ir uzs\u0101kts krimin\u0101lprocess, ta\u010du&hellip;\n","protected":false},"author":2,"featured_media":61523,"comment_status":"","ping_status":"","sticky":false,"template":"","format":"standard","meta":{"footnotes":""},"categories":[5],"tags":[23,28,29,47,32,33,22,381,64,30,31,35,39,38,36,37,34,40,20,385,26,27,172,382,384,383,24,25,21],"class_list":{"0":"post-61522","1":"post","2":"type-post","3":"status-publish","4":"format-standard","5":"has-post-thumbnail","7":"category-aktualitates","8":"tag-aktualitates","9":"tag-breaking-news","10":"tag-breakingnews","11":"tag-ekonomika","12":"tag-featured-news","13":"tag-featurednews","14":"tag-headlines","15":"tag-jaunumi","16":"tag-kultura","17":"tag-latest-news","18":"tag-latestnews","19":"tag-latvia","20":"tag-latvian","21":"tag-latviesu","22":"tag-latviesu-valoda","23":"tag-latviesuvaloda","24":"tag-latvija","25":"tag-lv","26":"tag-news","27":"tag-pieriga","28":"tag-popularakas-zinas","29":"tag-popularakaszinas","30":"tag-riga","31":"tag-sabiedriba","32":"tag-sludinajumi","33":"tag-sports-afisa","34":"tag-top-stories","35":"tag-topstories","36":"tag-zinas"},"share_on_mastodon":{"url":"https:\/\/pubeurope.com\/@lv\/115634901174129818","error":""},"_links":{"self":[{"href":"https:\/\/www.europesays.com\/lv\/wp-json\/wp\/v2\/posts\/61522","targetHints":{"allow":["GET"]}}],"collection":[{"href":"https:\/\/www.europesays.com\/lv\/wp-json\/wp\/v2\/posts"}],"about":[{"href":"https:\/\/www.europesays.com\/lv\/wp-json\/wp\/v2\/types\/post"}],"author":[{"embeddable":true,"href":"https:\/\/www.europesays.com\/lv\/wp-json\/wp\/v2\/users\/2"}],"replies":[{"embeddable":true,"href":"https:\/\/www.europesays.com\/lv\/wp-json\/wp\/v2\/comments?post=61522"}],"version-history":[{"count":0,"href":"https:\/\/www.europesays.com\/lv\/wp-json\/wp\/v2\/posts\/61522\/revisions"}],"wp:featuredmedia":[{"embeddable":true,"href":"https:\/\/www.europesays.com\/lv\/wp-json\/wp\/v2\/media\/61523"}],"wp:attachment":[{"href":"https:\/\/www.europesays.com\/lv\/wp-json\/wp\/v2\/media?parent=61522"}],"wp:term":[{"taxonomy":"category","embeddable":true,"href":"https:\/\/www.europesays.com\/lv\/wp-json\/wp\/v2\/categories?post=61522"},{"taxonomy":"post_tag","embeddable":true,"href":"https:\/\/www.europesays.com\/lv\/wp-json\/wp\/v2\/tags?post=61522"}],"curies":[{"name":"wp","href":"https:\/\/api.w.org\/{rel}","templated":true}]}}