{"id":61528,"date":"2025-11-29T21:03:09","date_gmt":"2025-11-29T21:03:09","guid":{"rendered":"https:\/\/www.europesays.com\/lv\/61528\/"},"modified":"2025-11-29T21:03:09","modified_gmt":"2025-11-29T21:03:09","slug":"vasingtona-un-maskava-tuvojas-darijumam-tramps-gatavs-izpildit-putina-nosacijumus","status":"publish","type":"post","link":"https:\/\/www.europesays.com\/lv\/61528\/","title":{"rendered":"Va\u0161ingtona un Maskava tuvojas dar\u012bjumam? Tramps gatavs izpild\u012bt Putina nosac\u012bjumus"},"content":{"rendered":"<p>Krievija turpina kategoriski piepras\u012bt savus maksim\u0101listiskos nosac\u012bjumus kara izbeig\u0161anai Ukrain\u0101. Ceturtdien Putins pazi\u0146oja, ka vi\u0146a sp\u0113ki c\u012bn\u012bsies \u201cl\u012bdz p\u0113d\u0113jais ukrai\u0146u karav\u012brs b\u016bs miris\u201d, v\u0113lreiz apliecinot Maskavas nev\u0113l\u0113\u0161anos iesaist\u012bties re\u0101l\u0101 miera proces\u0101. Tikm\u0113r Eiropa cen\u0161as p\u0101rliecin\u0101t Va\u0161ingtonu, ka jebk\u0101da vieno\u0161an\u0101s ir iesp\u0113jama tikai ar Ukrainas teritori\u0101l\u0101s suverenit\u0101tes un dro\u0161\u012bbas garantiju iev\u0113ro\u0161anu.<\/p>\n","protected":false},"excerpt":{"rendered":"Krievija turpina kategoriski piepras\u012bt savus maksim\u0101listiskos nosac\u012bjumus kara izbeig\u0161anai Ukrain\u0101. Ceturtdien Putins pazi\u0146oja, ka vi\u0146a sp\u0113ki c\u012bn\u012bsies \u201cl\u012bdz&hellip;\n","protected":false},"author":2,"featured_media":61529,"comment_status":"","ping_status":"","sticky":false,"template":"","format":"standard","meta":{"footnotes":""},"categories":[14],"tags":[23,57,28,29,32,33,22,30,31,35,39,38,36,37,34,40,20,26,27,24,25,54,55,56,21,58],"class_list":{"0":"post-61528","1":"post","2":"type-post","3":"status-publish","4":"format-standard","5":"has-post-thumbnail","7":"category-zinas-no-arvalstim","8":"tag-aktualitates","9":"tag-arvalstim","10":"tag-breaking-news","11":"tag-breakingnews","12":"tag-featured-news","13":"tag-featurednews","14":"tag-headlines","15":"tag-latest-news","16":"tag-latestnews","17":"tag-latvia","18":"tag-latvian","19":"tag-latviesu","20":"tag-latviesu-valoda","21":"tag-latviesuvaloda","22":"tag-latvija","23":"tag-lv","24":"tag-news","25":"tag-popularakas-zinas","26":"tag-popularakaszinas","27":"tag-top-stories","28":"tag-topstories","29":"tag-world","30":"tag-world-news","31":"tag-worldnews","32":"tag-zinas","33":"tag-zinas-no-arvalstim"},"share_on_mastodon":{"url":"https:\/\/pubeurope.com\/@lv\/115635015063890815","error":""},"_links":{"self":[{"href":"https:\/\/www.europesays.com\/lv\/wp-json\/wp\/v2\/posts\/61528","targetHints":{"allow":["GET"]}}],"collection":[{"href":"https:\/\/www.europesays.com\/lv\/wp-json\/wp\/v2\/posts"}],"about":[{"href":"https:\/\/www.europesays.com\/lv\/wp-json\/wp\/v2\/types\/post"}],"author":[{"embeddable":true,"href":"https:\/\/www.europesays.com\/lv\/wp-json\/wp\/v2\/users\/2"}],"replies":[{"embeddable":true,"href":"https:\/\/www.europesays.com\/lv\/wp-json\/wp\/v2\/comments?post=61528"}],"version-history":[{"count":0,"href":"https:\/\/www.europesays.com\/lv\/wp-json\/wp\/v2\/posts\/61528\/revisions"}],"wp:featuredmedia":[{"embeddable":true,"href":"https:\/\/www.europesays.com\/lv\/wp-json\/wp\/v2\/media\/61529"}],"wp:attachment":[{"href":"https:\/\/www.europesays.com\/lv\/wp-json\/wp\/v2\/media?parent=61528"}],"wp:term":[{"taxonomy":"category","embeddable":true,"href":"https:\/\/www.europesays.com\/lv\/wp-json\/wp\/v2\/categories?post=61528"},{"taxonomy":"post_tag","embeddable":true,"href":"https:\/\/www.europesays.com\/lv\/wp-json\/wp\/v2\/tags?post=61528"}],"curies":[{"name":"wp","href":"https:\/\/api.w.org\/{rel}","templated":true}]}}