{"id":61531,"date":"2025-11-29T21:09:15","date_gmt":"2025-11-29T21:09:15","guid":{"rendered":"https:\/\/www.europesays.com\/lv\/61531\/"},"modified":"2025-11-29T21:09:15","modified_gmt":"2025-11-29T21:09:15","slug":"ukrainas-prezidenta-bijusais-biroja-vaditajs-jermaks-pec-atluguma-posas-uz-fronti-raksts","status":"publish","type":"post","link":"https:\/\/www.europesays.com\/lv\/61531\/","title":{"rendered":"Ukrainas prezidenta biju\u0161ais biroja vad\u012bt\u0101js Jermaks p\u0113c atl\u016bguma po\u0161as uz fronti \/ Raksts"},"content":{"rendered":"<p>Biju\u0161ais Ukrainas prezidenta Volodimira Zelenska biroja vad\u012bt\u0101js Andrijs Jermaks p\u0113c atl\u016bguma iesnieg\u0161anas pazi\u0146ojis, ka dosies uz fronti. To vi\u0146\u0161 pav\u0113st\u012bja\u00a0intervij\u0101 ASV laikrakstam &#8220;New York Post&#8221;.<\/p>\n<p>Jermaks nor\u0101d\u012bja, ka ir gatavs jebk\u0101d\u0101m represij\u0101m, ta\u010du uzsv\u0113ra, ka dienesti vi\u0146u apkaunoju\u0161i un sabiedrotie vald\u012bb\u0101 nav vi\u0146u aizsarg\u0101ju\u0161i. T\u0101p\u0113c Jermaks esot gatavs doties uz fronti un pier\u0101d\u012bt, ka ir krietns un god\u012bgs cilv\u0113ks. \u0160obr\u012bd gan vi\u0146\u0161 nav nor\u0101d\u012bjis, kad un kur tie\u0161i dosies.<\/p>\n<p>Par <a href=\"https:\/\/www.lsm.lv\/raksts\/zinas\/arzemes\/28.11.2025-zelenska-biroja-vaditajs-jermaks-atkapies-no-amata.a624292\/\" class=\"lsm-link\" data-type=\"article\" data-id=\"624292\" rel=\"nofollow noopener\" target=\"_blank\">Jermaka atk\u0101p\u0161anos <\/a>aptauj\u0101tie Ukrainas iedz\u012bvot\u0101ji nor\u0101d\u012bja, ka t\u0101 ir likumsakar\u012bga r\u012bc\u012bba.<\/p>\n<p>&#8220;Nav nek\u0101das uztic\u012bbas \u0161im cilv\u0113kam. Kas notiek frontes l\u012bnij\u0101s, k\u0101da korupcija notiek valst\u012b visos vald\u012bbas l\u012bme\u0146os!&#8221; teica Kijivas iedz\u012bvot\u0101js\u00a0Henadijs. &#8220;Un kas vi\u0146\u0161 ir? Nav nekas zin\u0101ms, no kurienes Jermaks n\u0101ca un ko pirms \u0161\u012b amata dar\u012bja.&#8221;<\/p>\n<p>&#8220;No vienas puses ir labi, ka tiek veikta kaut k\u0101da t\u012br\u012b\u0161ana un tiek izmekl\u0113ti vad\u012bt\u0101ji. Bet no otras \u2013 gr\u016bti jau atrast patiesi efekt\u012bvu vad\u012bt\u0101ju. Jo Ukrain\u0101 \u0161obr\u012bd nav daudz profesion\u0101lu un \u0161im darbam piem\u0113rotu cilv\u0113ku,&#8221; atzina\u00a0Kijivas iedz\u012bvot\u0101ja\u00a0Anastasija.\u00a0<\/p>\n<p>Kam\u0113r tiek mekl\u0113ts Jermaka aizvietot\u0101js prezidenta kancelejas vad\u012b\u0161anai, Ukrainas deleg\u0101cija, kur\u0101 iepriek\u0161 ietilpa ar\u012b Jermaks, devusies uz ASV, lai turpin\u0101tu sarunas par ASV pied\u0101v\u0101to miera pl\u0101nu Krievijas s\u0101kt\u0101 kara izbeig\u0161anai Ukrain\u0101.<\/p>\n<p>KONTEKSTS:<\/p>\n<p>Ukrainas Nacion\u0101lais pretkorupcijas birojs (NABU) un \u012apa\u0161\u0101 pretkorupcijas prokurat\u016bra (SAP) piektdien Kijiv\u0101 vald\u012bbas kvart\u0101l\u0101 veica krat\u012b\u0161anu Jermaka biroj\u0101 un vi\u0146a dz\u012bvesviet\u0101.\u00a0P\u0113d\u0113j\u0101 laik\u0101 Jermaka v\u0101rds gan izskan\u0113jis saist\u012bb\u0101 ar korupcijas skand\u0101lu, kas satricin\u0101jis Ukrainu. L\u012bdz \u0161im gan nav public\u0113ti nek\u0101di pier\u0101d\u012bjumi, ka Jermaks pats b\u016btu iesaist\u012bts korupcij\u0101.\u00a0<\/p>\n<p>54 gadus vecais Jermaks bijis viens no tuv\u0101kajiem Zelenska padomdev\u0113jiem kop\u0161 Krievijas pilna m\u0113roga iebrukuma s\u0101kuma 2022. gada febru\u0101r\u012b. Vi\u0146\u0161 nereti vad\u012bjis Ukrainas deleg\u0101cijas sarun\u0101s ar ASV, Eiropas un Krievijas p\u0101rst\u0101vjiem.\u00a0<\/p>\n<p>                    Valodas k\u013c\u016bda rakst\u0101?<\/p>\n<p class=\"d-none d-md-block\">Iez\u012bm\u0113jiet tekstu un spiediet Ctrl+Enter, lai nos\u016bt\u012btu labojamo teksta fragmentu redaktoram! Par faktu k\u013c\u016bd\u0101m l\u016bdzam zi\u0146ot e-past\u0101 <a href=\"https:\/\/www.lsm.lv\/cdn-cgi\/l\/email-protection\" class=\"__cf_email__\" data-cfemail=\"f5879091949e969c9f94b5998698db9983\" rel=\"nofollow noopener\" target=\"_blank\">[email\u00a0protected]<\/a>.<\/p>\n<p class=\"d-md-none\">Iez\u012bm\u0113jiet tekstu un spiediet uz Zi\u0146ot par k\u013c\u016bdu pogas, lai nos\u016bt\u012btu labojamo teksta fragmentu redaktoram!<\/p>\n<p>\n                    Zi\u0146ot par k\u013c\u016bdu\n                <\/p>\n","protected":false},"excerpt":{"rendered":"Biju\u0161ais Ukrainas prezidenta Volodimira Zelenska biroja vad\u012bt\u0101js Andrijs Jermaks p\u0113c atl\u016bguma iesnieg\u0161anas pazi\u0146ojis, ka dosies uz fronti. To&hellip;\n","protected":false},"author":2,"featured_media":61532,"comment_status":"","ping_status":"","sticky":false,"template":"","format":"standard","meta":{"footnotes":""},"categories":[14],"tags":[23,57,28,29,32,33,22,30,31,35,39,38,36,37,34,40,20,26,27,24,25,54,55,56,21,58],"class_list":{"0":"post-61531","1":"post","2":"type-post","3":"status-publish","4":"format-standard","5":"has-post-thumbnail","7":"category-zinas-no-arvalstim","8":"tag-aktualitates","9":"tag-arvalstim","10":"tag-breaking-news","11":"tag-breakingnews","12":"tag-featured-news","13":"tag-featurednews","14":"tag-headlines","15":"tag-latest-news","16":"tag-latestnews","17":"tag-latvia","18":"tag-latvian","19":"tag-latviesu","20":"tag-latviesu-valoda","21":"tag-latviesuvaloda","22":"tag-latvija","23":"tag-lv","24":"tag-news","25":"tag-popularakas-zinas","26":"tag-popularakaszinas","27":"tag-top-stories","28":"tag-topstories","29":"tag-world","30":"tag-world-news","31":"tag-worldnews","32":"tag-zinas","33":"tag-zinas-no-arvalstim"},"share_on_mastodon":{"url":"https:\/\/pubeurope.com\/@lv\/115635038651671947","error":""},"_links":{"self":[{"href":"https:\/\/www.europesays.com\/lv\/wp-json\/wp\/v2\/posts\/61531","targetHints":{"allow":["GET"]}}],"collection":[{"href":"https:\/\/www.europesays.com\/lv\/wp-json\/wp\/v2\/posts"}],"about":[{"href":"https:\/\/www.europesays.com\/lv\/wp-json\/wp\/v2\/types\/post"}],"author":[{"embeddable":true,"href":"https:\/\/www.europesays.com\/lv\/wp-json\/wp\/v2\/users\/2"}],"replies":[{"embeddable":true,"href":"https:\/\/www.europesays.com\/lv\/wp-json\/wp\/v2\/comments?post=61531"}],"version-history":[{"count":0,"href":"https:\/\/www.europesays.com\/lv\/wp-json\/wp\/v2\/posts\/61531\/revisions"}],"wp:featuredmedia":[{"embeddable":true,"href":"https:\/\/www.europesays.com\/lv\/wp-json\/wp\/v2\/media\/61532"}],"wp:attachment":[{"href":"https:\/\/www.europesays.com\/lv\/wp-json\/wp\/v2\/media?parent=61531"}],"wp:term":[{"taxonomy":"category","embeddable":true,"href":"https:\/\/www.europesays.com\/lv\/wp-json\/wp\/v2\/categories?post=61531"},{"taxonomy":"post_tag","embeddable":true,"href":"https:\/\/www.europesays.com\/lv\/wp-json\/wp\/v2\/tags?post=61531"}],"curies":[{"name":"wp","href":"https:\/\/api.w.org\/{rel}","templated":true}]}}