{"id":61551,"date":"2025-11-29T22:24:09","date_gmt":"2025-11-29T22:24:09","guid":{"rendered":"https:\/\/www.europesays.com\/lv\/61551\/"},"modified":"2025-11-29T22:24:09","modified_gmt":"2025-11-29T22:24:09","slug":"izradas-viens-pats-majas-scenarijs-atrodams-ari-realaja-dzive","status":"publish","type":"post","link":"https:\/\/www.europesays.com\/lv\/61551\/","title":{"rendered":"Izr\u0101d\u0101s, &#8220;Viens pats m\u0101j\u0101s&#8221; scen\u0101rijs atrodams ar\u012b re\u0101laj\u0101 dz\u012bv\u0113"},"content":{"rendered":"<p>Nav aiz kalniem vairs Ziemassv\u0113tku laiks, par ko liecina jau kop\u0161 oktobra veikalos izst\u0101d\u012bt\u0101s egl\u012b\u0161u bumbas, apzelt\u012bti zvani\u0146i, plastmasas e\u0146\u0123e\u013ci un egl\u012b\u0161u lampi\u0146u virtenes. Tikm\u0113r telev\u012bzija, k\u0101 ik gadu, gatavojas p\u0101rraid\u012bt filmu \u201cViens pats m\u0101j\u0101s\u201d, jo, zin\u0101ms, citas Ziemassv\u0113tku filmas pasaul\u0113 neeksist\u0113. Lai nu k\u0101, interesants fakts: izr\u0101d\u0101s, v\u0113stur\u0113 eksist\u0113 precedents \u2013 gad\u012bjums, kad filma, t\u0101 sakot, nokop\u0113ta dz\u012bv\u0113.<\/p>\n","protected":false},"excerpt":{"rendered":"Nav aiz kalniem vairs Ziemassv\u0113tku laiks, par ko liecina jau kop\u0161 oktobra veikalos izst\u0101d\u012bt\u0101s egl\u012b\u0161u bumbas, apzelt\u012bti zvani\u0146i,&hellip;\n","protected":false},"author":2,"featured_media":61552,"comment_status":"","ping_status":"","sticky":false,"template":"","format":"standard","meta":{"footnotes":""},"categories":[19],"tags":[292,521,89,90,35,39,38,36,37,34,40,295,297,293],"class_list":{"0":"post-61551","1":"post","2":"type-post","3":"status-publish","4":"format-standard","5":"has-post-thumbnail","7":"category-izklaide","8":"tag-asv","9":"tag-berni","10":"tag-entertainment","11":"tag-izklaide","12":"tag-latvia","13":"tag-latvian","14":"tag-latviesu","15":"tag-latviesu-valoda","16":"tag-latviesuvaloda","17":"tag-latvija","18":"tag-lv","19":"tag-noziegums","20":"tag-tvnet-planeta","21":"tag-vesture"},"share_on_mastodon":{"url":"https:\/\/pubeurope.com\/@lv\/115635333623471484","error":""},"_links":{"self":[{"href":"https:\/\/www.europesays.com\/lv\/wp-json\/wp\/v2\/posts\/61551","targetHints":{"allow":["GET"]}}],"collection":[{"href":"https:\/\/www.europesays.com\/lv\/wp-json\/wp\/v2\/posts"}],"about":[{"href":"https:\/\/www.europesays.com\/lv\/wp-json\/wp\/v2\/types\/post"}],"author":[{"embeddable":true,"href":"https:\/\/www.europesays.com\/lv\/wp-json\/wp\/v2\/users\/2"}],"replies":[{"embeddable":true,"href":"https:\/\/www.europesays.com\/lv\/wp-json\/wp\/v2\/comments?post=61551"}],"version-history":[{"count":0,"href":"https:\/\/www.europesays.com\/lv\/wp-json\/wp\/v2\/posts\/61551\/revisions"}],"wp:featuredmedia":[{"embeddable":true,"href":"https:\/\/www.europesays.com\/lv\/wp-json\/wp\/v2\/media\/61552"}],"wp:attachment":[{"href":"https:\/\/www.europesays.com\/lv\/wp-json\/wp\/v2\/media?parent=61551"}],"wp:term":[{"taxonomy":"category","embeddable":true,"href":"https:\/\/www.europesays.com\/lv\/wp-json\/wp\/v2\/categories?post=61551"},{"taxonomy":"post_tag","embeddable":true,"href":"https:\/\/www.europesays.com\/lv\/wp-json\/wp\/v2\/tags?post=61551"}],"curies":[{"name":"wp","href":"https:\/\/api.w.org\/{rel}","templated":true}]}}