{"id":61566,"date":"2025-11-29T22:53:16","date_gmt":"2025-11-29T22:53:16","guid":{"rendered":"https:\/\/www.europesays.com\/lv\/61566\/"},"modified":"2025-11-29T22:53:16","modified_gmt":"2025-11-29T22:53:16","slug":"niklavs-kurpnieks-ar-sievu-lolitu-kluvusi-par-vecakiem-savam-pirmdzimtajam","status":"publish","type":"post","link":"https:\/\/www.europesays.com\/lv\/61566\/","title":{"rendered":"Nikl\u0101vs Kurpnieks ar sievu Lolitu k\u013cuvu\u0161i par vec\u0101kiem savam pirmdzimtajam"},"content":{"rendered":"<p>Aktieru p\u0101ris Nikl\u0101vs un Lolita Kurpniece pav\u0113st\u012bju\u0161i priec\u012bgu zi\u0146u: \u0123imen\u0113 nu ir par vienu Kurpnieku vair\u0101k!<\/p>\n<p>Soct\u012bklos abi dal\u012bju\u0161ies ar sirsn\u012bg\u0101m fotogr\u0101fij\u0101m. Vien\u0101 redzams Lolitas gr\u016btnieces v\u0113deri\u0146\u0161, ko maigi ap\u0137\u0113ris Nikl\u0101vs, bet n\u0101kamaj\u0101 \u2013 jau skaist\u0101kais turpin\u0101jums: mazulis ir kl\u0101t. Fotogr\u0101fij\u0101 redzamas z\u012bdai\u0146a m\u012bl\u012bg\u0101s k\u0101ji\u0146as vilnas ze\u0137\u012bt\u0113s l\u012bdz\u0101s \u0123imenes m\u012blulim.<\/p>\n<p>Noprotams, ka pasaul\u0113 n\u0101cis d\u0113ls. Lolita pievienojusi inici\u0101\u013cus \u2013 N. K, mazulim doto v\u0101rdu paturot nosl\u0113pum\u0101. <\/p>\n<p>Nikl\u0101vs un Lolita ir kop\u0101 kop\u0161 2021. gada. 2022. gad\u0101 p\u0101ris saderin\u0101j\u0101s, bet laul\u012bbas ost\u0101 iest\u016br\u0113ja 2023. gada vasar\u0101.<\/p>\n<p>Lai gan Kurpnieks par savu priv\u0101to dz\u012bvi parasti ir attur\u012bgs, ar \u0161o \u012bpa\u0161o dz\u012bves notikumu dal\u012bties ar\u012b publiski.<\/p>\n<p>Koment\u0101ru sada\u013c\u0101 pulka Nikl\u0101va un Lolitas draugu un pazi\u0146u jau steidz apsveikt jaunos vec\u0101kus ar skaisto notikumu!<\/p>\n<p><\/p>\n<p><img decoding=\"async\" src=\"https:\/\/www.europesays.com\/lv\/wp-content\/uploads\/2025\/11\/64bea96894bb90a53abd7d585045f661.png\" title=\"lolitakurpniece and niklavs_\/Instagram\" alt=\"lolitakurpniece and niklavs_\/Instagram\"\/><\/p>\n<p class=\"article-img-desc\">lolitakurpniece and niklavs_\/Instagram<\/p>\n","protected":false},"excerpt":{"rendered":"Aktieru p\u0101ris Nikl\u0101vs un Lolita Kurpniece pav\u0113st\u012bju\u0161i priec\u012bgu zi\u0146u: \u0123imen\u0113 nu ir par vienu Kurpnieku vair\u0101k! Soct\u012bklos abi&hellip;\n","protected":false},"author":2,"featured_media":61567,"comment_status":"","ping_status":"","sticky":false,"template":"","format":"standard","meta":{"footnotes":""},"categories":[5],"tags":[129,3865,16214,23,28,29,32,33,22,30,31,35,39,38,36,37,34,40,20,26,27,3866,16215,3867,16216,24,25,21],"class_list":{"0":"post-61566","1":"post","2":"type-post","3":"status-publish","4":"format-standard","5":"has-post-thumbnail","7":"category-aktualitates","8":"tag-__typenameadvicekeyword","9":"tag-id1195","10":"tag-id1524","11":"tag-aktualitates","12":"tag-breaking-news","13":"tag-breakingnews","14":"tag-featured-news","15":"tag-featurednews","16":"tag-headlines","17":"tag-latest-news","18":"tag-latestnews","19":"tag-latvia","20":"tag-latvian","21":"tag-latviesu","22":"tag-latviesu-valoda","23":"tag-latviesuvaloda","24":"tag-latvija","25":"tag-lv","26":"tag-news","27":"tag-popularakas-zinas","28":"tag-popularakaszinas","29":"tag-sluggimene","30":"tag-slugniklavs-kurpnieks","31":"tag-titlegimene","32":"tag-titleniklavs-kurpnieks","33":"tag-top-stories","34":"tag-topstories","35":"tag-zinas"},"share_on_mastodon":{"url":"https:\/\/pubeurope.com\/@lv\/115635447685061626","error":""},"_links":{"self":[{"href":"https:\/\/www.europesays.com\/lv\/wp-json\/wp\/v2\/posts\/61566","targetHints":{"allow":["GET"]}}],"collection":[{"href":"https:\/\/www.europesays.com\/lv\/wp-json\/wp\/v2\/posts"}],"about":[{"href":"https:\/\/www.europesays.com\/lv\/wp-json\/wp\/v2\/types\/post"}],"author":[{"embeddable":true,"href":"https:\/\/www.europesays.com\/lv\/wp-json\/wp\/v2\/users\/2"}],"replies":[{"embeddable":true,"href":"https:\/\/www.europesays.com\/lv\/wp-json\/wp\/v2\/comments?post=61566"}],"version-history":[{"count":0,"href":"https:\/\/www.europesays.com\/lv\/wp-json\/wp\/v2\/posts\/61566\/revisions"}],"wp:featuredmedia":[{"embeddable":true,"href":"https:\/\/www.europesays.com\/lv\/wp-json\/wp\/v2\/media\/61567"}],"wp:attachment":[{"href":"https:\/\/www.europesays.com\/lv\/wp-json\/wp\/v2\/media?parent=61566"}],"wp:term":[{"taxonomy":"category","embeddable":true,"href":"https:\/\/www.europesays.com\/lv\/wp-json\/wp\/v2\/categories?post=61566"},{"taxonomy":"post_tag","embeddable":true,"href":"https:\/\/www.europesays.com\/lv\/wp-json\/wp\/v2\/tags?post=61566"}],"curies":[{"name":"wp","href":"https:\/\/api.w.org\/{rel}","templated":true}]}}