{"id":61570,"date":"2025-11-29T22:59:14","date_gmt":"2025-11-29T22:59:14","guid":{"rendered":"https:\/\/www.europesays.com\/lv\/61570\/"},"modified":"2025-11-29T22:59:14","modified_gmt":"2025-11-29T22:59:14","slug":"video-%e2%9f%a9-sogad-jau-otro-reizi-testu-laika-eksplodejusi-putina-jaunaka-kodolrakete","status":"publish","type":"post","link":"https:\/\/www.europesays.com\/lv\/61570\/","title":{"rendered":"VIDEO \u27e9 \u0160ogad jau otro reizi testu laik\u0101 eksplod\u0113jusi Putina jaun\u0101k\u0101 kodolra\u0137ete"},"content":{"rendered":"<p>Spr\u0101dziens strat\u0113\u0123isko ra\u0137e\u0161u sp\u0113ku b\u0101z\u0113 Jasnaja pils\u0113t\u0101 Orenburgas apgabal\u0101, kas notika piektdienas p\u0113cpusdien\u0101, bija neveiksm\u012bgu jaun\u0101k\u0101s kodolra\u0137etes \u201cSarmat\u201d izm\u0113\u0123in\u0101jumu rezult\u0101ts, uzskata milit\u0101rie eksperti. Acu liecinieku uz\u0146emt\u0101 video ierakst\u0101 redzams, k\u0101 ra\u0137ete izlidoja no \u0161ahtas, pac\u0113l\u0101s gais\u0101, p\u0113c tam s\u0101ka sl\u012bd\u0113t, aizdeg\u0101s un nokrita, sadaloties gabalos un atst\u0101jot aiz sevis milz\u012bgu s\u0113\u0146veida m\u0101koni oran\u017e\u0101 un violet\u0101 kr\u0101s\u0101, v\u0113sta medijs \u201cThe Moscow Times\u201d.<\/p>\n","protected":false},"excerpt":{"rendered":"Spr\u0101dziens strat\u0113\u0123isko ra\u0137e\u0161u sp\u0113ku b\u0101z\u0113 Jasnaja pils\u0113t\u0101 Orenburgas apgabal\u0101, kas notika piektdienas p\u0113cpusdien\u0101, bija neveiksm\u012bgu jaun\u0101k\u0101s kodolra\u0137etes \u201cSarmat\u201d&hellip;\n","protected":false},"author":2,"featured_media":61571,"comment_status":"","ping_status":"","sticky":false,"template":"","format":"standard","meta":{"footnotes":""},"categories":[5],"tags":[23,28,29,9482,32,33,22,9483,234,74,30,31,35,39,38,36,37,34,40,20,26,27,5356,24,25,2238,21],"class_list":{"0":"post-61570","1":"post","2":"type-post","3":"status-publish","4":"format-standard","5":"has-post-thumbnail","7":"category-aktualitates","8":"tag-aktualitates","9":"tag-breaking-news","10":"tag-breakingnews","11":"tag-brunojums","12":"tag-featured-news","13":"tag-featurednews","14":"tag-headlines","15":"tag-kodolieroci","16":"tag-krievija","17":"tag-krievijas-iebrukums-ukraina","18":"tag-latest-news","19":"tag-latestnews","20":"tag-latvia","21":"tag-latvian","22":"tag-latviesu","23":"tag-latviesu-valoda","24":"tag-latviesuvaloda","25":"tag-latvija","26":"tag-lv","27":"tag-news","28":"tag-popularakas-zinas","29":"tag-popularakaszinas","30":"tag-raketes","31":"tag-top-stories","32":"tag-topstories","33":"tag-tvnet-arvalstis","34":"tag-zinas"},"share_on_mastodon":{"url":"https:\/\/pubeurope.com\/@lv\/115635471188039339","error":""},"_links":{"self":[{"href":"https:\/\/www.europesays.com\/lv\/wp-json\/wp\/v2\/posts\/61570","targetHints":{"allow":["GET"]}}],"collection":[{"href":"https:\/\/www.europesays.com\/lv\/wp-json\/wp\/v2\/posts"}],"about":[{"href":"https:\/\/www.europesays.com\/lv\/wp-json\/wp\/v2\/types\/post"}],"author":[{"embeddable":true,"href":"https:\/\/www.europesays.com\/lv\/wp-json\/wp\/v2\/users\/2"}],"replies":[{"embeddable":true,"href":"https:\/\/www.europesays.com\/lv\/wp-json\/wp\/v2\/comments?post=61570"}],"version-history":[{"count":0,"href":"https:\/\/www.europesays.com\/lv\/wp-json\/wp\/v2\/posts\/61570\/revisions"}],"wp:featuredmedia":[{"embeddable":true,"href":"https:\/\/www.europesays.com\/lv\/wp-json\/wp\/v2\/media\/61571"}],"wp:attachment":[{"href":"https:\/\/www.europesays.com\/lv\/wp-json\/wp\/v2\/media?parent=61570"}],"wp:term":[{"taxonomy":"category","embeddable":true,"href":"https:\/\/www.europesays.com\/lv\/wp-json\/wp\/v2\/categories?post=61570"},{"taxonomy":"post_tag","embeddable":true,"href":"https:\/\/www.europesays.com\/lv\/wp-json\/wp\/v2\/tags?post=61570"}],"curies":[{"name":"wp","href":"https:\/\/api.w.org\/{rel}","templated":true}]}}