{"id":61577,"date":"2025-11-29T23:17:14","date_gmt":"2025-11-29T23:17:14","guid":{"rendered":"https:\/\/www.europesays.com\/lv\/61577\/"},"modified":"2025-11-29T23:17:14","modified_gmt":"2025-11-29T23:17:14","slug":"krievijas-solijumi-tuksa-skana-ukraina-par-mieru-bet-ne-par-katru-cenu-lente-lv","status":"publish","type":"post","link":"https:\/\/www.europesays.com\/lv\/61577\/","title":{"rendered":"Krievijas sol\u012bjumi \u2013 tuk\u0161a ska\u0146a? Ukraina par mieru, bet ne par katru cenu\u00a0\u2014\u00a0Lente.lv"},"content":{"rendered":"<p>Ukrainas cer\u012bbas uz mieru pret realit\u0101ti: sol\u012bjumu v\u0113rt\u012bba un cenu jaut\u0101jums<\/p>\n<p>Krievijas agresija Ukrain\u0101 turpin\u0101s, un ar to saist\u012bt\u0101s cer\u012bbas uz mieru aizvien bie\u017e\u0101k saskaras ar skarbo realit\u0101ti \u2013 Krievija savus sol\u012bjumus un vieno\u0161an\u0101s bie\u017ei vien neiev\u0113ro. \u0160o nost\u0101ju telev\u012bzijas kan\u0101la TV3 raid\u012bjum\u0101 uzsv\u0113ru\u0161i ukrai\u0146u p\u0101rst\u0101vji, pau\u017eot, ka miers ir v\u0113lams, ta\u010du ne par jebkuru cenu.<\/p>\n<p>\u0160ausmas, ko neviens nevar paredz\u0113t<\/p>\n<p>Kijivas iedz\u012bvot\u0101js Olehs raid\u012bjum\u0101 dal\u012bjies sav\u0101s p\u0101rdom\u0101s, raksturojot pa\u0161reiz\u0113jo situ\u0101ciju k\u0101 neiedom\u0101jamas \u0161ausmas. Vi\u0146\u0161 nor\u0101d\u012bjis, ka neviens nezina, kad kar\u0161 beigsies, ta\u010du ir skaidrs, ka Krievija negras\u0101s to p\u0101rtraukt. &#8220;Cik daudz sarunu ir biju\u0161as, cik daudz t\u0101 saukt\u0101s uguns p\u0101rtrauk\u0161anas, krievi neko neiev\u0113ro, redzam to, ko redzam,&#8221; vi\u0146\u0161 sac\u012bjis, uzsverot agresorvalsts agres\u012bvo r\u012bc\u012bbu.<\/p>\n<p>Sol\u012bjumu tuk\u0161ums: v\u0113stures m\u0101c\u012bba<\/p>\n<p>Krievijas sol\u012bjumu neiev\u0113ro\u0161ana nav jauna par\u0101d\u012bba. V\u0113sturiski ir biju\u0161i vair\u0101ki gad\u012bjumi, kad Krievija nav tur\u0113jusi dotos v\u0101rdus, t\u0101d\u0113j\u0101di radot neuztic\u012bbu un dzi\u013cu vil\u0161anos. Piem\u0113ram, 2022. gada mart\u0101 Krievijas izsludin\u0101tais &#8220;klusuma re\u017e\u012bms&#8221; Ukrain\u0101 izr\u0101d\u012bjies tuk\u0161s sol\u012bjums, nenovedot pie miera sarun\u0101m. Pat pied\u0101v\u0101tie miera pl\u0101ni, piem\u0113ram, ASV izstr\u0101d\u0101tais 28 punktu pl\u0101ns, s\u0101kotn\u0113j\u0101 versij\u0101 tika piel\u012bdzin\u0101ts Kijivas kapitul\u0101cijai, jo tas ietv\u0113ra Krievijas maksim\u0101l\u0101s pras\u012bbas. Lai gan v\u0113l\u0101k tika pan\u0101ktas izmai\u0146as, kas atspogu\u013coja Ukrainas priorit\u0101tes, joproj\u0101m past\u0101v ba\u017eas par gal\u012bg\u0101 dokumenta izstr\u0101di un iev\u0113ro\u0161anu.<\/p>\n<p>Miers \u2013 v\u0113lamais, bet ne par katru cenu<\/p>\n<p>Ukrainas sabiedr\u012bba kopum\u0101 v\u0113las mieru, ta\u010du ne par jebkuru cenu. Aptaujas liecina, ka liel\u0101k\u0101 da\u013ca ukrai\u0146u ir gatavi atbalst\u012bt miera pl\u0101nus, kas ietver konflikta iesald\u0113\u0161anu pa pa\u0161reiz\u0113jo frontes l\u012bniju, juridiski neatz\u012bstot okup\u0113t\u0101s teritorijas par Krievijas da\u013cu un nodro\u0161inot dro\u0161\u012bbas garantijas Ukrainai. Tom\u0113r \u013coti maz tic, ka Krievija piln\u012bb\u0101 p\u0101rtrauks uzbrukumus. Ukrainas p\u0101rst\u0101vji uzsver, ka miers nedr\u012bkst\u0113tu noz\u012bm\u0113t atteik\u0161anos no suverenit\u0101tes, teritori\u0101l\u0101s integrit\u0101tes vai Eiropas un NATO integr\u0101cijas.<\/p>\n<p>Netic\u012bba un gatav\u012bba c\u012bn\u012bties<\/p>\n<p>\u0160\u012b piesardz\u012bba un skepse pret Krievijas sol\u012bjumiem ir dzi\u013ci sak\u0146ota pieredz\u0113. Pat ja ASV p\u0101rtrauktu atbalstu, daudzi ukrai\u0146i uzskata, ka ir j\u0101turpina pretoties Krievijas agresijai ar Eiropas pal\u012bdz\u012bbu. Vi\u0146i tic, ka ar pietiekamiem iero\u010diem, finansi\u0101lu atbalstu un efekt\u012bvu sankciju spiedienu pret Krieviju, Ukraina var\u0113tu uzvar\u0113t. \u0160\u012b ap\u0146\u0113m\u012bba un gatav\u012bba c\u012bn\u012bties par savu zemi un br\u012bv\u012bbu ir sp\u0113c\u012bgs pretarguments jebk\u0101d\u0101m il\u016bzij\u0101m par vieglu vai kompromisa pilnu mieru ar agresoru.<\/p>\n","protected":false},"excerpt":{"rendered":"Ukrainas cer\u012bbas uz mieru pret realit\u0101ti: sol\u012bjumu v\u0113rt\u012bba un cenu jaut\u0101jums Krievijas agresija Ukrain\u0101 turpin\u0101s, un ar to&hellip;\n","protected":false},"author":2,"featured_media":61578,"comment_status":"","ping_status":"","sticky":false,"template":"","format":"standard","meta":{"footnotes":""},"categories":[5],"tags":[23,28,29,32,33,22,3131,234,30,31,35,39,38,36,37,34,40,15950,20,26,27,24,25,267,276,21],"class_list":{"0":"post-61577","1":"post","2":"type-post","3":"status-publish","4":"format-standard","5":"has-post-thumbnail","7":"category-aktualitates","8":"tag-aktualitates","9":"tag-breaking-news","10":"tag-breakingnews","11":"tag-featured-news","12":"tag-featurednews","13":"tag-headlines","14":"tag-kars","15":"tag-krievija","16":"tag-latest-news","17":"tag-latestnews","18":"tag-latvia","19":"tag-latvian","20":"tag-latviesu","21":"tag-latviesu-valoda","22":"tag-latviesuvaloda","23":"tag-latvija","24":"tag-lv","25":"tag-miers","26":"tag-news","27":"tag-popularakas-zinas","28":"tag-popularakaszinas","29":"tag-top-stories","30":"tag-topstories","31":"tag-tv3","32":"tag-ukraina","33":"tag-zinas"},"share_on_mastodon":{"url":"https:\/\/pubeurope.com\/@lv\/115635541970887149","error":""},"_links":{"self":[{"href":"https:\/\/www.europesays.com\/lv\/wp-json\/wp\/v2\/posts\/61577","targetHints":{"allow":["GET"]}}],"collection":[{"href":"https:\/\/www.europesays.com\/lv\/wp-json\/wp\/v2\/posts"}],"about":[{"href":"https:\/\/www.europesays.com\/lv\/wp-json\/wp\/v2\/types\/post"}],"author":[{"embeddable":true,"href":"https:\/\/www.europesays.com\/lv\/wp-json\/wp\/v2\/users\/2"}],"replies":[{"embeddable":true,"href":"https:\/\/www.europesays.com\/lv\/wp-json\/wp\/v2\/comments?post=61577"}],"version-history":[{"count":0,"href":"https:\/\/www.europesays.com\/lv\/wp-json\/wp\/v2\/posts\/61577\/revisions"}],"wp:featuredmedia":[{"embeddable":true,"href":"https:\/\/www.europesays.com\/lv\/wp-json\/wp\/v2\/media\/61578"}],"wp:attachment":[{"href":"https:\/\/www.europesays.com\/lv\/wp-json\/wp\/v2\/media?parent=61577"}],"wp:term":[{"taxonomy":"category","embeddable":true,"href":"https:\/\/www.europesays.com\/lv\/wp-json\/wp\/v2\/categories?post=61577"},{"taxonomy":"post_tag","embeddable":true,"href":"https:\/\/www.europesays.com\/lv\/wp-json\/wp\/v2\/tags?post=61577"}],"curies":[{"name":"wp","href":"https:\/\/api.w.org\/{rel}","templated":true}]}}