{"id":61579,"date":"2025-11-29T23:22:10","date_gmt":"2025-11-29T23:22:10","guid":{"rendered":"https:\/\/www.europesays.com\/lv\/61579\/"},"modified":"2025-11-29T23:22:10","modified_gmt":"2025-11-29T23:22:10","slug":"vai-bite-latvija-automatiski-piesledz-pakalpojumus-klientiem-ptac-sak-parbaudi","status":"publish","type":"post","link":"https:\/\/www.europesays.com\/lv\/61579\/","title":{"rendered":"Vai &#8220;Bite Latvija&#8221; autom\u0101tiski piesl\u0113dz pakalpojumus klientiem? PTAC s\u0101k p\u0101rbaudi"},"content":{"rendered":"<p>PTAC inform\u0113, ka pat\u0113r\u0113t\u0101jiem j\u0101seko l\u012bdzi turpm\u0101kajai inform\u0101cijai PTAC m\u0101jaslap\u0101 vai soci\u0101lo mediju kontos, kur PTAC inform\u0113s pat\u0113r\u0113t\u0101jus par izv\u0113rt\u0113\u0161anas rezult\u0101tiem.<\/p>\n<p>&#8220;Bite Latvija&#8221; kopienas vad\u012bt\u0101ja un darba dev\u0113ja t\u0113la vad\u012bt\u0101ja Una Ahuna-Ozola nor\u0101da, ka l\u012bdz \u0161im br\u012bdim &#8220;Bite Latvija&#8221; nav sa\u0146\u0113musi no PTAC ofici\u0101lu piepras\u012bjumu, kur\u0101 iest\u0101de l\u016bgtu skaidrot &#8220;Bite pamatkomplekta&#8221; b\u016bt\u012bbu. Publiski izskan\u0113ju\u0161ais PTAC apgalvojums esot s\u0101kotn\u0113jais viedoklis, kam &#8220;Bite Latvija&#8221; nepiekr\u012bt.<\/p>\n<p>Vi\u0146a min, ka &#8220;Bite pamatkomplekts&#8221;, ko &#8220;Bite Latvija&#8221; ievie\u0161 no 2026. gada 1. janv\u0101ra, ir administr\u0113\u0161anas un apkalpo\u0161anas pakalpojumu kopums, kas apvieno vair\u0101kus pakalpojumus klientu \u0113rt\u012bbai, no\u0146emot daudzas atsevi\u0161\u0137as maksas un nodro\u0161inot paredzamu cenu &#8211; 1,98 eiro m\u0113nes\u012b. Komplekt\u0101 ietilpstot kr\u0101pniecisko zvanu blo\u0137\u0113\u0161ana, SIM kartes mai\u0146a, l\u012bgumu p\u0101rre\u0123istr\u0113\u0161ana, zvani uz klientu centru un tehnisk\u0101 pal\u012bdz\u012bba, optisk\u0101 interneta adreses mai\u0146a, pakalpojuma sl\u0113g\u0161ana uz laiku un citi pakalpojumi, kas iepriek\u0161 atsevi\u0161\u0137i esot var\u0113ju\u0161i izmaks\u0101t l\u012bdz pat 25 eiro.<\/p>\n<p>Jau zi\u0146ots, ka &#8220;Bite Latvija&#8221; pag\u0101ju\u0161aj\u0101 gad\u0101 str\u0101d\u0101ja ar 183,75 miljonu eiro apgroz\u012bjumu, kas ir par 12,5% vair\u0101k nek\u0101 2023. gad\u0101, savuk\u0101rt uz\u0146\u0113muma pe\u013c\u0146a pieauga par 1% un bija 33,712 miljoni eiro.<\/p>\n<p>Komp\u0101nija re\u0123istr\u0113ta 2005. gad\u0101, un t\u0101s pamatkapit\u0101ls ir 44 miljoni eiro. &#8220;Bite Latvija&#8221; vien\u012bgais \u012bpa\u0161nieks ir Lietuvas &#8220;Bite group&#8221;, kas pieder glob\u0101lam akt\u012bvu p\u0101rvald\u012b\u0161anas uz\u0146\u0113mumam &#8220;Providence Equity Partners&#8221;.<\/p>\n","protected":false},"excerpt":{"rendered":"PTAC inform\u0113, ka pat\u0113r\u0113t\u0101jiem j\u0101seko l\u012bdzi turpm\u0101kajai inform\u0101cijai PTAC m\u0101jaslap\u0101 vai soci\u0101lo mediju kontos, kur PTAC inform\u0113s pat\u0113r\u0113t\u0101jus&hellip;\n","protected":false},"author":2,"featured_media":61580,"comment_status":"","ping_status":"","sticky":false,"template":"","format":"standard","meta":{"footnotes":""},"categories":[12],"tags":[23,16220,28,29,32,33,22,30,31,35,39,38,36,37,34,40,1850,20,26,27,4211,3592,24,25,21],"class_list":{"0":"post-61579","1":"post","2":"type-post","3":"status-publish","4":"format-standard","5":"has-post-thumbnail","7":"category-latvija","8":"tag-aktualitates","9":"tag-bite","10":"tag-breaking-news","11":"tag-breakingnews","12":"tag-featured-news","13":"tag-featurednews","14":"tag-headlines","15":"tag-latest-news","16":"tag-latestnews","17":"tag-latvia","18":"tag-latvian","19":"tag-latviesu","20":"tag-latviesu-valoda","21":"tag-latviesuvaloda","22":"tag-latvija","23":"tag-lv","24":"tag-mobilie-sakari","25":"tag-news","26":"tag-popularakas-zinas","27":"tag-popularakaszinas","28":"tag-ptac","29":"tag-sakari","30":"tag-top-stories","31":"tag-topstories","32":"tag-zinas"},"share_on_mastodon":{"url":"https:\/\/pubeurope.com\/@lv\/115635561578722513","error":""},"_links":{"self":[{"href":"https:\/\/www.europesays.com\/lv\/wp-json\/wp\/v2\/posts\/61579","targetHints":{"allow":["GET"]}}],"collection":[{"href":"https:\/\/www.europesays.com\/lv\/wp-json\/wp\/v2\/posts"}],"about":[{"href":"https:\/\/www.europesays.com\/lv\/wp-json\/wp\/v2\/types\/post"}],"author":[{"embeddable":true,"href":"https:\/\/www.europesays.com\/lv\/wp-json\/wp\/v2\/users\/2"}],"replies":[{"embeddable":true,"href":"https:\/\/www.europesays.com\/lv\/wp-json\/wp\/v2\/comments?post=61579"}],"version-history":[{"count":0,"href":"https:\/\/www.europesays.com\/lv\/wp-json\/wp\/v2\/posts\/61579\/revisions"}],"wp:featuredmedia":[{"embeddable":true,"href":"https:\/\/www.europesays.com\/lv\/wp-json\/wp\/v2\/media\/61580"}],"wp:attachment":[{"href":"https:\/\/www.europesays.com\/lv\/wp-json\/wp\/v2\/media?parent=61579"}],"wp:term":[{"taxonomy":"category","embeddable":true,"href":"https:\/\/www.europesays.com\/lv\/wp-json\/wp\/v2\/categories?post=61579"},{"taxonomy":"post_tag","embeddable":true,"href":"https:\/\/www.europesays.com\/lv\/wp-json\/wp\/v2\/tags?post=61579"}],"curies":[{"name":"wp","href":"https:\/\/api.w.org\/{rel}","templated":true}]}}