{"id":61583,"date":"2025-11-29T23:32:10","date_gmt":"2025-11-29T23:32:10","guid":{"rendered":"https:\/\/www.europesays.com\/lv\/61583\/"},"modified":"2025-11-29T23:32:10","modified_gmt":"2025-11-29T23:32:10","slug":"tesla-varetu-pacelties-sparnos-lidz-gada-beigam-lente-lv-2","status":"publish","type":"post","link":"https:\/\/www.europesays.com\/lv\/61583\/","title":{"rendered":"Tesla var\u0113tu pacelties sp\u0101rnos l\u012bdz gada beig\u0101m\u00a0\u2014\u00a0Lente.lv"},"content":{"rendered":"<p>Mazs sol\u012bjums, liels \u0161ovs? Maskam jauns pl\u0101ns par lidojo\u0161u Tesla<\/p>\n<p>Ilona Maskam piem\u012bt talants rad\u012bt a\u017eiot\u0101\u017eu, un vi\u0146a jaun\u0101kais izteikums podk\u0101st\u0101 pie D\u017eo Rogana nav iz\u0146\u0113mums. Miljardieris ir devis skaidru m\u0101jienu, ka jau l\u012bdz gada beig\u0101m varam sagaid\u012bt prototipa demonstr\u0101ciju \u2013 nevis vienk\u0101r\u0161i jaunam Tesla modelim, bet gan t\u0101dam, kas sp\u0113j pacelties sp\u0101rnos.<\/p>\n<p>Roadster \u2013 aizkav\u0113t\u0101 debija ar p\u0101rsteigumu<\/p>\n<p>Sarunas gait\u0101 Rogans uzdevis jaut\u0101jumu par ilgi gaid\u012bto Tesla Roadster atjaunoto modeli, kura izn\u0101k\u0161ana tika sol\u012bta jau pirms vair\u0101kiem gadiem. Mask \u0161oreiz neatbild\u0113ja konkr\u0113ti par datumiem, ta\u010du piebilda, ka \u201ckomp\u0101nija ir tuvu prototipa par\u0101d\u012b\u0161anai\u201d, un ar \u012bpa\u0161u uzsv\u0113rt\u012bbu piebilda: \u201cVaru garant\u0113t vienu \u2013 \u0161is r\u0101d\u012bjums b\u016bs neaizmirstams. Neatkar\u012bgi no t\u0101, vai tas b\u016bs labs vai slikts \u2013 bet neaizmirstams.\u201d Tad nu k\u013cuvis skaidrs, ka \u0161oreiz tiek dom\u0101ts kaut kas vair\u0101k nek\u0101 vienk\u0101r\u0161i jaud\u012bgs auto.<\/p>\n<p>Sap\u0146i par debes\u012bm \u2013 no pag\u0101tnes l\u012bdz \u0161odienai<\/p>\n<p>Maskas dom\u0101s par lidojo\u0161iem transportl\u012bdzek\u013ciem nav nekas jauns \u2013 jau 2014. gad\u0101 vi\u0146\u0161 min\u0113ja l\u012bdz\u012bgus pl\u0101nus. Ta\u010du \u0161oreiz atsauce uz biju\u0161o partneri P\u012bteru T\u012blu, kur\u0161 reiz izteicies, ka \u201cn\u0101kotnei bija j\u0101b\u016bt ar lidojo\u0161\u0101m ma\u0161\u012bn\u0101m, bet to joproj\u0101m nav\u201d, ir \u012bpa\u0161i z\u012bm\u012bga. Mask atbild\u0113jis, ka, ja P\u012bters v\u0113las lidma\u0161\u012bnu, tad ir j\u0101rada iesp\u0113ja to ieg\u0101d\u0101ties. V\u0113l\u0101kajos jaut\u0101jumos par izb\u012bd\u0101miem sp\u0101rniem Mask palicis nosl\u0113pumains, vien pasmaidot un nor\u0101dot, ka deta\u013cas tiks atkl\u0101tas tikai \u201cofici\u0101l\u0101 par\u0101d\u0113\u201d, kas, iesp\u0113jams, k\u013c\u016bs par \u201ciev\u0113rojam\u0101ko produktu prezent\u0101ciju v\u0113stur\u0113\u201d. Vi\u0146\u0161 piebildis, ka demonstr\u0101cija cerot notikt v\u0113l \u0161ogad, bet uzsv\u0113ris, ka tas ir tikai \u201ccer\u0113jums\u201d.<\/p>\n<p>Re\u0101lisms pret amb\u012bcij\u0101m: Maskas v\u0113sturiskie sol\u012bjumi<\/p>\n<p>Nav nosl\u0113pums, ka Maskas sol\u012bjumi ne vienm\u0113r piepild\u0101s laic\u012bgi. Piem\u0113ram, transporta sist\u0113ma Hyperloop, kas sol\u012bja p\u0101rvad\u0101t pasa\u017eierus ar 250 km\/h vakuuma tune\u013cos, realit\u0101t\u0113 ir ierobe\u017eota ar \u012bsu tuneli Lasvegas\u0101, kur\u0101 l\u0113n\u0101m p\u0101rvad\u0101 apmekl\u0113t\u0101jus. Ar\u012b autonomais divviet\u012bgais Cybercab, kas tika prezent\u0113ts pirms vair\u0101k nek\u0101 gada, joproj\u0101m palicis tikai koncepta stadij\u0101.<\/p>\n<p>Jaun\u0101 Roadster \u2013 vair\u0101k nek\u0101 vienk\u0101r\u0161i auto<\/p>\n<p>Mask atzinis, ka jaunais Roadster b\u016bs apr\u012bkots ar \u201cnepr\u0101t\u012bg\u0101m tehnolo\u0123ij\u0101m\u201d, kas iepriek\u0161 netika izzi\u0146otas. Vi\u0146\u0161 pat prognoz\u0113, ka \u201cto ir gr\u016bti nosaukt par automa\u0161\u012bnu\u201d, jo tas izskat\u012bsies k\u0101 auto, bet b\u016bs daudz ekstr\u0113m\u0101ks, sal\u012bdzinot to ar visiem D\u017eeimsa Bonda automa\u0161\u012bnu salikumu vien\u0101. \u0160is nov\u0113rojums vedina dom\u0101t, ka Tesla str\u0101d\u0101 pie vertik\u0101l\u0101s pacel\u0161an\u0101s un nos\u0113\u0161an\u0101s (VTOL) transportl\u012bdzek\u013ca, kas vair\u0101k atg\u0101dina kompakta lidapar\u0101tu nek\u0101 tradicion\u0101lu automobili.<\/p>\n<p>Dro\u0161\u012bba un sertifik\u0101cija \u2013 galvenais izaicin\u0101jums<\/p>\n<p>Tom\u0113r galven\u0101 probl\u0113ma jebkura veida \u201clidojo\u0161\u0101m ma\u0161\u012bn\u0101m\u201d paliek nemain\u012bga \u2013 dro\u0161\u012bbas un sertifik\u0101cijas jaut\u0101jumi. Lai lidotu ASV, pilotam nepiecie\u0161ama licence, un pilna autonomija rada papildu izaicin\u0101jumus \u2013 s\u0101kot no gaisa satiksmes koordin\u0101cijas l\u012bdz \u0101rk\u0101rtas situ\u0101ciju vad\u012bbai. Mask pagaid\u0101m nav sniedzis nek\u0101dus tehniskus skaidrojumus par dzin\u0113ju, pacel\u0161an\u0101s sist\u0113mu vai akumulatoriem. Ta\u010du, ja \u0161is sol\u012bjums nepaliks tikai v\u0101rdi, demonstr\u0101cija var\u0113tu k\u013c\u016bt par gada iespaid\u012bg\u0101ko tehnolo\u0123iju notikumu.<\/p>\n","protected":false},"excerpt":{"rendered":"Mazs sol\u012bjums, liels \u0161ovs? Maskam jauns pl\u0101ns par lidojo\u0161u Tesla Ilona Maskam piem\u012bt talants rad\u012bt a\u017eiot\u0101\u017eu, un vi\u0146a&hellip;\n","protected":false},"author":2,"featured_media":61584,"comment_status":"","ping_status":"","sticky":false,"template":"","format":"standard","meta":{"footnotes":""},"categories":[16],"tags":[77,76,16163,35,39,38,36,37,34,16164,40,3353,7378,81],"class_list":{"0":"post-61583","1":"post","2":"type-post","3":"status-publish","4":"format-standard","5":"has-post-thumbnail","7":"category-bizness","8":"tag-bizness","9":"tag-business","10":"tag-ilona-mask","11":"tag-latvia","12":"tag-latvian","13":"tag-latviesu","14":"tag-latviesu-valoda","15":"tag-latviesuvaloda","16":"tag-latvija","17":"tag-lidojosas-automasinas","18":"tag-lv","19":"tag-roadster","20":"tag-tehnologiju-inovacijas","21":"tag-tesla"},"share_on_mastodon":{"url":"https:\/\/pubeurope.com\/@lv\/115635600974393215","error":""},"_links":{"self":[{"href":"https:\/\/www.europesays.com\/lv\/wp-json\/wp\/v2\/posts\/61583","targetHints":{"allow":["GET"]}}],"collection":[{"href":"https:\/\/www.europesays.com\/lv\/wp-json\/wp\/v2\/posts"}],"about":[{"href":"https:\/\/www.europesays.com\/lv\/wp-json\/wp\/v2\/types\/post"}],"author":[{"embeddable":true,"href":"https:\/\/www.europesays.com\/lv\/wp-json\/wp\/v2\/users\/2"}],"replies":[{"embeddable":true,"href":"https:\/\/www.europesays.com\/lv\/wp-json\/wp\/v2\/comments?post=61583"}],"version-history":[{"count":0,"href":"https:\/\/www.europesays.com\/lv\/wp-json\/wp\/v2\/posts\/61583\/revisions"}],"wp:featuredmedia":[{"embeddable":true,"href":"https:\/\/www.europesays.com\/lv\/wp-json\/wp\/v2\/media\/61584"}],"wp:attachment":[{"href":"https:\/\/www.europesays.com\/lv\/wp-json\/wp\/v2\/media?parent=61583"}],"wp:term":[{"taxonomy":"category","embeddable":true,"href":"https:\/\/www.europesays.com\/lv\/wp-json\/wp\/v2\/categories?post=61583"},{"taxonomy":"post_tag","embeddable":true,"href":"https:\/\/www.europesays.com\/lv\/wp-json\/wp\/v2\/tags?post=61583"}],"curies":[{"name":"wp","href":"https:\/\/api.w.org\/{rel}","templated":true}]}}