{"id":61589,"date":"2025-11-29T23:51:13","date_gmt":"2025-11-29T23:51:13","guid":{"rendered":"https:\/\/www.europesays.com\/lv\/61589\/"},"modified":"2025-11-29T23:51:13","modified_gmt":"2025-11-29T23:51:13","slug":"ukraina-istenojusi-triecienus-krievijas-naftas-parstrades-rupnicai-un-tu-95-remonta-ceham","status":"publish","type":"post","link":"https:\/\/www.europesays.com\/lv\/61589\/","title":{"rendered":"Ukraina \u012bstenojusi triecienus Krievijas naftas p\u0101rstr\u0101des r\u016bpn\u012bcai un Tu-95 remonta ceham"},"content":{"rendered":"<p>Ukrainas armija \u012bstenojusi sekm\u012bgus uzbrukumus vair\u0101kiem objektiem Krievij\u0101, tai skait\u0101 naftas p\u0101rstr\u0101des r\u016bpn\u012bcai Krasnodaras novad\u0101, sestdien apstiprin\u0101ja Ukrainas armijas \u0123ener\u0101l\u0161t\u0101bs.<\/p>\n<p>Taganrog\u0101, Krievijas Rostovas apgabal\u0101, Ukrainas sp\u0113ki \u012bstenoja triecienu Berieva v\u0101rd\u0101 nosaukt\u0101 Taganrogas Avi\u0101cijas zin\u0101tniski tehnisk\u0101 kompleksa r\u016bpn\u012bcai, kur tiek moderniz\u0113ti bumbved\u0113ji Tu-95 un lidma\u0161\u012bnas A-50. Ceh\u0101, kur tiek remont\u0113tas Tu-95 lidma\u0161\u012bnas, izc\u0113l\u0101s ugunsgr\u0113ks, liecina s\u0101kotn\u0113j\u0101 inform\u0101cija.<\/p>\n<p class=\"m-0\">Seko &#8220;Delfi&#8221; ar\u012b  <a target=\"_blank\" href=\"https:\/\/www.instagram.com\/delfi.lv\/\" rel=\"nofollow noopener\">Instagram<\/a>  un <a target=\"_blank\" href=\"https:\/\/www.youtube.com\/channel\/UCw5foWtcJvAbUm64rv7jwUQ\" rel=\"nofollow noopener\">YouTube<\/a>  profil\u0101 \u2013 pievienojies, lai uzzin\u0101tu svar\u012bg\u0101ko un interesant\u0101ko pirmais!<\/p>\n<p>Publik\u0101cijas saturs vai t\u0101s jebk\u0101da apjoma da\u013ca ir aizsarg\u0101ts autorties\u012bbu objekts Autorties\u012bbu likuma izpratn\u0113, un t\u0101 izmanto\u0161ana bez izdev\u0113ja at\u013caujas ir aizliegta. Vair\u0101k lasi  <a target=\"_blank\" href=\"https:\/\/www.delfi.lv\/noteikumi#autortiesibas\" rel=\"nofollow noopener\">\u0161eit<\/a><script async src=\"\/\/www.instagram.com\/embed.js\"><\/script><\/p>\n","protected":false},"excerpt":{"rendered":"Ukrainas armija \u012bstenojusi sekm\u012bgus uzbrukumus vair\u0101kiem objektiem Krievij\u0101, tai skait\u0101 naftas p\u0101rstr\u0101des r\u016bpn\u012bcai Krasnodaras novad\u0101, sestdien apstiprin\u0101ja Ukrainas&hellip;\n","protected":false},"author":2,"featured_media":61590,"comment_status":"","ping_status":"","sticky":false,"template":"","format":"standard","meta":{"footnotes":""},"categories":[14],"tags":[23,57,28,29,32,33,22,74,30,31,35,39,38,36,37,34,40,20,26,27,24,25,54,55,56,21,58],"class_list":{"0":"post-61589","1":"post","2":"type-post","3":"status-publish","4":"format-standard","5":"has-post-thumbnail","7":"category-zinas-no-arvalstim","8":"tag-aktualitates","9":"tag-arvalstim","10":"tag-breaking-news","11":"tag-breakingnews","12":"tag-featured-news","13":"tag-featurednews","14":"tag-headlines","15":"tag-krievijas-iebrukums-ukraina","16":"tag-latest-news","17":"tag-latestnews","18":"tag-latvia","19":"tag-latvian","20":"tag-latviesu","21":"tag-latviesu-valoda","22":"tag-latviesuvaloda","23":"tag-latvija","24":"tag-lv","25":"tag-news","26":"tag-popularakas-zinas","27":"tag-popularakaszinas","28":"tag-top-stories","29":"tag-topstories","30":"tag-world","31":"tag-world-news","32":"tag-worldnews","33":"tag-zinas","34":"tag-zinas-no-arvalstim"},"share_on_mastodon":{"url":"https:\/\/pubeurope.com\/@lv\/115635675647782896","error":""},"_links":{"self":[{"href":"https:\/\/www.europesays.com\/lv\/wp-json\/wp\/v2\/posts\/61589","targetHints":{"allow":["GET"]}}],"collection":[{"href":"https:\/\/www.europesays.com\/lv\/wp-json\/wp\/v2\/posts"}],"about":[{"href":"https:\/\/www.europesays.com\/lv\/wp-json\/wp\/v2\/types\/post"}],"author":[{"embeddable":true,"href":"https:\/\/www.europesays.com\/lv\/wp-json\/wp\/v2\/users\/2"}],"replies":[{"embeddable":true,"href":"https:\/\/www.europesays.com\/lv\/wp-json\/wp\/v2\/comments?post=61589"}],"version-history":[{"count":0,"href":"https:\/\/www.europesays.com\/lv\/wp-json\/wp\/v2\/posts\/61589\/revisions"}],"wp:featuredmedia":[{"embeddable":true,"href":"https:\/\/www.europesays.com\/lv\/wp-json\/wp\/v2\/media\/61590"}],"wp:attachment":[{"href":"https:\/\/www.europesays.com\/lv\/wp-json\/wp\/v2\/media?parent=61589"}],"wp:term":[{"taxonomy":"category","embeddable":true,"href":"https:\/\/www.europesays.com\/lv\/wp-json\/wp\/v2\/categories?post=61589"},{"taxonomy":"post_tag","embeddable":true,"href":"https:\/\/www.europesays.com\/lv\/wp-json\/wp\/v2\/tags?post=61589"}],"curies":[{"name":"wp","href":"https:\/\/api.w.org\/{rel}","templated":true}]}}