{"id":61593,"date":"2025-11-30T00:05:08","date_gmt":"2025-11-30T00:05:08","guid":{"rendered":"https:\/\/www.europesays.com\/lv\/61593\/"},"modified":"2025-11-30T00:05:08","modified_gmt":"2025-11-30T00:05:08","slug":"no-prezidentes-preses-sekretares-lidz-kulturas-projektu-iniciatorei-lente-lv","status":"publish","type":"post","link":"https:\/\/www.europesays.com\/lv\/61593\/","title":{"rendered":"no prezidentes preses sekret\u0101res l\u012bdz kult\u016bras projektu iniciatorei\u00a0\u2014\u00a0Lente.lv"},"content":{"rendered":"<p>Ce\u013c\u0161 no preses sekretari\u0101tes l\u012bdz kult\u016bras projektiem: Aivas Rozenbergas dinamisk\u0101 karjera<\/p>\n<p>Novembris, bag\u0101ts ar noz\u012bm\u012bgiem Latvijas notikumiem \u2013 L\u0101\u010dpl\u0113\u0161a dienu, valsts neatkar\u012bbas sv\u0113tkiem un Latvijas Radio jubileju, \u0161ogad \u012bpa\u0161i izce\u013c Aivas Rozenbergas daudzpus\u012bgo karjeru. Raid\u012bjums &#8220;Daudz laimes, jubil\u0101r!&#8221; \u0161\u012b m\u0113ne\u0161a nogal\u0113 aicin\u0101jis sarun\u0101ties Aivu Rozenbergu, cilv\u0113ku, kura dz\u012bve un darbs ir cie\u0161i saist\u012bts ar visiem \u0161iem novembra sv\u0113tkiem. Vi\u0146as ce\u013c\u0161 vijies no rado\u0161a darba Latvijas Radio l\u012bdz pat Valsts prezidentes preses dienesta vad\u012b\u0161anai, un nu vi\u0146a sekm\u012bgi vada noz\u012bm\u012bgus kult\u016bras un sabiedr\u012bbas projektus.<\/p>\n<p>Pirmie so\u013ci un spo\u017e\u0101 karjera Valsts prezident\u016bras pakalpojum\u0101<\/p>\n<p>Aivas Rozenbergas profesion\u0101l\u0101s gaitas aizs\u0101k\u0101s Latvijas Radio zi\u0146u dienest\u0101, kur vi\u0146a str\u0101d\u0101ja k\u0101 \u0101rzemju zi\u0146u redaktore un pat pavad\u012bja \u010detrus m\u0113ne\u0161us Igaunij\u0101 k\u0101 radio korespondente. \u0160\u012b pieredze deva pamatu vi\u0146as t\u0101l\u0101kajai att\u012bst\u012bbai. Tom\u0113r patiesu atzin\u012bbu un izaicin\u0101jumus vi\u0146a guva, k\u013c\u016bstot par Valsts prezidentes Vairas V\u012b\u0137es-Freibergas preses sekret\u0101ri. Abos prezidentes pilnvaru termi\u0146os Aivas darba grafiks valsts sv\u0113tku laik\u0101 bija pl\u0101nots l\u012bdz pat p\u0113d\u0113jai min\u016btei, apliecinot milz\u012bgo atbild\u012bbas saj\u016btu un profesion\u0101lismu. Pat Valsts prezidente, b\u016bdama psiholo\u0123ijas profesore, Aivas patieso talantu un sp\u0113jas strat\u0113\u0123iski vad\u012bt un organiz\u0113t atzina tikai p\u0113c ilg\u0101ka paz\u012b\u0161an\u0101s laika, kas liecina par Rozenbergas iespaid\u012bgo kapacit\u0101ti. \u0160is amats ne tikai veidoja vi\u0146as publisk\u0101s komunik\u0101cijas prasmes, bet ar\u012b \u013c\u0101va dzi\u013c\u0101k izprast valsts reprezent\u0101cijas noz\u012bmi.<\/p>\n<p>No publisk\u0101s t\u0113la veido\u0161anas l\u012bdz v\u0113rien\u012bgiem kult\u016bras projektiem<\/p>\n<p>P\u0113c darba Valsts prezidentes administr\u0101cij\u0101, Rozenberga turpin\u0101ja veidot Latvijas publisko t\u0113lu, ie\u0146emot Latvijas Instit\u016bta direktores amatu. \u0160aj\u0101 lom\u0101 vi\u0146a ieguva pla\u0161\u0101ku pieredzi, str\u0101d\u0101jot pie Latvijas atpaz\u012bstam\u012bbas veicin\u0101\u0161anas starptautisk\u0101 l\u012bmen\u012b. Ta\u010du vi\u0146as ener\u0123ija un organizatorisk\u0101s sp\u0113jas nav aps\u012bku\u0161as. Patlaban Aiva Rozenberga ir piepras\u012bta kult\u016bras un soci\u0101lo projektu vad\u012bt\u0101ja. Vi\u0146a ir akt\u012bvi iesaist\u012bjusies t\u0101d\u0101s noz\u012bm\u012bg\u0101s iniciat\u012bv\u0101s k\u0101 projekts &#8220;Latvie\u0161u gr\u0101matai 500&#8221;, sadarbojoties ar Nacion\u0101lo bibliot\u0113ku, un &#8220;Liel\u0101 talka&#8221;, str\u0101d\u0101jot kop\u0101 ar Vitu Jaunzemi. \u0160ie projekti prasa ne tikai lo\u0123istiku un pl\u0101no\u0161anu, bet ar\u012b sp\u0113ju motiv\u0113t un apvienot pla\u0161as cilv\u0113ku masas kop\u012bgam m\u0113r\u0137im. Rozenbergas maigaizskaro\u0161ais \u0101r\u0113jais veidols un sp\u0113c\u012bgais raksturs veido unik\u0101lu kombin\u0101ciju, kas \u013cauj vi\u0146ai veiksm\u012bgi tikt gal\u0101 ar visliel\u0101kajiem izaicin\u0101jumiem.<\/p>\n<p>Dz\u012bves sv\u0113tki un nep\u0101rtrauktais darba spars<\/p>\n<p>Aiva Rozenberga atkl\u0101j, ka nav liela dzim\u0161anas dienu svin\u0113t\u0101ja. Tas, iesp\u0113jams, saist\u012bts ar vi\u0146as karjeras dinamiku \u2013 gan ie\u0146emot augstus amatus valsts p\u0101rvald\u0113, gan vadot noz\u012bm\u012bgus projektus, vi\u0146as dzim\u0161anas dienas bie\u017ei vien pavad\u012btas darb\u0101, nevis m\u0101j\u0101s. Patlaban, vadot tik apjom\u012bgus projektus k\u0101 &#8220;Latvie\u0161u gr\u0101matai 500&#8221; un &#8220;Lielo talku&#8221;, br\u012bvdienas bie\u017ei vien ir vienas no aiz\u0146emt\u0101kaj\u0101m darba dien\u0101m. Tom\u0113r \u0161is nep\u0101rtrauktais darba spars un nodo\u0161an\u0101s saviem m\u0113r\u0137iem ir tas, kas raksturo Aivu Rozenbergu \u2013 cilv\u0113ku, kur\u0161 ar savu darbu un entuziasmu bag\u0101tina Latvijas kult\u016bras un sabiedrisko dz\u012bvi.<\/p>\n","protected":false},"excerpt":{"rendered":"Ce\u013c\u0161 no preses sekretari\u0101tes l\u012bdz kult\u016bras projektiem: Aivas Rozenbergas dinamisk\u0101 karjera Novembris, bag\u0101ts ar noz\u012bm\u012bgiem Latvijas notikumiem \u2013&hellip;\n","protected":false},"author":2,"featured_media":61594,"comment_status":"","ping_status":"","sticky":false,"template":"","format":"standard","meta":{"footnotes":""},"categories":[5],"tags":[16225,23,28,29,32,33,22,30,31,35,39,38,16226,36,37,34,8574,40,20,26,27,16227,24,25,10308,21],"class_list":{"0":"post-61593","1":"post","2":"type-post","3":"status-publish","4":"format-standard","5":"has-post-thumbnail","7":"category-aktualitates","8":"tag-aiva-rozenberga","9":"tag-aktualitates","10":"tag-breaking-news","11":"tag-breakingnews","12":"tag-featured-news","13":"tag-featurednews","14":"tag-headlines","15":"tag-latest-news","16":"tag-latestnews","17":"tag-latvia","18":"tag-latvian","19":"tag-latviesu","20":"tag-latviesu-gramata-500","21":"tag-latviesu-valoda","22":"tag-latviesuvaloda","23":"tag-latvija","24":"tag-latvijas-radio","25":"tag-lv","26":"tag-news","27":"tag-popularakas-zinas","28":"tag-popularakaszinas","29":"tag-projektu-vaditaja","30":"tag-top-stories","31":"tag-topstories","32":"tag-vaira-vike-freiberga","33":"tag-zinas"},"share_on_mastodon":{"url":"https:\/\/pubeurope.com\/@lv\/115635730832423917","error":""},"_links":{"self":[{"href":"https:\/\/www.europesays.com\/lv\/wp-json\/wp\/v2\/posts\/61593","targetHints":{"allow":["GET"]}}],"collection":[{"href":"https:\/\/www.europesays.com\/lv\/wp-json\/wp\/v2\/posts"}],"about":[{"href":"https:\/\/www.europesays.com\/lv\/wp-json\/wp\/v2\/types\/post"}],"author":[{"embeddable":true,"href":"https:\/\/www.europesays.com\/lv\/wp-json\/wp\/v2\/users\/2"}],"replies":[{"embeddable":true,"href":"https:\/\/www.europesays.com\/lv\/wp-json\/wp\/v2\/comments?post=61593"}],"version-history":[{"count":0,"href":"https:\/\/www.europesays.com\/lv\/wp-json\/wp\/v2\/posts\/61593\/revisions"}],"wp:featuredmedia":[{"embeddable":true,"href":"https:\/\/www.europesays.com\/lv\/wp-json\/wp\/v2\/media\/61594"}],"wp:attachment":[{"href":"https:\/\/www.europesays.com\/lv\/wp-json\/wp\/v2\/media?parent=61593"}],"wp:term":[{"taxonomy":"category","embeddable":true,"href":"https:\/\/www.europesays.com\/lv\/wp-json\/wp\/v2\/categories?post=61593"},{"taxonomy":"post_tag","embeddable":true,"href":"https:\/\/www.europesays.com\/lv\/wp-json\/wp\/v2\/tags?post=61593"}],"curies":[{"name":"wp","href":"https:\/\/api.w.org\/{rel}","templated":true}]}}