{"id":61595,"date":"2025-11-30T00:06:10","date_gmt":"2025-11-30T00:06:10","guid":{"rendered":"https:\/\/www.europesays.com\/lv\/61595\/"},"modified":"2025-11-30T00:06:10","modified_gmt":"2025-11-30T00:06:10","slug":"sub-scriptum-jaunais-videoklips-aicina-baudit-dzivi-seit-un-tagad-gangsteru-estetika-lente-lv","status":"publish","type":"post","link":"https:\/\/www.europesays.com\/lv\/61595\/","title":{"rendered":"\u00abSub Scriptum\u00bb jaunais videoklips aicina baud\u012bt dz\u012bvi \u00ab\u0161eit un tagad\u00bb gangsteru est\u0113tik\u0101\u00a0\u2014\u00a0Lente.lv"},"content":{"rendered":"<p>Jaunais &#8220;Sub Scriptum&#8221; videoklips: Gangsteru est\u0113tika un dz\u012bves filozofija<\/p>\n<p>Latvie\u0161u m\u016bzikas grupa &#8220;Sub Scriptum&#8221; ir laidusi klaj\u0101 savu jaun\u0101ko darbu \u2013 dziesmu un vizu\u0101li iespaid\u012bgu videoklipu ar nosaukumu &#8220;tev, tev, tev, tev&#8221;. \u0160is projekts, kas jau no pirmaj\u0101m sekund\u0113m aizrauj skat\u012bt\u0101ju, ir veidots k\u0101 neliela \u012bsfilma, kur\u0101 j\u016btama 20. gadsimta s\u0101kuma gangsteru kino est\u0113tika. T\u0113rpi, film\u0113\u0161anas maniere un kop\u0113j\u0101 atmosf\u0113ra aicina atskat\u012bties uz pag\u0101ju\u0161\u0101 gadsimta s\u0101kuma kinematogr\u0101fiju, radot gan autentisku, gan \u013coti spilgtu vizu\u0101lo st\u0101st\u012bjumu.<\/p>\n<p>Filmas cien\u012bgs videoklips ar dzi\u013cu v\u0113st\u012bjumu<\/p>\n<p>Videoklips tapis Cinevilla Studio, un t\u0101 re\u017eisors Ritvars Bluka kop\u0101 ar J\u0101ni Sk\u0101bo ir rad\u012bju\u0161i darbu k\u0101 rado\u0161u improviz\u0101cijas procesu. T\u0101 viet\u0101, lai stingri sekotu iepriek\u0161 izstr\u0101d\u0101tam scen\u0101rijam, grupa un veidot\u0101ji \u013c\u0101vu\u0161i st\u0101stam un vizu\u0101lajai valodai veidoties pa\u0161ai uz vietas film\u0113\u0161anas laukum\u0101, eksperiment\u0113jot ar kadriem un kinematogr\u0101fiskajiem pa\u0146\u0113mieniem. Grupa aicina skat\u012bt\u0101jus saglab\u0101t intrigu un noskat\u012bties videoklipu l\u012bdz pat pa\u0161\u0101m beig\u0101m, lai atkl\u0101tu visu st\u0101sta gaitu.<\/p>\n<blockquote>\n<p>Dziesmas v\u0101rdu autors, grupas solists Kristers Rudz\u012btis, pau\u017e dzi\u013cu filozofisku domu: &#8220;T\u0101da \u012bst\u0101 laika un vietas nav, viss, kas mums pieder, ir tagad un tepat.&#8221; \u0160is cit\u0101ts uzsver dziesmas galveno v\u0113st\u012bjumu \u2013 dz\u012bvot \u0161eit un tagad, nov\u0113rt\u0113jot mirkli.<\/p>\n<\/blockquote>\n<p>Aizraujo\u0161s vizu\u0101lais st\u0101sts un rado\u0161\u0101 komanda<\/p>\n<p>M\u016bziku dziesmai produc\u0113jis un miks\u0113jis Arnis Ra\u010dinskis, nodro\u0161inot kvalitat\u012bvu skan\u0113jumu. Klipa galvenaj\u0101 lom\u0101, atveidojot z\u012blnieci, redzama talant\u012bg\u0101 aktrise Ausma Anna Celmarauga. Re\u017eisors Ritvars Bluka ir gandar\u012bts par sadarb\u012bbu, atz\u012bm\u0113jot: &#8220;Paldies grupai par uztic\u0113\u0161anos un kop\u012bgo improviz\u0101ciju. Klips tapa, eksperiment\u0113jot un mekl\u0113jot risin\u0101jumus uz vietas. Kadri pa\u0161i par sevi st\u0101sta, un izmantots skaidrs vizu\u0101lais v\u0113st\u012bjums, kas ir viegli uztverams, bet vienlaikus atmi\u0146\u0101 palieko\u0161s un iespaid\u012bgs.&#8221; \u0160is pieg\u0101jiens \u013c\u0101vis rad\u012bt vizu\u0101li sp\u0113c\u012bgu un viegli uztveramu, tom\u0113r dzi\u013ci iespaid\u012bgu darbu.<\/p>\n<p>Jauns etaps grupas rado\u0161aj\u0101 att\u012bst\u012bb\u0101<\/p>\n<p>\u0160\u012b jaun\u0101 dziesma un videoklips iez\u012bm\u0113 noz\u012bm\u012bgu pagrieziena punktu grupas &#8220;Sub Scriptum&#8221; rado\u0161aj\u0101 darb\u012bb\u0101. Tas apliecina grupas nelok\u0101mo v\u0113lmi un sp\u0113ju apvienot sp\u0113c\u012bgu muzik\u0101lu v\u0113st\u012bjumu ar vizu\u0101lu st\u0101stu, kas iedvesmo klaus\u012bt\u0101jus un skat\u012bt\u0101jus piev\u0113rsties un izbaud\u012bt mirkli &#8220;\u0161eit un tagad&#8221;.<\/p>\n<p>Komanda aiz iespaid\u012bg\u0101 projekta<\/p>\n<p>Grupas &#8220;Sub Scriptum&#8221; pamatsast\u0101v\u0101 muzic\u0113 Kristers Rudz\u012btis (vok\u0101ls), Maikls Drobins (bas\u0123it\u0101ra), Alvis Kozuls (solo \u0123it\u0101ra) un Armands Runcis (bungas). \u0160\u012b jaun\u0101 projekta tap\u0161an\u0101 ir iesaist\u012bta ar\u012b pla\u0161\u0101ka atbalsta komanda. Grupa \u012bpa\u0161i izsaka pateic\u012bbu Cinevilla Studio un Andrejam \u0112\u0137im par ieguld\u012bjumu. Svar\u012bgs atbalsts sniegts ar\u012b no te\u0101tra t\u0113rpu nomas &#8220;Sers&#8221;, nodro\u0161inot autentiskus kost\u012bmus, k\u0101 ar\u012b fotogr\u0101fam R\u016bdolfam Tuti\u0146am par aizkadra fotogr\u0101fij\u0101m. Keita Nikola Rasa sniegusi pal\u012bdz\u012bbu film\u0113\u0161anas laukum\u0101, papildinot komandu un veicinot projekta veiksm\u012bgu realiz\u0101ciju.<\/p>\n","protected":false},"excerpt":{"rendered":"Jaunais &#8220;Sub Scriptum&#8221; videoklips: Gangsteru est\u0113tika un dz\u012bves filozofija Latvie\u0161u m\u016bzikas grupa &#8220;Sub Scriptum&#8221; ir laidusi klaj\u0101 savu&hellip;\n","protected":false},"author":2,"featured_media":61596,"comment_status":"","ping_status":"","sticky":false,"template":"","format":"standard","meta":{"footnotes":""},"categories":[19],"tags":[89,90,10953,35,39,38,194,36,37,34,40,2762,439,441],"class_list":{"0":"post-61595","1":"post","2":"type-post","3":"status-publish","4":"format-standard","5":"has-post-thumbnail","7":"category-izklaide","8":"tag-entertainment","9":"tag-izklaide","10":"tag-kristers-rudzitis","11":"tag-latvia","12":"tag-latvian","13":"tag-latviesu","14":"tag-latviesu-muzika","15":"tag-latviesu-valoda","16":"tag-latviesuvaloda","17":"tag-latvija","18":"tag-lv","19":"tag-muzikas-jaunumi","20":"tag-sub-scriptum","21":"tag-videoklips"},"share_on_mastodon":{"url":"https:\/\/pubeurope.com\/@lv\/115635734678537417","error":""},"_links":{"self":[{"href":"https:\/\/www.europesays.com\/lv\/wp-json\/wp\/v2\/posts\/61595","targetHints":{"allow":["GET"]}}],"collection":[{"href":"https:\/\/www.europesays.com\/lv\/wp-json\/wp\/v2\/posts"}],"about":[{"href":"https:\/\/www.europesays.com\/lv\/wp-json\/wp\/v2\/types\/post"}],"author":[{"embeddable":true,"href":"https:\/\/www.europesays.com\/lv\/wp-json\/wp\/v2\/users\/2"}],"replies":[{"embeddable":true,"href":"https:\/\/www.europesays.com\/lv\/wp-json\/wp\/v2\/comments?post=61595"}],"version-history":[{"count":0,"href":"https:\/\/www.europesays.com\/lv\/wp-json\/wp\/v2\/posts\/61595\/revisions"}],"wp:featuredmedia":[{"embeddable":true,"href":"https:\/\/www.europesays.com\/lv\/wp-json\/wp\/v2\/media\/61596"}],"wp:attachment":[{"href":"https:\/\/www.europesays.com\/lv\/wp-json\/wp\/v2\/media?parent=61595"}],"wp:term":[{"taxonomy":"category","embeddable":true,"href":"https:\/\/www.europesays.com\/lv\/wp-json\/wp\/v2\/categories?post=61595"},{"taxonomy":"post_tag","embeddable":true,"href":"https:\/\/www.europesays.com\/lv\/wp-json\/wp\/v2\/tags?post=61595"}],"curies":[{"name":"wp","href":"https:\/\/api.w.org\/{rel}","templated":true}]}}