{"id":61597,"date":"2025-11-30T00:12:08","date_gmt":"2025-11-30T00:12:08","guid":{"rendered":"https:\/\/www.europesays.com\/lv\/61597\/"},"modified":"2025-11-30T00:12:08","modified_gmt":"2025-11-30T00:12:08","slug":"mazak-tiesraizu-un-cita-balva-kas-sosezon-mainijies-x-faktora-sejas-lv","status":"publish","type":"post","link":"https:\/\/www.europesays.com\/lv\/61597\/","title":{"rendered":"Maz\u0101k tie\u0161rai\u017eu un cita balva: kas \u0161osezon main\u012bjies \u201cX Faktor\u0101\u201d? &#8211; Sejas.lv"},"content":{"rendered":"<ol>\n<li><a href=\"https:\/\/news.google.com\/rss\/articles\/CBMilwFBVV95cUxOd0xvWllJTjMtcFNoNUZYdHpPejh3TDl1dk9fcVJKZHpVT2tiajc3WnBzM3JBSzVxLWI1OE5ZUGZZdEVUR1hCYUZodnctTlIwYVcwRTFGTVBfZG40QjE0VDlZTEJCTkEwRlo5T0MybzVlQ0dHQU5tX3lmXzdEQWlkMHpBOHJnQzNmMkpzamIzRkJyMExCVEkw?oc=5\" target=\"_blank\" rel=\"nofollow noopener\">Maz\u0101k tie\u0161rai\u017eu un cita balva: kas \u0161osezon main\u012bjies \u201cX Faktor\u0101\u201d?<\/a>&nbsp;&nbsp;Sejas.lv<\/li>\n<li><a href=\"https:\/\/news.google.com\/rss\/articles\/CBMiyAFBVV95cUxNa2kwWmdtbWh4QUxNSnhSc2V1TE9uRkl2b0Q0S21mQUU1RkpRVHN1aTk4WGVoUkwtSHhPYzMyVmR6amljWlR0cXl0eF9qbkstT2QtT2Nka1d0Xy13VU14TkpqWGF0LURwVkk2UWp1QmJIQ1lMMzdxNmhhUkJXSG5JMHhCdHZjZHlja2RacElUUmRRak9NMFEtbGhYaHMzNzR6bnVnWl8xVXlLeHlQVkRhaU5WUnFBMkhBUk84Rmlib0M3QVdDZXp6Rg?oc=5\" target=\"_blank\" rel=\"nofollow noopener\">Mammu vaibs un dz\u0113r\u0101ja harizma! Krivenchy un J\u0101nis Krei\u010dmanis iztirz\u0101 &#8220;X Faktora&#8221; otro tie\u0161raidi<\/a>&nbsp;&nbsp;tv3.lv<\/li>\n<li><a href=\"https:\/\/news.google.com\/rss\/articles\/CBMipgFBVV95cUxQR2FGTkRxclJiSTF0ZVB2WXFGNGNIQ1dURThJSEZNaU5nMnFZYlViaWdBVmFNOTJ0b2x5Ukhqck04RUpmM3RTSjFRZnRaOWxIUzNNWmNEdkdqTy1KcjJIbEdFQkJiQmJqLW5ya0I3cV9nWGNnN0NKSEJDZnJUOXVxcFRGcGtSVTBvRXNSLTY2bTUyaVlNTDlzalV1bDNVX0dFX2hIVFNn?oc=5\" target=\"_blank\" rel=\"nofollow noopener\">&#8220;X Faktora&#8221; otr\u0101 tie\u0161raide; izbalsoti tiks divi dal\u012bbnieki<\/a>&nbsp;&nbsp;tv3.lv<\/li>\n<li><a href=\"https:\/\/news.google.com\/rss\/articles\/CBMilAFBVV95cUxPUE5nbnZaMzlFak9zdVE0N1VDM3hKTlRCdE8xZUVGUy0zRi1nd3NJQjZ1Vm1Lb0lvMWdzOG1uaGdsdTd1czNQVTZXQ3pOZWNub1JXZ2NTRG9XV294bGFoWklqbnJpX2N2NHV6Qi05SVVvV0VQZGZ6M2IzRVQtNXBaTDhYQThmQWY1Q3otMzZ2RU9oNi0y?oc=5\" target=\"_blank\" rel=\"nofollow noopener\">\u0160ovu &#8220;X faktors\u201d pamet Denijs Grieze un \u201cSkvirl\u2019 Boizz\u201d<\/a>&nbsp;&nbsp;Jauns.lv<\/li>\n<li><a href=\"https:\/\/news.google.com\/rss\/articles\/CBMinwFBVV95cUxPUFJDbmRjU2ZLTldfbUhZNWpENHNkQ0c0VTlzRExlU2xTdTYzcFZIdjVWOE5wWnprcU1nc3BYMmktQWJ2ZlREQVhTb2lCbXNrakU4TjJNMGlpSmtPNE9TR0IwanEyWFBXdXBsd3MtQThpMjQ4V04tdzhVRThWT1RQWE1LT2FTV1N0eDFEVHBCZlNBSUtVR0QwQ1JUdkVMVEk?oc=5\" target=\"_blank\" rel=\"nofollow noopener\">\u201cX Faktora\u201d otraj\u0101 tie\u0161raid\u0113 \u0161ovu pamet v\u0113l divi talanti<\/a>&nbsp;&nbsp;Lente.lv<\/li>\n<\/ol>\n","protected":false},"excerpt":{"rendered":"Maz\u0101k tie\u0161rai\u017eu un cita balva: kas \u0161osezon main\u012bjies \u201cX Faktor\u0101\u201d?&nbsp;&nbsp;Sejas.lv Mammu vaibs un dz\u0113r\u0101ja harizma! Krivenchy un J\u0101nis&hellip;\n","protected":false},"author":2,"featured_media":61598,"comment_status":"","ping_status":"","sticky":false,"template":"","format":"standard","meta":{"footnotes":""},"categories":[19],"tags":[89,90,35,39,38,36,37,34,40,758,1111],"class_list":{"0":"post-61597","1":"post","2":"type-post","3":"status-publish","4":"format-standard","5":"has-post-thumbnail","7":"category-izklaide","8":"tag-entertainment","9":"tag-izklaide","10":"tag-latvia","11":"tag-latvian","12":"tag-latviesu","13":"tag-latviesu-valoda","14":"tag-latviesuvaloda","15":"tag-latvija","16":"tag-lv","17":"tag-tvnet-sejas","18":"tag-x-faktors"},"share_on_mastodon":{"url":"https:\/\/pubeurope.com\/@lv\/115635758208066745","error":""},"_links":{"self":[{"href":"https:\/\/www.europesays.com\/lv\/wp-json\/wp\/v2\/posts\/61597","targetHints":{"allow":["GET"]}}],"collection":[{"href":"https:\/\/www.europesays.com\/lv\/wp-json\/wp\/v2\/posts"}],"about":[{"href":"https:\/\/www.europesays.com\/lv\/wp-json\/wp\/v2\/types\/post"}],"author":[{"embeddable":true,"href":"https:\/\/www.europesays.com\/lv\/wp-json\/wp\/v2\/users\/2"}],"replies":[{"embeddable":true,"href":"https:\/\/www.europesays.com\/lv\/wp-json\/wp\/v2\/comments?post=61597"}],"version-history":[{"count":0,"href":"https:\/\/www.europesays.com\/lv\/wp-json\/wp\/v2\/posts\/61597\/revisions"}],"wp:featuredmedia":[{"embeddable":true,"href":"https:\/\/www.europesays.com\/lv\/wp-json\/wp\/v2\/media\/61598"}],"wp:attachment":[{"href":"https:\/\/www.europesays.com\/lv\/wp-json\/wp\/v2\/media?parent=61597"}],"wp:term":[{"taxonomy":"category","embeddable":true,"href":"https:\/\/www.europesays.com\/lv\/wp-json\/wp\/v2\/categories?post=61597"},{"taxonomy":"post_tag","embeddable":true,"href":"https:\/\/www.europesays.com\/lv\/wp-json\/wp\/v2\/tags?post=61597"}],"curies":[{"name":"wp","href":"https:\/\/api.w.org\/{rel}","templated":true}]}}