{"id":61648,"date":"2025-11-30T04:05:10","date_gmt":"2025-11-30T04:05:10","guid":{"rendered":"https:\/\/www.europesays.com\/lv\/61648\/"},"modified":"2025-11-30T04:05:10","modified_gmt":"2025-11-30T04:05:10","slug":"fon-der-leiena-nosauc-piecus-galvenos-principus-ukrainas-un-krievijas-galigajam-miera-ligumam-lente-lv-2","status":"publish","type":"post","link":"https:\/\/www.europesays.com\/lv\/61648\/","title":{"rendered":"Fon der Leiena nosauc piecus galvenos principus Ukrainas un Krievijas gal\u012bgajam miera l\u012bgumam\u00a0\u2014\u00a0Lente.lv"},"content":{"rendered":"<p>Eiropas Komisijas prezidente Urzula fon der Leiena ir stingri defin\u0113jusi Eiropas Savien\u012bbas pamatprincipus attiec\u012bb\u0101 uz iesp\u0113jamo miera l\u012bgumu starp Ukrainu un Krieviju. Vi\u0146a uzsv\u0113ra, ka pa\u0161reiz\u0113jais br\u012bdis ir iz\u0161\u0137iro\u0161s gan Ukrainai, gan visai Eiropai, un ir nepiecie\u0161ams turpin\u0101t spiedienu uz Krieviju, vienlaikus skaidri defin\u0113jot, ko ES uzskat\u012bs par pie\u0146emamu mieru. \u0100rzemju mediji zi\u0146o, ka \u0161ie principi ir balst\u012bti uz nepiecie\u0161am\u012bbu nodro\u0161in\u0101t taisn\u012bgu un palieko\u0161u mieru, kas nerad\u012btu pamatu turpm\u0101kiem konfliktiem.<\/p>\n<p>Taisn\u012bga un ilgtsp\u0113j\u012bga miera nodro\u0161in\u0101\u0161ana<\/p>\n<p>Pirmais un vissvar\u012bg\u0101kais princips, ko uzsv\u0113ra fon der Leiena, ir nepiecie\u0161am\u012bba p\u0113c taisn\u012bga un ilgtsp\u0113j\u012bga miera, kas garant\u0113tu re\u0101lu dro\u0161\u012bbu gan Ukrainai, gan visai Eiropai. Vi\u0146a nor\u0101d\u012bja, ka jebkur\u0161 miera pl\u0101ns pirmk\u0101rt un galvenok\u0101rt ir j\u0101aptur kara darb\u012bba un j\u0101izbeidz slepkavo\u0161ana, nepies\u0113jot n\u0101kam\u0101 konflikta s\u0113klas. Eiropas Komisijas prezidente uzsv\u0113ra, ka suver\u0113nas valsts nedr\u012bkst tikt vienpus\u0113ji sadal\u012bta un ka robe\u017eas nedr\u012bkst main\u012bt ar sp\u0113ku. Ja \u0161odien tiktu legaliz\u0113ta un formaliz\u0113ta robe\u017eu grau\u0161ana, tas atv\u0113rtu durvis jauniem kariem n\u0101kotn\u0113. \u0160is princips ir tie\u0161s atg\u0101din\u0101jums par starptautisko ties\u012bbu pamatprincipiem un teritori\u0101l\u0101s integrit\u0101tes sv\u0113tumu.<\/p>\n<p>Ukrainas suverenit\u0101tes un dro\u0161\u012bbas garant\u0113\u0161ana<\/p>\n<p>Otrs b\u016btisks princips ir Ukrainas suverenit\u0101tes atbalst\u012b\u0161ana. Fon der Leiena skaidri nor\u0101d\u012bja, ka Ukrainai, k\u0101 suver\u0113nai valstij, nevar tikt uzlikti ierobe\u017eojumi t\u0101s bru\u0146otajiem sp\u0113kiem, kas padar\u012btu valsti neaizsarg\u0101tu pret turpm\u0101kiem uzbrukumiem un grautu Eiropas dro\u0161\u012bbu. Tas ir l\u012bdz\u012bgi k\u0101 sabiedr\u012bb\u0101, kur\u0101 katram ir ties\u012bbas uz pa\u0161aizsardz\u012bbu. Ukrainai ir nepiecie\u0161amas sp\u0113c\u012bgas, ilgtermi\u0146a un ticamas dro\u0161\u012bbas garantijas k\u0101 da\u013ca no pla\u0161\u0101ka pas\u0101kumu kopuma, lai attur\u0113tu un nov\u0113rstu jebk\u0101dus turpm\u0101kus uzbrukumus no Krievijas puses. Vi\u0146a uzsv\u0113ra, ka Eiropas dro\u0161\u012bba ir saist\u012bta ar Ukrainas dro\u0161\u012bbu.<\/p>\n<p>Eiropas Savien\u012bbas centr\u0101l\u0101 loma miera proces\u0101<\/p>\n<p>Tre\u0161ais princips paredz Eiropas Savien\u012bbas centr\u0101l\u0101s lomas nodro\u0161in\u0101\u0161anu miera proces\u0101. Fon der Leiena uzsv\u0113ra, ka ES ieguld\u012bjumam un atbalstam ir j\u0101b\u016bt atz\u012btam un iek\u013cautam miera vieno\u0161an\u0101s meh\u0101nism\u0101. Tas atspogu\u013co Ukrainas cie\u0161o integr\u0101ciju Eiropas kopien\u0101 un t\u0101s n\u0101kotnes virz\u012bbu. Vi\u0146a piebilda, ka Ukraina ir izv\u0113l\u0113jusies Eiropas ce\u013cu, kas ietver atjauno\u0161anu, integr\u0101ciju ES vienotaj\u0101 tirg\u016b un aizsardz\u012bbas r\u016bpniec\u012bbas b\u0101z\u0113, un galu gal\u0101 dal\u012bbu Eiropas Savien\u012bb\u0101. ES turpin\u0101s cie\u0161i sadarboties ar Ukrainu, dal\u012bbvalst\u012bm, &#8220;grib\u0113t\u0101ju koal\u012bciju&#8221; un Amerikas Savienotaj\u0101m Valst\u012bm, lai pan\u0101ktu progresu miera sarun\u0101s.<\/p>\n<p>Ukrainas finansi\u0101l\u0101s vajadz\u012bbas un atjauno\u0161ana<\/p>\n<p>Ceturtais princips ir v\u0113rsts uz Ukrainas finansi\u0101lo vajadz\u012bbu apmierin\u0101\u0161anu un valsts atjauno\u0161anu. Eiropas Komisija jau ir pied\u0101v\u0101jusi variantus finans\u0113jumam, tostarp iesald\u0113to Krievijas l\u012bdzek\u013cu izmanto\u0161anu, un tuv\u0101kaj\u0101 laik\u0101 tiks iesniegti juridiskie priek\u0161likumi. Fon der Leiena ar\u012b uzsv\u0113ra principu &#8220;Nekas par Ukrainu bez Ukrainas, nekas par Eiropu bez Eiropas, nekas par NATO bez NATO&#8221;, kas noz\u012bm\u0113, ka l\u0113mumiem par Ukrainas n\u0101kotni ir j\u0101iesaista pati Ukraina, bet par Eiropu un NATO \u2013 attiec\u012bg\u0101s instit\u016bcijas.<\/p>\n<p>Ukrainas b\u0113rnu atgrie\u0161ana<\/p>\n<p>Piekt\u0101 un person\u012bgi svar\u012bg\u0101k\u0101 priorit\u0101te, ko izc\u0113la fon der Leiena, ir visu Krievijas nolaup\u012bto ukrai\u0146u b\u0113rnu atgrie\u0161ana. Vi\u0146a \u0161o jaut\u0101jumu raksturoja k\u0101 vienu no kara \u0161ausm\u012bg\u0101kaj\u0101m zv\u0113r\u012bb\u0101m, nor\u0101dot, ka desmitiem t\u016bksto\u0161u b\u0113rnu joproj\u0101m atrodas Krievij\u0101, ba\u017e\u012bgi un ilgojoties p\u0113c sav\u0101m \u0123imen\u0113m. Eiropas Savien\u012bba neliek mier\u0101, pal\u012bdzot nodro\u0161in\u0101t visu nolaup\u012bto b\u0113rnu atgrie\u0161anu pie vi\u0146u \u0123imen\u0113m. Kop\u0101 ar Ukrainu un Kan\u0101du ES r\u012bkos Starptaut\u012bg\u0101s koal\u012bcijas samitu par Ukrainas b\u0113rnu atgrie\u0161anu, lai \u0161o jaut\u0101jumu virz\u012btu glob\u0101laj\u0101 darba k\u0101rt\u012bb\u0101.<\/p>\n<p>\u0160ie pieci principi veido ES nost\u0101ju miera proces\u0101, cen\u0161oties nodro\u0161in\u0101t ne tikai konflikta izbeig\u0161anu, bet ar\u012b ilgtermi\u0146a stabilit\u0101ti un taisn\u012bgumu re\u0123ion\u0101. Eiropas Komisijas prezidente pauda cer\u012bbu, ka \u0161ie principi pal\u012bdz\u0113s virz\u012bt sarunas uz re\u0101lu un notur\u012bgu mieru.<\/p>\n","protected":false},"excerpt":{"rendered":"Eiropas Komisijas prezidente Urzula fon der Leiena ir stingri defin\u0113jusi Eiropas Savien\u012bbas pamatprincipus attiec\u012bb\u0101 uz iesp\u0113jamo miera l\u012bgumu&hellip;\n","protected":false},"author":2,"featured_media":61649,"comment_status":"","ping_status":"","sticky":false,"template":"","format":"standard","meta":{"footnotes":""},"categories":[5],"tags":[23,28,29,514,32,33,22,234,30,31,35,39,38,36,37,34,40,16234,20,26,27,16235,24,25,276,16233,21],"class_list":{"0":"post-61648","1":"post","2":"type-post","3":"status-publish","4":"format-standard","5":"has-post-thumbnail","7":"category-aktualitates","8":"tag-aktualitates","9":"tag-breaking-news","10":"tag-breakingnews","11":"tag-eiropas-savieniba","12":"tag-featured-news","13":"tag-featurednews","14":"tag-headlines","15":"tag-krievija","16":"tag-latest-news","17":"tag-latestnews","18":"tag-latvia","19":"tag-latvian","20":"tag-latviesu","21":"tag-latviesu-valoda","22":"tag-latviesuvaloda","23":"tag-latvija","24":"tag-lv","25":"tag-miera-ligums","26":"tag-news","27":"tag-popularakas-zinas","28":"tag-popularakaszinas","29":"tag-principi","30":"tag-top-stories","31":"tag-topstories","32":"tag-ukraina","33":"tag-ursula-von-der-leyen","34":"tag-zinas"},"share_on_mastodon":{"url":"https:\/\/pubeurope.com\/@lv\/115636674456779630","error":""},"_links":{"self":[{"href":"https:\/\/www.europesays.com\/lv\/wp-json\/wp\/v2\/posts\/61648","targetHints":{"allow":["GET"]}}],"collection":[{"href":"https:\/\/www.europesays.com\/lv\/wp-json\/wp\/v2\/posts"}],"about":[{"href":"https:\/\/www.europesays.com\/lv\/wp-json\/wp\/v2\/types\/post"}],"author":[{"embeddable":true,"href":"https:\/\/www.europesays.com\/lv\/wp-json\/wp\/v2\/users\/2"}],"replies":[{"embeddable":true,"href":"https:\/\/www.europesays.com\/lv\/wp-json\/wp\/v2\/comments?post=61648"}],"version-history":[{"count":0,"href":"https:\/\/www.europesays.com\/lv\/wp-json\/wp\/v2\/posts\/61648\/revisions"}],"wp:featuredmedia":[{"embeddable":true,"href":"https:\/\/www.europesays.com\/lv\/wp-json\/wp\/v2\/media\/61649"}],"wp:attachment":[{"href":"https:\/\/www.europesays.com\/lv\/wp-json\/wp\/v2\/media?parent=61648"}],"wp:term":[{"taxonomy":"category","embeddable":true,"href":"https:\/\/www.europesays.com\/lv\/wp-json\/wp\/v2\/categories?post=61648"},{"taxonomy":"post_tag","embeddable":true,"href":"https:\/\/www.europesays.com\/lv\/wp-json\/wp\/v2\/tags?post=61648"}],"curies":[{"name":"wp","href":"https:\/\/api.w.org\/{rel}","templated":true}]}}