{"id":61660,"date":"2025-11-30T04:57:09","date_gmt":"2025-11-30T04:57:09","guid":{"rendered":"https:\/\/www.europesays.com\/lv\/61660\/"},"modified":"2025-11-30T04:57:09","modified_gmt":"2025-11-30T04:57:09","slug":"svetdien-kristigaja-pasaule-sakas-advente-jauna-realitate-un-cilvektiesibas","status":"publish","type":"post","link":"https:\/\/www.europesays.com\/lv\/61660\/","title":{"rendered":"Sv\u0113tdien krist\u012bgaj\u0101 pasaul\u0113 s\u0101kas advente: Jaun\u0101 realit\u0101te un cilv\u0113kties\u012bbas"},"content":{"rendered":"<p>Daudzviet Eirop\u0101 cilv\u0113ki dosies uz Ziemassv\u0113tku tirdzi\u0146iem ar ba\u017e\u0101m par savu un savu tuvinieku dro\u0161\u012bbu. Sv\u0113tdien krist\u012bgaj\u0101 pasaul\u0113 s\u0101ksies advente. Ziemassv\u0113tku, Kristus piedzim\u0161anas sv\u0113tku gaid\u012b\u0161anas laiks.\u00a0<\/p>\n<p>Eirop\u0101 to izsenis simboliz\u0113 vainags ar \u010detr\u0101m adventes svec\u0113m un kr\u0101\u0161\u0146ie Ziemassv\u0113tku tirdzi\u0146i pils\u0113tu centr\u0101lajos laukumos. Ar izgreznoto egli, sv\u0113tku melodij\u0101m un elektrisko gaismi\u0146u virten\u0113m. Ar karstv\u012bna, grauzd\u0113to mande\u013cu un pipark\u016bku smar\u017e\u0101m. Bet \u0161aj\u0101 2025. gada advent\u0113 cilv\u0113ki daudzviet Eirop\u0101 dosies uz tirdzi\u0146iem ar ba\u017e\u0101m par savu un savu tuvinieku dro\u0161\u012bbu. Saska\u0146\u0101 ar sabiedrisk\u0101s domas izp\u0113tes centra &#8220;YouGov&#8221; novembr\u012b veikto aptauju 62% v\u0101cie\u0161u \u0161ajos Ziemassv\u0113tkos baid\u0101s no teroristu uzbrukuma. Cilv\u0113kiem v\u0113l pr\u0101t\u0101 masu slepkav\u012bba pag\u0101ju\u0161\u0101 gada 20. decembr\u012b, kad V\u0101cijas pils\u0113tas Magdeburgas Ziemassv\u0113tku tirdzi\u0146\u0101 k\u0101ds Sa\u016bda Ar\u0101bijas pilsonis iebrauca p\u016bl\u012b, nogalinot 6 un ievainojot 323 cilv\u0113kus. Un, lai ar\u012b slepkava nebija isl\u0101mists (paties\u012bb\u0101 vi\u0146\u0161 pat simpatiz\u0113ja lab\u0113jai partijai &#8220;Alternat\u012bva V\u0101cijai&#8221;), terorisms un naida noziegumi Rietumeirop\u0101 \u0161odien tiek saist\u012bti tie\u0161i ar politisko isl\u0101mu. Novembra vid\u016b Austrijas galvaspils\u0113t\u0101 V\u012bn\u0113 b\u0101z\u0113t\u0101 organiz\u0101cija &#8220;Pret kristie\u0161iem v\u0113rstas neieciet\u012bbas un diskrimin\u0101cijas observatorija&#8221; (&#8220;Observatory on Intolerance and Discrimination against Christians&#8221;) n\u0101ca klaj\u0101 ar k\u0101rt\u0113jo zi\u0146ojumu par 2024. gadu. Statistika nav iepriecino\u0161a \u2013 pavisam Eiropas kontinent\u0101 aizvad\u012btaj\u0101 gad\u0101 konstat\u0113ti 2211 pret kristie\u0161iem v\u0113rsti naida noziegumi \u2013 fiziski uzbrukumi, vandalisms, apg\u0101n\u012b\u0161ana, bazn\u012bcu dedzin\u0101\u0161ana, diskrimin\u0101cija par krist\u012bgas p\u0101rliec\u012bbas pau\u0161anu. Visliel\u0101kais \u0161\u0101du noziegumu skaits konstat\u0113ts Francij\u0101, Apvienotaj\u0101 Karalist\u0113, V\u0101cij\u0101, Sp\u0101nij\u0101 un Austrij\u0101. T\u0101tad valst\u012bs ar visliel\u0101ko musulma\u0146u imigrantu skaitu. Tikm\u0113r Eirop\u0101 turpina ierasties jauni laimes mekl\u0113t\u0101ju p\u016b\u013ci no \u0100frikas, \u0100zijas un Tuvajiem Austrumiem, to skait\u0101 nelikum\u012bgie migranti. Pagaid\u0101m tikai da\u017eas valstis kontinenta austrumos, pirm\u0101m k\u0101rt\u0101m Polija, Lietuva un Latvija, sp\u0113j pietiekami izl\u0113m\u012bgi st\u0101ties pret\u012b \u0161ai glob\u0101lajai &#8220;tautu staig\u0101\u0161anai&#8221;.<\/p>\n","protected":false},"excerpt":{"rendered":"Daudzviet Eirop\u0101 cilv\u0113ki dosies uz Ziemassv\u0113tku tirdzi\u0146iem ar ba\u017e\u0101m par savu un savu tuvinieku dro\u0161\u012bbu. Sv\u0113tdien krist\u012bgaj\u0101 pasaul\u0113&hellip;\n","protected":false},"author":2,"featured_media":60960,"comment_status":"","ping_status":"","sticky":false,"template":"","format":"standard","meta":{"footnotes":""},"categories":[14],"tags":[23,57,28,29,32,33,22,30,31,35,39,38,36,37,34,40,20,26,27,24,25,54,55,56,21,58],"class_list":{"0":"post-61660","1":"post","2":"type-post","3":"status-publish","4":"format-standard","5":"has-post-thumbnail","7":"category-zinas-no-arvalstim","8":"tag-aktualitates","9":"tag-arvalstim","10":"tag-breaking-news","11":"tag-breakingnews","12":"tag-featured-news","13":"tag-featurednews","14":"tag-headlines","15":"tag-latest-news","16":"tag-latestnews","17":"tag-latvia","18":"tag-latvian","19":"tag-latviesu","20":"tag-latviesu-valoda","21":"tag-latviesuvaloda","22":"tag-latvija","23":"tag-lv","24":"tag-news","25":"tag-popularakas-zinas","26":"tag-popularakaszinas","27":"tag-top-stories","28":"tag-topstories","29":"tag-world","30":"tag-world-news","31":"tag-worldnews","32":"tag-zinas","33":"tag-zinas-no-arvalstim"},"share_on_mastodon":{"url":"https:\/\/pubeurope.com\/@lv\/115636878916601718","error":""},"_links":{"self":[{"href":"https:\/\/www.europesays.com\/lv\/wp-json\/wp\/v2\/posts\/61660","targetHints":{"allow":["GET"]}}],"collection":[{"href":"https:\/\/www.europesays.com\/lv\/wp-json\/wp\/v2\/posts"}],"about":[{"href":"https:\/\/www.europesays.com\/lv\/wp-json\/wp\/v2\/types\/post"}],"author":[{"embeddable":true,"href":"https:\/\/www.europesays.com\/lv\/wp-json\/wp\/v2\/users\/2"}],"replies":[{"embeddable":true,"href":"https:\/\/www.europesays.com\/lv\/wp-json\/wp\/v2\/comments?post=61660"}],"version-history":[{"count":0,"href":"https:\/\/www.europesays.com\/lv\/wp-json\/wp\/v2\/posts\/61660\/revisions"}],"wp:featuredmedia":[{"embeddable":true,"href":"https:\/\/www.europesays.com\/lv\/wp-json\/wp\/v2\/media\/60960"}],"wp:attachment":[{"href":"https:\/\/www.europesays.com\/lv\/wp-json\/wp\/v2\/media?parent=61660"}],"wp:term":[{"taxonomy":"category","embeddable":true,"href":"https:\/\/www.europesays.com\/lv\/wp-json\/wp\/v2\/categories?post=61660"},{"taxonomy":"post_tag","embeddable":true,"href":"https:\/\/www.europesays.com\/lv\/wp-json\/wp\/v2\/tags?post=61660"}],"curies":[{"name":"wp","href":"https:\/\/api.w.org\/{rel}","templated":true}]}}