{"id":61681,"date":"2025-11-30T05:53:13","date_gmt":"2025-11-30T05:53:13","guid":{"rendered":"https:\/\/www.europesays.com\/lv\/61681\/"},"modified":"2025-11-30T05:53:13","modified_gmt":"2025-11-30T05:53:13","slug":"igaunija-kurset-sakusi-jaunie-skoda-elektrovilcieni-tartu-marsruts-pagaidam-nav-pieejams-lente-lv","status":"publish","type":"post","link":"https:\/\/www.europesays.com\/lv\/61681\/","title":{"rendered":"Igaunij\u0101 kurs\u0113t s\u0101ku\u0161i jaunie \u0160koda elektrovilcieni; Tartu mar\u0161ruts pagaid\u0101m nav pieejams\u00a0\u2014\u00a0Lente.lv"},"content":{"rendered":"<p>Jaunie \u0160koda elektrovilcieni uzs\u0101k kust\u012bbu Igaunij\u0101<\/p>\n<p>Igaunijas dzelzce\u013ca pasa\u017eieru p\u0101rvad\u0101jumu operators \u201cEesti Liinirongid\u201d, kas darbojas ar z\u012bmolu \u201cElron\u201d, sv\u0113tdien, 29. novembr\u012b, svin\u012bgi sagaida savus jaunie, modernie elektrovilcieni, kas n\u0101ku\u0161i no \u010cehijas republikas, uz\u0146\u0113muma \u201c\u0160koda\u201d ra\u017eotnes. \u0160is ir noz\u012bm\u012bgs solis Igaunijas dzelzce\u013ca moderniz\u0101cijas ce\u013c\u0101, solot pasa\u017eieriem jaunu komforta un efektivit\u0101tes l\u012bmeni.<\/p>\n<p>Moderniz\u0101cijas priek\u0161roc\u012bbas un ierobe\u017eojumi<\/p>\n<p>\u0160ie jaunie vilcieni, kas izce\u013cas ar savu izsmalcin\u0101to dizainu un tehnolo\u0123isko apr\u012bkojumu, apliecina Igaunijas centienus att\u012bst\u012bt ilgtsp\u0113j\u012bgu un videi draudz\u012bgu transporta sist\u0113mu. Tom\u0113r, lai gan jaunie elektrovilcieni ir gatavi uz\u0146emt pasa\u017eierus, ir svar\u012bgi atz\u012bm\u0113t, ka to darb\u012bba pagaid\u0101m neaptvers mar\u0161rutu l\u012bdz Tartu. \u0160is ierobe\u017eojums rada nelielu vil\u0161anos, jo \u012bpa\u0161i tiem, kas regul\u0101ri izmanto \u0161o noz\u012bm\u012bgo mar\u0161rutu, ta\u010du tas neliedz pilnv\u0113rt\u012bgi izbaud\u012bt jaun\u0101 transporta sniegt\u0101s priek\u0161roc\u012bbas citos virzienos.<\/p>\n<p>Invest\u012bcijas n\u0101kotn\u0113 un pasa\u017eieru pieredze<\/p>\n<p>\u201c\u0160koda\u201d pieg\u0101d\u0101tie elektrovilcieni ir ne tikai jauns transportl\u012bdzeklis, bet ar\u012b simbols pla\u0161\u0101k\u0101m invest\u012bcij\u0101m dzelzce\u013ca infrastrukt\u016bras att\u012bst\u012bb\u0101. Vi\u0146u ien\u0101k\u0161ana apliecina \u201cElron\u201d ap\u0146em\u0161anos uzlabot pasa\u017eieru pieredzi, pied\u0101v\u0101jot klus\u0101ku, \u0113rt\u0101ku un videi draudz\u012bg\u0101ku ce\u013co\u0161anu. \u0160ie vilcieni ir apr\u012bkoti ar jaun\u0101kaj\u0101m tehnolo\u0123ij\u0101m, kas nodro\u0161ina vienm\u0113r\u012bgu gaitu un pat\u012bkamu atmosf\u0113ru, padarot katru braucienu par baud\u012bjumu. Pl\u0101nots, ka vilcienu gaitas tiks pak\u0101peniski ieviestas visos attiec\u012bgajos mar\u0161rutos, lai nodro\u0161in\u0101tu p\u0113c iesp\u0113jas pla\u0161\u0101ku pieejam\u012bbu jaunaj\u0101m \u0113rt\u012bb\u0101m.<\/p>\n<p>Ce\u013cojums uz Tartu \u2013 pagaid\u0101m bez jaunajiem vilcieniem<\/p>\n<p>Lai gan jaunie elektrovilcieni iepriecina daudzus, ir j\u0101\u0146em v\u0113r\u0101, ka tie v\u0113l nevar\u0113s nodro\u0161in\u0101t satiksmi l\u012bdz Tartu. Igaunijas dzelzce\u013ca operators \u201cElron\u201d skaidro, ka \u0161is ierobe\u017eojums ir saist\u012bts ar infrastrukt\u016bras piel\u0101go\u0161anas darbiem, kas v\u0113l nav piln\u012bb\u0101 pabeigti attiec\u012bgaj\u0101 posm\u0101. Lai gan tas var\u0113tu rad\u012bt ne\u0113rt\u012bbas, operators ir p\u0101rliecin\u0101ts, ka jau dr\u012bzum\u0101 ar\u012b Tartu iedz\u012bvot\u0101ji un viesi var\u0113s izbaud\u012bt jauno vilcienu sniegto komfortu. Uz\u0146\u0113mums akt\u012bvi str\u0101d\u0101 pie visu nepiecie\u0161amo sagatavo\u0161anas darbu pabeig\u0161anas, lai pilnv\u0113rt\u012bgi integr\u0113tu jaunos vilcienus vis\u0101 sav\u0101 mar\u0161rutu t\u012bkl\u0101. \u0160\u012b situacija ir l\u012bdz\u012bga k\u0101 tad, kad jaunus auto mode\u013cus ra\u017eo, bet pirms to piln\u012bgas lai\u0161anas apgroz\u012bb\u0101 veic nepiecie\u0161am\u0101s dro\u0161\u012bbas un infrastrukt\u016bras p\u0101rbaudes, lai nodro\u0161in\u0101tu nevainojamu ekspluat\u0101ciju.<\/p>\n<p>N\u0101kotnes perspekt\u012bvas un \u201cElron\u201d v\u012bzija<\/p>\n<p>Jauno \u201c\u0160koda\u201d elektrovilcienu ien\u0101k\u0161ana Igaunijas dzelzce\u013ca t\u012bkl\u0101 ir svar\u012bgs pagrieziena punkts. Tas ne tikai uzlabos eso\u0161os p\u0101rvad\u0101jumu standartus, bet ar\u012b veicin\u0101s za\u013c\u0101ka transporta izmanto\u0161anu, samazinot oglek\u013ca dioks\u012bda emisijas. \u201cElron\u201d ir ap\u0146\u0113mies turpin\u0101t att\u012bst\u012bt savu pakalpojumu kl\u0101stu, nodro\u0161inot pasa\u017eieriem uzticamu, \u0113rtu un m\u016bsdien\u012bgu ce\u013co\u0161anas pieredzi. \u0160is ir uzmundrino\u0161s solis uz priek\u0161u, kas apliecina Igaunijas dzelzce\u013ca n\u0101kotnes v\u012bziju \u2013 moderno, efekt\u012bvo un videi draudz\u012bgo transportu.<\/p>\n","protected":false},"excerpt":{"rendered":"Jaunie \u0160koda elektrovilcieni uzs\u0101k kust\u012bbu Igaunij\u0101 Igaunijas dzelzce\u013ca pasa\u017eieru p\u0101rvad\u0101jumu operators \u201cEesti Liinirongid\u201d, kas darbojas ar z\u012bmolu \u201cElron\u201d,&hellip;\n","protected":false},"author":2,"featured_media":61682,"comment_status":"","ping_status":"","sticky":false,"template":"","format":"standard","meta":{"footnotes":""},"categories":[5],"tags":[23,28,29,16251,32,33,22,16252,16253,30,31,35,39,38,36,37,34,40,20,26,27,16250,24,25,16254,21],"class_list":{"0":"post-61681","1":"post","2":"type-post","3":"status-publish","4":"format-standard","5":"has-post-thumbnail","7":"category-aktualitates","8":"tag-aktualitates","9":"tag-breaking-news","10":"tag-breakingnews","11":"tag-elron","12":"tag-featured-news","13":"tag-featurednews","14":"tag-headlines","15":"tag-igaunijas-dzelzcels","16":"tag-jauni-vilcieni","17":"tag-latest-news","18":"tag-latestnews","19":"tag-latvia","20":"tag-latvian","21":"tag-latviesu","22":"tag-latviesu-valoda","23":"tag-latviesuvaloda","24":"tag-latvija","25":"tag-lv","26":"tag-news","27":"tag-popularakas-zinas","28":"tag-popularakaszinas","29":"tag-skoda-elektrovilcieni","30":"tag-top-stories","31":"tag-topstories","32":"tag-transporta-modernizacija","33":"tag-zinas"},"share_on_mastodon":{"url":"https:\/\/pubeurope.com\/@lv\/115637099196363560","error":""},"_links":{"self":[{"href":"https:\/\/www.europesays.com\/lv\/wp-json\/wp\/v2\/posts\/61681","targetHints":{"allow":["GET"]}}],"collection":[{"href":"https:\/\/www.europesays.com\/lv\/wp-json\/wp\/v2\/posts"}],"about":[{"href":"https:\/\/www.europesays.com\/lv\/wp-json\/wp\/v2\/types\/post"}],"author":[{"embeddable":true,"href":"https:\/\/www.europesays.com\/lv\/wp-json\/wp\/v2\/users\/2"}],"replies":[{"embeddable":true,"href":"https:\/\/www.europesays.com\/lv\/wp-json\/wp\/v2\/comments?post=61681"}],"version-history":[{"count":0,"href":"https:\/\/www.europesays.com\/lv\/wp-json\/wp\/v2\/posts\/61681\/revisions"}],"wp:featuredmedia":[{"embeddable":true,"href":"https:\/\/www.europesays.com\/lv\/wp-json\/wp\/v2\/media\/61682"}],"wp:attachment":[{"href":"https:\/\/www.europesays.com\/lv\/wp-json\/wp\/v2\/media?parent=61681"}],"wp:term":[{"taxonomy":"category","embeddable":true,"href":"https:\/\/www.europesays.com\/lv\/wp-json\/wp\/v2\/categories?post=61681"},{"taxonomy":"post_tag","embeddable":true,"href":"https:\/\/www.europesays.com\/lv\/wp-json\/wp\/v2\/tags?post=61681"}],"curies":[{"name":"wp","href":"https:\/\/api.w.org\/{rel}","templated":true}]}}