{"id":61700,"date":"2025-11-30T06:36:08","date_gmt":"2025-11-30T06:36:08","guid":{"rendered":"https:\/\/www.europesays.com\/lv\/61700\/"},"modified":"2025-11-30T06:36:08","modified_gmt":"2025-11-30T06:36:08","slug":"ventspils-koncertzale-latvija-sola-spozu-un-daudzveidigu-jauno-sezonu-lente-lv","status":"publish","type":"post","link":"https:\/\/www.europesays.com\/lv\/61700\/","title":{"rendered":"Ventspils koncertz\u0101le &#8220;Latvija&#8221; sola spo\u017eu un daudzveid\u012bgu jauno sezonu\u00a0\u2014\u00a0Lente.lv"},"content":{"rendered":"<p>Ventspils koncertz\u0101le &#8220;Latvija&#8221; atkl\u0101j aizraujo\u0161u jauno sezonu<\/p>\n<p>Ventspils koncertz\u0101le &#8220;Latvija&#8221; uzs\u0101k jaunu, kr\u0101\u0161\u0146iem notikumiem bag\u0101tu sezonu, kas sola klaus\u012bt\u0101jiem neaizmirstamas tik\u0161an\u0101s ar izciliem m\u0101ksliniekiem un daudzveid\u012bg\u0101m koncertprogramm\u0101m. \u0160\u012b sezona sol\u0101s b\u016bt \u012bpa\u0161i spilgta un daudzpus\u012bga, pied\u0101v\u0101jot gan klasisk\u0101s m\u016bzikas p\u0113rles, gan aizraujo\u0161us \u017eanru sajaukumus.<\/p>\n<p>Sezonas atkl\u0101\u0161anas grandiozit\u0101te<\/p>\n<p>Jaun\u0101 sezona tiek sagaid\u012bta ar v\u0113rien\u012bgu koncertu 27. septembr\u012b, kur\u0101 uzst\u0101sies Latvijas Nacion\u0101lais simfoniskais or\u0137estris kop\u0101 ar Valsts Akad\u0113misko kori &#8220;Latvija&#8221;. Skat\u012bt\u0101jus priec\u0113s pasaules l\u012bme\u0146a m\u0101kslinieki: sopr\u0101ns Nina Spinozi, klaves\u012bniste Ieva Saliete, baritons Halvors Meliens un diri\u0123ents \u017dans Kristofs Spinozi. Programm\u0101 iek\u013cauti P\u0113tera Vaska un Antonio Vivaldi ska\u0146darbi, Johana Sebasti\u0101na Baha koncerts klaves\u012bnam un or\u0137estrim, k\u0101 ar\u012b Gabriela For\u0113 iespaid\u012bgais &#8220;Rekvi\u0113ms&#8221;. Tas b\u016bs ieskats gan dzi\u013ci emocion\u0101l\u0101, gan izsmalcin\u0101ti tehnisk\u0101 muzik\u0101l\u0101 pasaul\u0113.<\/p>\n<p>Velt\u012bjums komponistam un jaun\u0101s ska\u0146u pasaules<\/p>\n<p>2025. gad\u0101 tiek svin\u0113ta igau\u0146u komponista Arvo Perta 90. dzim\u0161anas diena, un par godu \u0161im notikumam talant\u012bgais pianists Georgijs Osokins ir izdevis savu debijas albumu &#8220;For ARVO&#8221; izdevniec\u012bb\u0101 &#8220;Deutsche Grammophon&#8221;. Osokins 9. oktobr\u012b viesosies koncertz\u0101l\u0113 &#8220;Latvija&#8221; ar unik\u0101lu programmu, kur\u0101 skan\u0113s gan Perta ori\u0123in\u0101ldarbi, gan Osokina rad\u012btas klavieru transkripcijas. \u0160is projekts pied\u0101v\u0101 Perta ska\u0146darbus klaus\u012bt\u0101jiem pirmo reizi klavieru solo versij\u0101, atkl\u0101jot komponista dai\u013crades jaunas \u0161\u0137autnes.<\/p>\n<p>Kameror\u0137estru virtuozit\u0101te un jaunatkl\u0101smes<\/p>\n<p>17. oktobr\u012b koncertz\u0101l\u0113 &#8220;Latvija&#8221; uzst\u0101sies slavenais kameror\u0137estris &#8220;Kremerata Baltica&#8221; ar programmu &#8220;Jauns un negaid\u012bts&#8221;. Kop\u0101 ar spo\u017eiem solistiem \u2013 vijolniekiem D\u017eeraldu Bidvu un Stellu Za\u0137i, k\u0101 ar\u012b \u010dellistiem Magdalenu Cepeli un Kristeru M\u0101rti\u0146u \u0160\u012bmani \u2013 tiks atska\u0146oti Baha, Mendelszona, Vaska, Veinberga, Keni\u0146a un Mustonena ska\u0146darbi. \u0160is koncerts ir sol\u012bjums par muzik\u0101lu ce\u013cojumu, kas atkl\u0101j negaid\u012btas saiknes starp da\u017e\u0101diem laikmetiem un m\u016bzikas stiliem.<\/p>\n<p>M\u016bzika jaunajiem klaus\u012bt\u0101jiem un meistar\u012bgi solo sniegumi<\/p>\n<p>Koncertz\u0101le &#8220;Latvija&#8221; par\u016bp\u0113jusies ar\u012b par mazajiem m\u016bzikas cien\u012bt\u0101jiem, pied\u0101v\u0101jot 29. oktobr\u012b aizraujo\u0161u koncertuzvedumu b\u0113rniem &#8220;P\u0113ter\u012btis un vilks&#8221;. Liep\u0101jas Simfoniskais or\u0137estris diri\u0123enta Rei\u0146a Lapas vad\u012bb\u0101 kop\u0101 ar aktieriem Liene G\u0101li\u0146u, P\u0113teri Lapi\u0146u un re\u017eisoru \u0122irtu \u0160oli b\u0113rnus ieved\u012bs muzik\u0101l\u0101 piedz\u012bvojum\u0101. Novembra pirmaj\u0101 dien\u0101, 1. novembr\u012b, uz skatuves k\u0101ps pianists Reinis Zari\u0146\u0161 ar savu jauno solo programmu &#8220;Bahs un \u0160op\u0113ns&#8221;. Paz\u012bstams ar drosm\u012bg\u0101m un konceptu\u0101l\u0101m programm\u0101m, Zari\u0146\u0161 pied\u0101v\u0101s unik\u0101lu tiltu starp baroku un romantismu, izmantojot divus unik\u0101lus instrumentus \u2013 &#8220;Steinway&#8221; koncertfl\u012b\u0123eli un D\u0101vida K\u013cavi\u0146a vertik\u0101l\u0101s koncertklavieres M470i, bag\u0101tinot ska\u0146darbus ar neparast\u0101m tembr\u0101l\u0101m nokr\u0101s\u0101m.<\/p>\n<p>Pa\u0161m\u0101ju un starptautiski spo\u017eie m\u016bzi\u0137i<\/p>\n<p>Novembra vid\u016b, 15. novembr\u012b, Ventspils kameror\u0137estris un jauktais koris &#8220;Ventspils&#8221; diri\u0123enta Aigara Meri vad\u012bb\u0101 aicin\u0101s uz programmu &#8220;Ruden\u012b&#8221;, pieaicinot akordeonisti Initu \u0100boli\u0146u un muzikolo\u0123i Lieni Jakov\u013cevu. Savuk\u0101rt 28. novembr\u012b Ventspils bigbends kop\u0101 ar vok\u0101listi Paulu Saiju un trombonistu Vadimu Dmitrijevu sniegs d\u017eeza baud\u012bjumu.<\/p>\n<p>Sezonas kulmin\u0101cija un sv\u0113tku noska\u0146a<\/p>\n<p>Viens no sezonas gaid\u012bt\u0101kajiem notikumiem b\u016bs 6. decembra koncerts, kur\u0101 uz skatuves satiksies pasaulslavenais mandol\u012bnists Avi Avitals un latvie\u0161u akordeona zvaigzne Ksenija Sidorova. \u0160\u012b b\u016bs Ksenijas Sidorovas vien\u012bg\u0101 uzst\u0101\u0161an\u0101s Latvij\u0101 \u0161ogad. Koncert\u0101 gaid\u0101mas klasiskas v\u0113rt\u012bbas neierastos izpild\u012bjumos, temperament\u012bga m\u016bzika un kaisles pilnas melodijas no da\u017e\u0101d\u0101m pasaules kult\u016br\u0101m, radot neparastu dialogu starp diviem instrumentiem.<\/p>\n<p>Ziemassv\u0113tku laiku ievad\u012bs po\u013cu \u0113r\u0123elnieks Jans Bartolomejs Bok\u0161\u010da\u0146ins 14. decembr\u012b. Tam sekos sv\u0113tku koncerts &#8220;N\u0101kat iek\u0161\u0101, Ziemassv\u0113tki&#8221; 20. decembr\u012b ar Aiju Andrejevu, J\u0101ni Ai\u0161puru, Ventspils bigbendu un kameror\u0137estri. Savuk\u0101rt 21. decembr\u012b Ances Krauzes un Zigfr\u012bda Muktup\u0101vela koncertprogramma &#8220;Tik viegli un balti&#8221; rad\u012bs \u012bpa\u0161u sv\u0113tku noska\u0146ojumu.<\/p>\n<p>2025. gadu koncertz\u0101le &#8220;Latvija&#8221; nosl\u0113gs 26. decembr\u012b ar iespaid\u012bgu koncertprogrammu &#8220;Ziemassv\u0113tku v\u012bzijas&#8221;. Taj\u0101 uzst\u0101sies Per\u012bna Madefa (sopr\u0101ns), Liene Andreta Kalnciema (\u0113r\u0123eles) un Oskars Petrauskis (saksofons). Programmu papildin\u0101s komponista \u0112rika E\u0161envalda darbi, kas \u012bpa\u0161i rad\u012bti \u0161iem m\u0101ksliniekiem, radot unik\u0101lu un dv\u0113selisku nosl\u0113gumu gada nogalei.<\/p>\n","protected":false},"excerpt":{"rendered":"Ventspils koncertz\u0101le &#8220;Latvija&#8221; atkl\u0101j aizraujo\u0161u jauno sezonu Ventspils koncertz\u0101le &#8220;Latvija&#8221; uzs\u0101k jaunu, kr\u0101\u0161\u0146iem notikumiem bag\u0101tu sezonu, kas sola&hellip;\n","protected":false},"author":2,"featured_media":61701,"comment_status":"","ping_status":"","sticky":false,"template":"","format":"standard","meta":{"footnotes":""},"categories":[19],"tags":[89,90,35,39,38,36,37,34,40,5497],"class_list":{"0":"post-61700","1":"post","2":"type-post","3":"status-publish","4":"format-standard","5":"has-post-thumbnail","7":"category-izklaide","8":"tag-entertainment","9":"tag-izklaide","10":"tag-latvia","11":"tag-latvian","12":"tag-latviesu","13":"tag-latviesu-valoda","14":"tag-latviesuvaloda","15":"tag-latvija","16":"tag-lv","17":"tag-ventspils-koncertzale"},"share_on_mastodon":{"url":"https:\/\/pubeurope.com\/@lv\/115637268242869403","error":""},"_links":{"self":[{"href":"https:\/\/www.europesays.com\/lv\/wp-json\/wp\/v2\/posts\/61700","targetHints":{"allow":["GET"]}}],"collection":[{"href":"https:\/\/www.europesays.com\/lv\/wp-json\/wp\/v2\/posts"}],"about":[{"href":"https:\/\/www.europesays.com\/lv\/wp-json\/wp\/v2\/types\/post"}],"author":[{"embeddable":true,"href":"https:\/\/www.europesays.com\/lv\/wp-json\/wp\/v2\/users\/2"}],"replies":[{"embeddable":true,"href":"https:\/\/www.europesays.com\/lv\/wp-json\/wp\/v2\/comments?post=61700"}],"version-history":[{"count":0,"href":"https:\/\/www.europesays.com\/lv\/wp-json\/wp\/v2\/posts\/61700\/revisions"}],"wp:featuredmedia":[{"embeddable":true,"href":"https:\/\/www.europesays.com\/lv\/wp-json\/wp\/v2\/media\/61701"}],"wp:attachment":[{"href":"https:\/\/www.europesays.com\/lv\/wp-json\/wp\/v2\/media?parent=61700"}],"wp:term":[{"taxonomy":"category","embeddable":true,"href":"https:\/\/www.europesays.com\/lv\/wp-json\/wp\/v2\/categories?post=61700"},{"taxonomy":"post_tag","embeddable":true,"href":"https:\/\/www.europesays.com\/lv\/wp-json\/wp\/v2\/tags?post=61700"}],"curies":[{"name":"wp","href":"https:\/\/api.w.org\/{rel}","templated":true}]}}